{"id":20025,"date":"2020-05-01T22:17:27","date_gmt":"2020-05-01T22:17:27","guid":{"rendered":"https:\/\/redsemlac.com\/semmexico\/?p=20025"},"modified":"2023-07-21T16:18:51","modified_gmt":"2023-07-21T21:18:51","slug":"el-coronavirus-pone-en-riesgo-casi-1-millon-y-medio-de-empleos-en-mexico-32-mujeres","status":"publish","type":"post","link":"https:\/\/redsemlac.com\/semmexico\/el-coronavirus-pone-en-riesgo-casi-1-millon-y-medio-de-empleos-en-mexico-32-mujeres\/","title":{"rendered":"El coronavirus pone en riesgo casi 1 mill\u00f3n y medio de empleos en M\u00e9xico: 32 % mujeres"},"content":{"rendered":"\n<ul class=\"wp-block-list\"><li><strong>Economistas\nsugieren que el Gobierno utilice la deuda p\u00fablica para tener recursos que le\npermitan sortear la crisis por el Covid-19. <\/strong><\/li><li><strong>El\nmercado laboral mexicano resentir\u00e1 la crisis provocada por el coronavirus. <\/strong><\/li><li><strong>La\nlabor del gobierno para atender la crisis es \u00abinsuficiente\u00bb, afirma\nOxfam<\/strong><\/li><\/ul>\n\n\n\n<p class=\"wp-block-paragraph\"><strong>Con\ninformaci\u00f3n de Expansi\u00f3n, El Economista, El Financiero y Oxfan<\/strong><\/p>\n\n\n\n<p class=\"wp-block-paragraph\">SemM\u00e9xico. Ciudad de M\u00e9xico.\n01 de mayo 2020.- El n\u00famero de personas que perder\u00e1 su empleo en esta crisis\ndepender\u00e1 del impacto que tenga el coronavirus en la econom\u00eda y de las medidas\nque implemente el gobierno para tratar de preservarlos, aseguran\neconomistas.&nbsp;&nbsp;&nbsp;&nbsp; <\/p>\n\n\n\n<p class=\"wp-block-paragraph\">BBVA M\u00e9xico estima que tan\nsolo este a\u00f1o, 1.5 millones de personas podr\u00edan quedarse sin empleo si el\nProducto Interno Bruto se hunde -12%. Si la contracci\u00f3n es de -7%, habr\u00eda\n890,000 desempleados. El&nbsp; 32 por ciento\ncorresponde a mujeres, de las \u00e1reas de servicios, industrializaci\u00f3n del campo y\nsistemas.<\/p>\n\n\n\n<p class=\"wp-block-paragraph\">&nbsp;\u201cSi el pa\u00eds se contrae 12% habr\u00e1 1.5 millones\nde empleos perdidos y llevar\u00e1 m\u00e1s all\u00e1 del 2023 la recuperaci\u00f3n, por eso\nhablamos de la posibilidad de una d\u00e9cada perdida\u201d, asegur\u00f3 Carlos Serrano,\neconomista en jefe de BBVA M\u00e9xico.<\/p>\n\n\n\n<p class=\"wp-block-paragraph\">El escenario base del banco\nes que la econom\u00eda mexicana caiga 7% pues solo en caso de que el gobierno no\ntome medidas fiscales eficientes, el desplome ser\u00e1 de 12%.<\/p>\n\n\n\n<p class=\"wp-block-paragraph\">El banco ha sugerido la\nimplementaci\u00f3n de medidas fiscales que preserven el empleo y una de estas\nmedidas sugeridas tiene que ver con el endeudamiento p\u00fablico. Serrano dijo que\nel pa\u00eds requiere de un paquete de medidas equivalentes a 6 puntos del PIB para\nque la deuda llegue a niveles del 60%.<\/p>\n\n\n\n<p class=\"wp-block-paragraph\">BBVA M\u00e9xico no es el \u00fanico\nque ha sugerido esta medida, Rodolfo de la Torre, director especialista en\ndesarrollo social con equidad del Centro de Estudios Espinosa Yglesias (CEEY)\ndijo en entrevista que pese a que el gobierno no lo quiera, la deuda se elevar\u00e1\nde cualquier manera.<\/p>\n\n\n\n<p class=\"wp-block-paragraph\">\u201cLa deuda va a subir de\ncualquier modo pero creemos que deber\u00eda subir m\u00e1s y ser\u00eda factible que el\ngobierno anuncie 6 puntos del PIB y que se endeude por 60%. Ser\u00eda bien recibido\npor los mercados. Este paquete es temporal y una vez que termine la\ncontingencia este gasto se va a reducir\u201d, asegur\u00f3 de la Torre.<\/p>\n\n\n\n<p class=\"wp-block-paragraph\">De continuar la resistencia\ndel gobierno al endeudamiento, se corre el riesgo de que aumente no solo el\nn\u00famero de desempleados sino tambi\u00e9n el n\u00famero de pobres. Rodolfo de la Torre\nrecord\u00f3 que en la crisis de 1994 la pobreza alcanz\u00f3 al 70% de los mexicanos y\nadvirti\u00f3 que de seguir as\u00ed, el gobierno podr\u00eda aumentar esta cifra.<\/p>\n\n\n\n<p class=\"wp-block-paragraph\">\u201cLa deuda es el instrumento\npara un fin y en este caso el fin es evitar que cerca de 22 millones de\npersonas en los pr\u00f3ximos dos a\u00f1os caigan en la pobreza, que quienes tienen\nactualmente un trabajo formal queden desempleados\u201d, dijo.<\/p>\n\n\n\n<p class=\"wp-block-paragraph\">De acuerdo con las cifras\nm\u00e1s recientes, la tasa de desempleo en M\u00e9xico se ubic\u00f3 en 3.3% en marzo, una\ncifra inferior al 3.7% registrado en febrero.<\/p>\n\n\n\n<p class=\"wp-block-paragraph\"><strong>Ricardo Fuentes-Nieva,\ndirector ejecutivo de Oxfam M\u00e9xico, afirma que si el gobierno de AMLO no act\u00faa,\nla actual crisis econ\u00f3mica ser\u00e1 de largo plazo.<\/strong><\/p>\n\n\n\n<p class=\"wp-block-paragraph\">Inadecuada e insuficiente ha\nsido hasta ahora la respuesta del gobierno federal para amortiguar el impacto\nde las crisis econ\u00f3mica, social y sanitaria que enfrenta M\u00e9xico como\nconsecuencia de la pandemia del Covid-19, consider\u00f3 en entrevista el director\nejecutivo de Oxfam M\u00e9xico, Ricardo Fuentes-Nieva.<\/p>\n\n\n\n<p class=\"wp-block-paragraph\">Y es que, a decir de este\neconomista egresado del CIDE, la administraci\u00f3n federal tiene los recursos y la\ncapacidad para amortiguar los da\u00f1os de una futura recesi\u00f3n que amenaza con\ndesmontar la estructura econ\u00f3mica del pa\u00eds.<\/p>\n\n\n\n<p class=\"wp-block-paragraph\">Fuentes-Nieva platic\u00f3 con\nExpansi\u00f3n luego de que Oxfam M\u00e9xico presentar\u00e1 su estudio \u201cVivir al d\u00eda:\nmedidas para combatir la epidemia de desigualdad en M\u00e9xico\u201d, donde advierte que\nel coronavirus generar\u00e1 tres tipos de crisis: econ\u00f3mica, sanitaria y social.<\/p>\n\n\n\n<p class=\"wp-block-paragraph\"><strong>&#8211;\n\u00bfPor qu\u00e9 es tan peligrosa esta crisis?<\/strong><\/p>\n\n\n\n<p class=\"wp-block-paragraph\">Es una crisis hist\u00f3rica y\nglobal que no solo afecta a M\u00e9xico. Lo que es muy diferente es que la actividad\necon\u00f3mica del mundo se detuvo voluntariamente como una medida para evitar la\npropagaci\u00f3n del Covid-19, pero es muy distinto porque es una suspensi\u00f3n de la\nactividad econ\u00f3mica que no puede ser reiniciada hasta que se detenga la\npandemia.<\/p>\n\n\n\n<p class=\"wp-block-paragraph\">Y lo que es muy desafiante\nes c\u00f3mo mantienes la capacidad de la econom\u00eda de seguir canalizando recursos\nsobre todo a los trabajadores y a las personas que viven al d\u00eda.<\/p>\n\n\n\n<p class=\"wp-block-paragraph\"><strong>-\u00bfC\u00f3mo\neval\u00faas los anuncios que hasta el momento ha hecho el Gobierno federal?<\/strong><\/p>\n\n\n\n<p class=\"wp-block-paragraph\">El gobierno ha sido muy claro\nsobre el tema de la pandemia en materia sanitaria, pero ha sido mucho menos\nclaro en la crisis econ\u00f3mica y social. Lo que ha dicho el presidente es que las\nacciones de su gobierno antes de la pandemia ser\u00e1n suficientes para proteger el\nbienestar de los mexicanos. Desde nuestro punto de vista ese enfoque es\ninadecuado e insuficiente. Se necesita m\u00e1s gasto p\u00fablico que pueda proteger a\nlos trabajadores formales y a los que no cuentan con seguridad social.<\/p>\n\n\n\n<p class=\"wp-block-paragraph\"><strong>-\u00bfDe\nd\u00f3nde puede obtener los recursos para brindar los apoyos?<\/strong><\/p>\n\n\n\n<p class=\"wp-block-paragraph\">La semana pasada, la SHCP\npuso en el mercado internacional de deuda 6,000 mdd y el propio secretario de\nHacienda dijo que la demanda hab\u00eda sido cinco veces mayor. Entonces M\u00e9xico\ntiene acceso a ese mercado y al mismo tiempo tiene una l\u00ednea de cr\u00e9dito con el\nFMI que pod\u00eda ser utilizada inmediatamente y en estos momentos el rol del\nestado para resolver estas tres crisis es fundamental.<\/p>\n\n\n\n<p class=\"wp-block-paragraph\">De alguna manera es la\nnaturaleza de por qu\u00e9 existe el estado, para poder enfrentar estas crisis que\nlos actores privados y la sociedad organizada no tiene las herramientas para\nresolverlo y la deuda soberana es una de las maneras donde se pueden encontrar\nestos recursos para paliar estas tres crisis y estos peligros de desmontar la\nestructura econ\u00f3mica del pa\u00eds y hacer m\u00e1s profunda la recesi\u00f3n y el sufrimiento\nde las millones de personas que viven en probreza o en alg\u00fan tipo de\nvulnerablidad.<\/p>\n\n\n\n<p class=\"wp-block-paragraph\"><strong>\u00bfC\u00f3mo\nse deben implementar estos est\u00edmulos para evitar la generaci\u00f3n de incentivos\nnegativos?<\/strong><\/p>\n\n\n\n<p class=\"wp-block-paragraph\">Hay un mal dise\u00f1o de las pol\u00edticas\npresentadas, se ha hablado mucho de esos cr\u00e9ditos a la palabra para los cuales ser\u00edan\nelegibles las empresas que no despidieron a personas antes del efecto mayor del\ncoronavirus, cuando la verdad lo m\u00e1s sensato era dise\u00f1ar los cr\u00e9ditos y con una\ncondicionalidad de que no despidieran las personas a partir de que reciban los\ncr\u00e9ditos y ah\u00ed estamos hablando de incentivos mal utilizados.<\/p>\n\n\n\n<p class=\"wp-block-paragraph\">Yo creo que al final as\u00ed\ncomo el presidente ha indicado que es importat\u00edsimo que la respuestas\nsanitarias est\u00e9n en manos de los t\u00e9cnicos, yo creo que las respuestas\necon\u00f3micas tambi\u00e9n deber\u00edan estar en manos de las personas t\u00e9cnicas, que\nconocen el funcionamiento de la econom\u00eda Y tambi\u00e9n es important\u00edsimo que se\nescuchen las propuestas de la sociedad civil y de los distintos grupo\nacad\u00e9micos y empresariales.<\/p>\n\n\n\n<p class=\"wp-block-paragraph\"><strong>-\u00bfCu\u00e1nto\ncrees que deben durar los est\u00edmulos?<\/strong><\/p>\n\n\n\n<p class=\"wp-block-paragraph\">Depende de la duraci\u00f3n del\nconfinamiento sanitario pero tambi\u00e9n del impacto econ\u00f3mico. Nosotros creemos\nque deber\u00edan tener una duraci\u00f3n de al menos tres meses, pero estamos en una\nsituaci\u00f3n donde estamos revisando nuestras propuestas con una frecuencia\ninusual.<\/p>\n\n\n\n<p class=\"wp-block-paragraph\"><strong>\u00bfCrees\nque el tiempo se le est\u00e1 yendo de las manos al Gobierno?<\/strong><\/p>\n\n\n\n<p class=\"wp-block-paragraph\">M\u00e1s vale tarde que nunca. Yo\ncreo que estas medidas debieron de haberse tomado hace 5 o 6 semanas, pero el\ngolpe y la recesi\u00f3n potencial que se nos viene encima no se nos va a acabar. Si\nel gobierno no act\u00faa se puede convertir en una crisis econ\u00f3mica de muy largo\nplazo.<\/p>\n\n\n\n<p class=\"wp-block-paragraph\"><strong>\u00bfQu\u00e9\nprogramas de asistencia social deben cambiar ante este escenario?<\/strong><\/p>\n\n\n\n<p class=\"wp-block-paragraph\">Los tres programas\nprioritarios del gobierno se enfocan sobre todo en poblaciones o j\u00f3venes o de\nadultos mayores y la pandemia afecta mayormente a personas en edad de trabajar\nque est\u00e1n perdiendo empleos o la manera de c\u00f3mo generan ingresos y es ah\u00ed donde\nse deber\u00edan enfocar los programas, en ese grupo problacional que est\u00e1 entre 20\ny 60 a\u00f1os que est\u00e1 en edad laboral y no pueden acceder a la actividad econ\u00f3mica\nporque est\u00e1 parada.<\/p>\n\n\n\n<p class=\"wp-block-paragraph\"><strong>\u00bfHan\ntenido apertura por parte del gobierno a estos an\u00e1lisis?<\/strong><\/p>\n\n\n\n<p class=\"wp-block-paragraph\">No, no hemos podido\nestablecer conversaci\u00f3n, aunque hemos tratado de hacer llegar a distintos\ncanales las propuestas. Con el Congreso y el sector privado hemos tenido\nciertos acercamientos, pero lo que se necesita es una acci\u00f3n de ejecutivo.<\/p>\n\n\n\n<p class=\"wp-block-paragraph\">&nbsp;(Cortes\u00eda Oxfam)<\/p>\n\n\n\n<p class=\"wp-block-paragraph\">Sl\/sl<\/p>\n","protected":false},"excerpt":{"rendered":"<p>Economistas sugieren que el Gobierno utilice la deuda p\u00fablica para tener recursos que le permitan sortear la crisis por el Covid-19. <\/p>\n","protected":false},"author":3,"featured_media":20026,"comment_status":"open","ping_status":"open","sticky":false,"template":"","format":"standard","meta":{"_monsterinsights_skip_tracking":false,"footnotes":""},"categories":[691,54],"tags":[],"class_list":["post-20025","post","type-post","status-publish","format-standard","has-post-thumbnail","category-691","category-mujeres"],"_links":{"self":[{"href":"https:\/\/redsemlac.com\/semmexico\/wp-json\/wp\/v2\/posts\/20025","targetHints":{"allow":["GET"]}}],"collection":[{"href":"https:\/\/redsemlac.com\/semmexico\/wp-json\/wp\/v2\/posts"}],"about":[{"href":"https:\/\/redsemlac.com\/semmexico\/wp-json\/wp\/v2\/types\/post"}],"author":[{"embeddable":true,"href":"https:\/\/redsemlac.com\/semmexico\/wp-json\/wp\/v2\/users\/3"}],"replies":[{"embeddable":true,"href":"https:\/\/redsemlac.com\/semmexico\/wp-json\/wp\/v2\/comments?post=20025"}],"version-history":[{"count":0,"href":"https:\/\/redsemlac.com\/semmexico\/wp-json\/wp\/v2\/posts\/20025\/revisions"}],"wp:featuredmedia":[{"embeddable":true,"href":"https:\/\/redsemlac.com\/semmexico\/wp-json\/wp\/v2\/media\/20026"}],"wp:attachment":[{"href":"https:\/\/redsemlac.com\/semmexico\/wp-json\/wp\/v2\/media?parent=20025"}],"wp:term":[{"taxonomy":"category","embeddable":true,"href":"https:\/\/redsemlac.com\/semmexico\/wp-json\/wp\/v2\/categories?post=20025"},{"taxonomy":"post_tag","embeddable":true,"href":"https:\/\/redsemlac.com\/semmexico\/wp-json\/wp\/v2\/tags?post=20025"}],"curies":[{"name":"wp","href":"https:\/\/api.w.org\/{rel}","templated":true}]}}