{"id":20021,"date":"2020-05-01T22:07:46","date_gmt":"2020-05-01T22:07:46","guid":{"rendered":"https:\/\/redsemlac.com\/semmexico\/?p=20021"},"modified":"2023-07-21T16:18:51","modified_gmt":"2023-07-21T21:18:51","slug":"1-de-mayo-dia-internacional-del-trabajo-1-de-mayo-52-por-ciento-de-la-poblacion-en-empleo-informal","status":"publish","type":"post","link":"https:\/\/redsemlac.com\/semmexico\/1-de-mayo-dia-internacional-del-trabajo-1-de-mayo-52-por-ciento-de-la-poblacion-en-empleo-informal\/","title":{"rendered":"1 de Mayo: D\u00eda Internacional del Trabajo, 52 por ciento de la poblaci\u00f3n en empleo informal"},"content":{"rendered":"\n<ul class=\"wp-block-list\"><li><strong>INEGI\ninforma que 22 millones son mujeres de 15 a\u00f1os y m\u00e1s tienen trabajo, en la\nmanufactura el empleo cay\u00f3 el uno por ciento<\/strong><\/li><li><strong>Del\ntotal de trabajadores y trabajadoras, 61.2 por ciento no tiene seguridad social<\/strong><\/li><li><strong>14.6\npor ciento se ocupan en el servicio dom\u00e9stico, todav\u00eda 9.3 por ciento no tiene\npaga, mayor\u00eda mujeres.<\/strong><\/li><\/ul>\n\n\n\n<p class=\"wp-block-paragraph\"><strong>Por\nArgelia Guevara<\/strong><\/p>\n\n\n\n<p class=\"wp-block-paragraph\">SemM\u00e9xico. Ciudad de M\u00e9xico.\n01 de mayo 2020.- El Instituto de Geograf\u00eda y estad\u00edstica con motivo del\nPrimero de Mayo inform\u00f3 ayer que 16 millones de mexicanos y mexicanas son\ntrabajadores\/as informales, de ellos 61.2% son asalariadas sin seguridad\nsocial, 14.9% est\u00e1n en el autoempleo en agricultura, 14.6% en servicio\ndom\u00e9stico con paga y 9.3 por ciento no recibe paga. En este segmento de empleo\nla mayor\u00eda son mujeres.<\/p>\n\n\n\n<p class=\"wp-block-paragraph\">Asegura que del total de la\npoblaci\u00f3n de 15 y m\u00e1s a\u00f1os, 60.4% es econ\u00f3micamente activa, o sea 57.6 millones\ny de este grupo de poblaci\u00f3n, 96.6%, 55.6 millones est\u00e1 ocupada.<\/p>\n\n\n\n<p class=\"wp-block-paragraph\">Pero advierte que 31.3\nmillones de personas de 15 y m\u00e1s a\u00f1os est\u00e1n en empleo informal, lo que\nrepresenta 56.2% de la poblaci\u00f3n ocupada de acuerdo con los resultados de la\nEncuesta Nacional de Ocupaci\u00f3n y Empleo en el \u00faltimo trimestre de 2019.<\/p>\n\n\n\n<p class=\"wp-block-paragraph\">Desglosa que de la poblaci\u00f3n\nen empleo informal 15.3 millones est\u00e1 abiertamente en el sector m\u00e1s vulnerable,\ny 16 millones, consideradas informales est\u00e1n en el autoempleo en la\nagricultura, empleo no remunerado o carencia de seguridad social.<\/p>\n\n\n\n<p class=\"wp-block-paragraph\">El personal ocupado en los\nestablecimientos con programa Industria Manufacturera, Maquiladora y de\nServicios de Exportaci\u00f3n IMMEX observ\u00f3 una reducci\u00f3n de (-) 0.1% en febrero del\na\u00f1o en curso respecto al mes precedente, con cifras desestacionalizadas. <\/p>\n\n\n\n<p class=\"wp-block-paragraph\">Seg\u00fan el tipo de\nestablecimiento en el que labora, en los no manufactureros (que llevan a cabo\nactividades relativas a la agricultura, pesca, comercio y a los servicios)\ndescendi\u00f3 (-)0.6% y en los manufactureros (-)0.1% a tasa mensual.<\/p>\n\n\n\n<p class=\"wp-block-paragraph\">En el segundo mes de 2020,\nlas horas trabajadas aumentaron 1.5% frente a las de un mes antes: en los\nestablecimientos manufactureros subieron 1.6%, en tanto que en los no\nmanufactureros fueron menores en (-)0.9%, con series ajustadas por\nestacionalidad.<\/p>\n\n\n\n<p class=\"wp-block-paragraph\">Las remuneraciones medias\nreales pagadas al personal contratado directamente por los establecimientos con\nprograma IMMEX crecieron 0.6% durante febrero de 2020 en comparaci\u00f3n con las de\nenero pasado, seg\u00fan datos desestacionalizados. De manera desagregada, en las\nunidades econ\u00f3micas no manufactureras se incrementaron 0.9% y en las\nmanufactureras 0.6% en el lapso de un mes.<\/p>\n\n\n\n<p class=\"wp-block-paragraph\">A tasa anual, el personal\nocupado total report\u00f3 una ca\u00edda de (-)1%, mientras que las remuneraciones\nmedias reales fueron superiores en 3.5% y las horas trabajadas en 0.2%, en el\nsegundo mes de este a\u00f1o.<\/p>\n\n\n\n<p class=\"wp-block-paragraph\">Para conmemorar el D\u00eda del\nTrabajo, el Instituto Nacional de Estad\u00edstica y Geograf\u00eda (INEGI), presenta\ndatos actualizados de la poblaci\u00f3n ocupada en el empleo informal. En el marco\nde la coyuntura sanitaria que se vive actualmente es relevante contar con\ninformaci\u00f3n acerca de las condiciones laborales en las que est\u00e1 ocupada la\npoblaci\u00f3n, para medir el posible impacto que la COVID-19 podr\u00eda causar.<\/p>\n\n\n\n<p class=\"wp-block-paragraph\">Seg\u00fan datos de la Encuesta\nNacional de Ocupaci\u00f3n y Empleo (ENOE), para el cuarto trimestre de 2019, del\ntotal de la poblaci\u00f3n de 15 y m\u00e1s a\u00f1os (95.4 millones), 60.4% es econ\u00f3micamente\nactiva (57.6 millones) y de este grupo de poblaci\u00f3n, 96.6% (55.6 millones) est\u00e1\nocupada. Del total de personas ocupadas, 60.4% (33.6 millones) son hombres y\n39.6% (22 millones) son mujeres. Por sector de actividad econ\u00f3mica, 62.3% (34.6\nmillones) de las personas ocupadas trabajan en el sector servicios, 24.8% (13.8\nmillones) en el sector secundario y 12.4 % (6.9 millones) se ocupan en el\nsector primario.<\/p>\n\n\n\n<p class=\"wp-block-paragraph\">Anteriormente el empleo\ninformal se conformaba por la poblaci\u00f3n ocupada en el sector informal, que\nrefiere a quienes laboran en unidades econ\u00f3micas no agropecuarias, no\nconstituidas como empresas y que no cumplen con registros b\u00e1sicos de\nproveedores de bienes y servicios. Sin embargo, a partir de la XVII Conferencia\nInternacional de Estad\u00edsticos del Trabajo (CIET) se incluye a quienes, a pesar\nde estar fuera del sector informal, presentan condiciones laborales\nconsideradas informales, tales como el autoempleo en la agricultura, la no\nremuneraci\u00f3n o carencia de seguridad social (Instituto Nacional de Estad\u00edstica\ny Geograf\u00eda [INEGI], 2014, p.5).<\/p>\n\n\n\n<p class=\"wp-block-paragraph\">En M\u00e9xico, 31.3 millones de\npersonas de 15 y m\u00e1s a\u00f1os ocupadas se encuentran en el empleo informal, lo que\nrepresenta 56.2% de la poblaci\u00f3n ocupada.<\/p>\n\n\n\n<p class=\"wp-block-paragraph\">De la poblaci\u00f3n de 15 y m\u00e1s\na\u00f1os ocupada en el empleo informal, 48.8% (15.3 millones) forma parte del\nsector informal, en tanto que 51.2% (16 millones), presenta condiciones\nlaborales consideradas informales (por autoempleo en la agricultura, empleo no\nremunerado o carencia de seguridad social).<\/p>\n\n\n\n<p class=\"wp-block-paragraph\">La informalidad laboral est\u00e1\nmayormente presente en los extremos de los grupos etarios de la poblaci\u00f3n\nocupada, 82.1% de los j\u00f3venes de 15 a 19 a\u00f1os ocupados se emplean en la\ninformalidad, as\u00ed como 72.5% de la poblaci\u00f3n de 60 y m\u00e1s a\u00f1os.<\/p>\n\n\n\n<p class=\"wp-block-paragraph\">En relaci\u00f3n con el grupo de\npersonas ocupadas en el empleo informal por condiciones informales (16.0\nmillones), se encuentra que 61.2% son asalariadas sin seguridad social, 14.9%\nest\u00e1n en el autoempleo en agricultura, 14.6% en servicio dom\u00e9stico que es remunerado,\npero no cuenta con seguridad social, y 9.3% son trabajadores(as) sin pago.<\/p>\n\n\n\n<p class=\"wp-block-paragraph\">Quienes viven en localidades\ncon menos de 15 000 habitantes, participan m\u00e1s en el empleo informal con 74.0%,\nsituaci\u00f3n que disminuye a 46.7% para los que viven en localidades de 15 000 o\nm\u00e1s habitantes.<\/p>\n\n\n\n<p class=\"wp-block-paragraph\">El 34.3% de los ocupados en\nel sector formal tienen secundaria o un menor nivel de escolaridad en tanto que\nla participaci\u00f3n de los ocupados en el empleo informal con este nivel escolar\nse incrementa a 67.6 por ciento.<\/p>\n\n\n\n<p class=\"wp-block-paragraph\">SEM\/ag<\/p>\n","protected":false},"excerpt":{"rendered":"<p>14.6 por ciento se ocupan en el servicio dom\u00e9stico, todav\u00eda 9.3 por ciento no tiene paga, mayor\u00eda mujeres.<\/p>\n","protected":false},"author":3,"featured_media":20022,"comment_status":"open","ping_status":"open","sticky":false,"template":"","format":"standard","meta":{"_monsterinsights_skip_tracking":false,"footnotes":""},"categories":[691,54],"tags":[],"class_list":["post-20021","post","type-post","status-publish","format-standard","has-post-thumbnail","category-691","category-mujeres"],"_links":{"self":[{"href":"https:\/\/redsemlac.com\/semmexico\/wp-json\/wp\/v2\/posts\/20021","targetHints":{"allow":["GET"]}}],"collection":[{"href":"https:\/\/redsemlac.com\/semmexico\/wp-json\/wp\/v2\/posts"}],"about":[{"href":"https:\/\/redsemlac.com\/semmexico\/wp-json\/wp\/v2\/types\/post"}],"author":[{"embeddable":true,"href":"https:\/\/redsemlac.com\/semmexico\/wp-json\/wp\/v2\/users\/3"}],"replies":[{"embeddable":true,"href":"https:\/\/redsemlac.com\/semmexico\/wp-json\/wp\/v2\/comments?post=20021"}],"version-history":[{"count":0,"href":"https:\/\/redsemlac.com\/semmexico\/wp-json\/wp\/v2\/posts\/20021\/revisions"}],"wp:featuredmedia":[{"embeddable":true,"href":"https:\/\/redsemlac.com\/semmexico\/wp-json\/wp\/v2\/media\/20022"}],"wp:attachment":[{"href":"https:\/\/redsemlac.com\/semmexico\/wp-json\/wp\/v2\/media?parent=20021"}],"wp:term":[{"taxonomy":"category","embeddable":true,"href":"https:\/\/redsemlac.com\/semmexico\/wp-json\/wp\/v2\/categories?post=20021"},{"taxonomy":"post_tag","embeddable":true,"href":"https:\/\/redsemlac.com\/semmexico\/wp-json\/wp\/v2\/tags?post=20021"}],"curies":[{"name":"wp","href":"https:\/\/api.w.org\/{rel}","templated":true}]}}