{"id":19935,"date":"2020-04-29T18:31:53","date_gmt":"2020-04-29T18:31:53","guid":{"rendered":"https:\/\/redsemlac.com\/semmexico\/?p=19935"},"modified":"2023-07-21T15:26:58","modified_gmt":"2023-07-21T20:26:58","slug":"opinion-480","status":"publish","type":"post","link":"https:\/\/redsemlac.com\/semmexico\/opinion-480\/","title":{"rendered":"Mirada Violeta"},"content":{"rendered":"\n<h2 class=\"wp-block-heading\"><strong>Muertes prevenibles<\/strong> <\/h2>\n\n\n\n<p class=\"wp-block-paragraph\"><strong>Lupita Ramos Ponce<\/strong><\/p>\n\n\n\n<p class=\"wp-block-paragraph\">SemM\u00e9xico. 29 de abril 2020.- Desde marzo de este a\u00f1o, la Organizaci\u00f3n\nMundial de la Salud (OMS),&nbsp; advirti\u00f3 &nbsp;que el colapso del sistema sanitario por el\ncoronavirus aumentar\u00eda dr\u00e1sticamente las muertes prevenibles. El director general de la OMS hizo entonces un llamado para que los\ngobiernos facilitaran a las empresas la fabricaci\u00f3n de productos sanitarios. Tedros Adhanom Ghebreyesus, adverti\u00f3 que los colapsos en el\nsistema sanitario debido a la pandemia del coronavirus podr\u00edan \u201caumentar dr\u00e1sticamente\u00bb\nlas muertes de pacientes con otras enfermedades y se\u00f1al\u00f3: \u00abLa pandemia de\nCovid-19 est\u00e1 ejerciendo presi\u00f3n sobre los sistemas de salud de muchos pa\u00edses. <\/p>\n\n\n\n<p class=\"wp-block-paragraph\">El r\u00e1pido aumento de la demanda de\ninstalaciones y profesionales sanitarios amenaza con dejar algunos sistemas de\nsalud sobrecargados e incapaces de funcionar eficazmente. Los brotes anteriores\nhan demostrado que cuando los sistemas de salud est\u00e1n colapsados,&nbsp;las muertes por enfermedades prevenibles y tratables con vacunas aumentan\ndr\u00e1sticamente\u00bb,\ninsisti\u00f3 tambi\u00e9n que aunque los sistemas sanitarios de todo el mundo se\nencuentren \u00aben medio de una crisis\u00bb, los servicios de salud\nesenciales \u00abdeben continuar\u00bb. \u00abLos beb\u00e9s todav\u00eda est\u00e1n naciendo,\nlas vacunas deben ser administradas y la gente todav\u00eda necesita tratamiento\npara salvar vidas en una serie de otras enfermedades\u00bb.<\/p>\n\n\n\n<p class=\"wp-block-paragraph\">En este contexto, la OMS ha publicado\nuna gu\u00eda para ayudar a los pa\u00edses a equilibrar las exigencias de responder\ndirectamente al coronavirus, manteniendo al mismo tiempo los servicios de salud\nesenciales. Por ejemplo, instan a garantizar las vacunaciones ordinarias\ndurante el embarazo y el parto, as\u00ed como el tratamiento de enfermedades\ninfecciosas y no transmisibles y condiciones de salud mental, junto con los\nservicios de donaci\u00f3n de sangre. Igualmente, la OMS ha publicado un manual que\ndetalla c\u00f3mo establecer y gestionar centros de tratamiento del coronavirus y a\nla vez mantener los servicios esenciales. Entre otras cosas, aconseja la\ninstalaci\u00f3n de triaje en los centros de salud utilizando un edificio espec\u00edfico\no en hospital de campa\u00f1a, instalaciones comunitarias para atender a pacientes\nde leves y un centro de tratamiento, reutilizando las salas de un hospital o\ntodo el hospital o estableciendo uno nuevo de campa\u00f1a. He le\u00eddo \u00faltimamente en\nlas redes sociales las quejas de diversas usuarias y usuarios del sistema de\nsalud que se quejan que de pronto dejaron de recibir su consulta m\u00e9dica para la\natenci\u00f3n de sus enfermedades preexistentes, sin duda, este se\u00f1alamiento de la\nOMS debe ser atendido cabalmente para evitar que las defunciones por todas esas\nmuertes prevenibles, terminen siendo mayores que las ocasionadas por el propio\nCOVID19. <\/p>\n\n\n\n<p class=\"wp-block-paragraph\">Y a prop\u00f3sito de muertes prevenibles,\nsin duda el Feminicidio es una de ellas; todos esos asesinatos de mujeres son\ntotalmente prevenibles y evitables. Las 55 mujeres asesinadas al d\u00eda de hoy en\nJalisco durante el 2020 no debieron morir. Si el Estado atendiera con la misma\npreocupaci\u00f3n los feminicidios y estableciera las medidas urgentes y necesarias\npara evitarlos, que incluyeran&nbsp; encierro\nde los agresores, \u201cdistanciamiento social\u201d de la violencia machista y la\nmovilizaci\u00f3n de todos los \u00f3rdenes de gobierno para acabar con la pandemia del\nfeminicidio; seguramente ya contar\u00edamos con las vacunas necesarias contra el\nmachismo y las nuevas generaciones crecer\u00edan inmunes y no habr\u00eda en el futuro\nuna sola mujer asesinada m\u00e1s.<\/p>\n\n\n\n<p class=\"wp-block-paragraph\">&nbsp;\n<a href=\"mailto:lupitaramosponce@gmail.com\">lupitaramosponce@gmail.com<\/a> <\/p>\n\n\n\n<p class=\"wp-block-paragraph\">@lupitaramosp<\/p>\n","protected":false},"excerpt":{"rendered":"<p>Muertes prevenibles <\/p>\n","protected":false},"author":3,"featured_media":8967,"comment_status":"open","ping_status":"open","sticky":false,"template":"","format":"standard","meta":{"_monsterinsights_skip_tracking":false,"footnotes":""},"categories":[691,110,91],"tags":[],"class_list":["post-19935","post","type-post","status-publish","format-standard","has-post-thumbnail","category-691","category-la-opinion-columnas","category-lupita-ramos-ponce"],"_links":{"self":[{"href":"https:\/\/redsemlac.com\/semmexico\/wp-json\/wp\/v2\/posts\/19935","targetHints":{"allow":["GET"]}}],"collection":[{"href":"https:\/\/redsemlac.com\/semmexico\/wp-json\/wp\/v2\/posts"}],"about":[{"href":"https:\/\/redsemlac.com\/semmexico\/wp-json\/wp\/v2\/types\/post"}],"author":[{"embeddable":true,"href":"https:\/\/redsemlac.com\/semmexico\/wp-json\/wp\/v2\/users\/3"}],"replies":[{"embeddable":true,"href":"https:\/\/redsemlac.com\/semmexico\/wp-json\/wp\/v2\/comments?post=19935"}],"version-history":[{"count":0,"href":"https:\/\/redsemlac.com\/semmexico\/wp-json\/wp\/v2\/posts\/19935\/revisions"}],"wp:featuredmedia":[{"embeddable":true,"href":"https:\/\/redsemlac.com\/semmexico\/wp-json\/wp\/v2\/media\/8967"}],"wp:attachment":[{"href":"https:\/\/redsemlac.com\/semmexico\/wp-json\/wp\/v2\/media?parent=19935"}],"wp:term":[{"taxonomy":"category","embeddable":true,"href":"https:\/\/redsemlac.com\/semmexico\/wp-json\/wp\/v2\/categories?post=19935"},{"taxonomy":"post_tag","embeddable":true,"href":"https:\/\/redsemlac.com\/semmexico\/wp-json\/wp\/v2\/tags?post=19935"}],"curies":[{"name":"wp","href":"https:\/\/api.w.org\/{rel}","templated":true}]}}