{"id":19929,"date":"2020-04-28T22:11:11","date_gmt":"2020-04-28T22:11:11","guid":{"rendered":"https:\/\/redsemlac.com\/semmexico\/?p=19929"},"modified":"2023-07-21T15:26:58","modified_gmt":"2023-07-21T20:26:58","slug":"mujeres-lesbianas-travestis-trans-y-no-binaries-lanzan-declaracion-por-el-primero-de-mayo","status":"publish","type":"post","link":"https:\/\/redsemlac.com\/semmexico\/mujeres-lesbianas-travestis-trans-y-no-binaries-lanzan-declaracion-por-el-primero-de-mayo\/","title":{"rendered":"Mujeres, lesbianas, travestis, trans y no binaries lanzan declaraci\u00f3n por el primero de mayo"},"content":{"rendered":"\n<ul class=\"wp-block-list\"><li><strong>Trabajos necesarios para la\nreproducci\u00f3n social, los m\u00e1s explotados, feminizados, racializados y precarios<\/strong><\/li><li><strong>Pandemia de COVID 19 visibiliza la\ncrisis capitalista y patriarcal<\/strong><\/li><\/ul>\n\n\n\n<p class=\"wp-block-paragraph\"><strong>Por Elda Montiel <\/strong><\/p>\n\n\n\n<p class=\"wp-block-paragraph\">SemM\u00e9xico,\nCd. de M\u00e9xico, 28 de abril de 2020.- Por un primero de mayo feminista transnacional\ny convencidas de que la sociedad puede ser organizada sobre nuevas bases, donde\nes posible una vida sin violencia patriarcal ni racista y libre de explotaci\u00f3n,\nse pronunciaron les y las trabajadoras del mundo en la lucha por sus derechos,\nen lo que se denomina la Declaraci\u00f3n del 1\u00ba de Mayo Transfronterizo.<\/p>\n\n\n\n<p class=\"wp-block-paragraph\">La pandemia\nmundial de COVID 19 ha visibilizado a\u00fan m\u00e1s no s\u00f3lo la crisis capitalista\npatriarcal, sino que ha mostrado claramente que los trabajos necesarios para la\nreproducci\u00f3n social son los m\u00e1s explotados, feminizados, racializados y\nprecarios, puntualiz\u00f3 Feministas con voz de Ma\u00edz en la declaraci\u00f3n en donde se\nllama a les y las trabajadoras a la unidad para protestar contra la violencia\nen una sociedad que las oprime y mata.<\/p>\n\n\n\n<p class=\"wp-block-paragraph\">En su\nconvocatoria por el D\u00eda Internacional del Trabajo, expusieron la situaci\u00f3n por\nla que atraviesan millones de trabajadoras y trabajadores durante esta pandemia,\npues siguen trabajando en los almacenes log\u00edsticos sin protecci\u00f3n y con bajos\nsalarios. En las c\u00e1rceles, las personas detenidas est\u00e1n denunciando condiciones\ninhumanas de reclusi\u00f3n y ausencia de protecci\u00f3n. Las personas migrantes revelan\nsaturaci\u00f3n en los centros de internamiento y reclaman sus papeles.<\/p>\n\n\n\n<p class=\"wp-block-paragraph\">En las\nf\u00e1bricas surgen huelgas reclamando que s\u00f3lo se sostengan las actividades\nimprescindibles y en condicione dignas, mientras que millones de trabajadoras\nde la salud y obreras trabajan sin pausa con bajos salarios y sin condiciones\ndignas, poniendo cada d\u00eda su vida en peligro. <\/p>\n\n\n\n<p class=\"wp-block-paragraph\">Miles de\ntrabajadoras del hogar son despedidas sin recibir ning\u00fan subsidio, en tanto que\nmillones de mujeres se ven sobrecargadas de trabajo de cuidado, y millones de\ntrabajadoras y trabajadores informales de las econom\u00edas populares y\nprecarizadas se encuentran sin empleo.<\/p>\n\n\n\n<p class=\"wp-block-paragraph\">Estamos ante\nuna crisis de la reproducci\u00f3n de la vida que precariza e intensifica a\u00fan m\u00e1s el\ntrabajo productivo y reproductivo que realizamos las mujeres, lesbianas,\ntravestis, trans y no binaries, por lo que en esta iniciativa consideraron\nurgente transformar la sociedad y sus desigualdades en su conjunto.<\/p>\n\n\n\n<p class=\"wp-block-paragraph\">Advierten que\ndurante la pandemia \u2014incluso, en los pr\u00f3ximos meses\u2014 el trabajo reproductivo se\nha convertido en un campo de lucha para contestar a la divisi\u00f3n sexual y\nracista, con la demanda de la socializaci\u00f3n de trabajo de cuidado, una atenci\u00f3n\nintegral en salud y el reforzamiento de los servicios b\u00e1sicos. Adem\u00e1s, para poder\nabortar de manera segura, libre y gratuita y no endeudarse m\u00e1s para disponer de\nsus libertades.<\/p>\n\n\n\n<p class=\"wp-block-paragraph\">Llaman a que\nlos derechos a la salud mental, sexual y (no) reproductiva sean reconocidas\ncomo derechos esenciales. Queremos, dicen, \u201cuna salida feminista\ntransfronteriza de la crisis para no volver a una normalidad hecha de\ndesigualdades y violencias\u201d. <\/p>\n\n\n\n<p class=\"wp-block-paragraph\">Exigen que\ntodas las tareas no indispensables para sostener y cuidar la vida sean\nsuspendidas: \u00a1Los trabajos ser\u00e1n para sostener la vida o no ser\u00e1n!, y\nreclamaron, tambi\u00e9n, poner fin a la subordinaci\u00f3n, la explotaci\u00f3n, la\nprecarizaci\u00f3n y a que nos provean de las protecciones contra el virus en los trabajos\nesenciales.<\/p>\n\n\n\n<p class=\"wp-block-paragraph\">\u201cLo que la huelga\nfemenina global nos ense\u00f1\u00f3 es que, cuando estamos juntes somos fuertes, y m\u00e1s\nahora que nunca, tenemos que levantar nuestras voces en la misma direcci\u00f3n para\npoder evitar la fragmentaci\u00f3n que la pandemia parece imponer\u201d, indicaron, al\nreferirse al movimiento del pasado 8 y 9 de marzo, donde se mostr\u00f3 la potencia\nfeminista en el mundo, al desbordar las calles en la marcha y sumarse al paro\ndel d\u00eda siguiente.<\/p>\n\n\n\n<p class=\"wp-block-paragraph\">SEM\/em\/glg<\/p>\n","protected":false},"excerpt":{"rendered":"<p>Pandemia de COVID 19 visibiliza la crisis capitalista y patriarcal<\/p>\n","protected":false},"author":3,"featured_media":19930,"comment_status":"open","ping_status":"open","sticky":false,"template":"","format":"standard","meta":{"_monsterinsights_skip_tracking":false,"footnotes":""},"categories":[691,54],"tags":[],"class_list":["post-19929","post","type-post","status-publish","format-standard","has-post-thumbnail","category-691","category-mujeres"],"_links":{"self":[{"href":"https:\/\/redsemlac.com\/semmexico\/wp-json\/wp\/v2\/posts\/19929","targetHints":{"allow":["GET"]}}],"collection":[{"href":"https:\/\/redsemlac.com\/semmexico\/wp-json\/wp\/v2\/posts"}],"about":[{"href":"https:\/\/redsemlac.com\/semmexico\/wp-json\/wp\/v2\/types\/post"}],"author":[{"embeddable":true,"href":"https:\/\/redsemlac.com\/semmexico\/wp-json\/wp\/v2\/users\/3"}],"replies":[{"embeddable":true,"href":"https:\/\/redsemlac.com\/semmexico\/wp-json\/wp\/v2\/comments?post=19929"}],"version-history":[{"count":0,"href":"https:\/\/redsemlac.com\/semmexico\/wp-json\/wp\/v2\/posts\/19929\/revisions"}],"wp:featuredmedia":[{"embeddable":true,"href":"https:\/\/redsemlac.com\/semmexico\/wp-json\/wp\/v2\/media\/19930"}],"wp:attachment":[{"href":"https:\/\/redsemlac.com\/semmexico\/wp-json\/wp\/v2\/media?parent=19929"}],"wp:term":[{"taxonomy":"category","embeddable":true,"href":"https:\/\/redsemlac.com\/semmexico\/wp-json\/wp\/v2\/categories?post=19929"},{"taxonomy":"post_tag","embeddable":true,"href":"https:\/\/redsemlac.com\/semmexico\/wp-json\/wp\/v2\/tags?post=19929"}],"curies":[{"name":"wp","href":"https:\/\/api.w.org\/{rel}","templated":true}]}}