{"id":19926,"date":"2020-04-28T20:04:01","date_gmt":"2020-04-28T20:04:01","guid":{"rendered":"https:\/\/redsemlac.com\/semmexico\/?p=19926"},"modified":"2023-07-21T15:26:58","modified_gmt":"2023-07-21T20:26:58","slug":"piden-360-organizaciones-y-activistas-feministas-indulto-por-razones-humanitarias-para-mujeres-en-reclusion","status":"publish","type":"post","link":"https:\/\/redsemlac.com\/semmexico\/piden-360-organizaciones-y-activistas-feministas-indulto-por-razones-humanitarias-para-mujeres-en-reclusion\/","title":{"rendered":"Piden 360 organizaciones y activistas feministas indulto por razones humanitarias para mujeres en reclusi\u00f3n"},"content":{"rendered":"\n<ul class=\"wp-block-list\"><li><strong>La propuesta, ante las consecuencias\nimprevisibles de la COVID19<\/strong><\/li><li><strong>El llamado, a los mandatarios de las\n32 entidades federativas<\/strong><\/li><\/ul>\n\n\n\n<p class=\"wp-block-paragraph\"><strong>Por\nElda Montiel <\/strong><\/p>\n\n\n\n<p class=\"wp-block-paragraph\">SemM\u00e9xico, Cd.\nde M\u00e9xico, 28 de abril de 2020.- Ante la situaci\u00f3n tan grave que vivimos como\npa\u00eds y las consecuencias a\u00fan impredecibles por la pandemia de la COVID19, m\u00e1s\nde 360 organizaciones, activistas, feministas y ciudadanas y ciudadanos solicitaron\na gobernantes de las 32 entidades federativas decretar el indulto por razones humanitarias\npara mujeres que cumplen una condena.<\/p>\n\n\n\n<p class=\"wp-block-paragraph\">Argumentaron que resulta\ncentral aplicarlas para la atenci\u00f3n y protecci\u00f3n de los derechos humanos para las\nmujeres en reclusi\u00f3n, con base en las facultades que las constituciones\nestatales les conceden en la materia.<\/p>\n\n\n\n<p class=\"wp-block-paragraph\">Dicho indulto,\nprecisan, ser\u00eda para las mujeres que se encuentran cumpliendo una condena que\ntienen con ellas a sus hijos menores de edad, que est\u00e1n embarazadas, con dependientes\necon\u00f3micos, que sean primodelincuentes, mayores de 65 a\u00f1os y quienes no ten\u00edan\narmas al cometer el delito.<\/p>\n\n\n\n<p class=\"wp-block-paragraph\">Como sustento de la\nmedida, aludieron a la aprobaci\u00f3n en 2010 de las\nReglas para el Tratamiento de las Reclusas y Medidas No Privativas de la\nLibertad para las Mujeres Delincuentes o Reglas de Bangkok. Asimismo,\nmencionaron el acuerdo a la Resoluci\u00f3n 58\/183 de 2003, de la Asamblea General de las Naciones Unidas, en el que insta\na gobiernos, organismos e instituciones, a que \u201cprestasen mayor atenci\u00f3n a la cuesti\u00f3n de las mujeres que se\nencontraban en prisi\u00f3n, incluidos los hijos con el fin de identificar los\nproblemas fundamentales y los modos de abordarlos\u201d.<\/p>\n\n\n\n<p class=\"wp-block-paragraph\">SEM\/em\/glg<\/p>\n","protected":false},"excerpt":{"rendered":"<p>El llamado, a los mandatarios de las 32 entidades federativas<\/p>\n","protected":false},"author":3,"featured_media":19927,"comment_status":"open","ping_status":"open","sticky":false,"template":"","format":"standard","meta":{"_monsterinsights_skip_tracking":false,"footnotes":""},"categories":[691,135],"tags":[],"class_list":["post-19926","post","type-post","status-publish","format-standard","has-post-thumbnail","category-691","category-emergencia-sanitaria-covid-19"],"_links":{"self":[{"href":"https:\/\/redsemlac.com\/semmexico\/wp-json\/wp\/v2\/posts\/19926","targetHints":{"allow":["GET"]}}],"collection":[{"href":"https:\/\/redsemlac.com\/semmexico\/wp-json\/wp\/v2\/posts"}],"about":[{"href":"https:\/\/redsemlac.com\/semmexico\/wp-json\/wp\/v2\/types\/post"}],"author":[{"embeddable":true,"href":"https:\/\/redsemlac.com\/semmexico\/wp-json\/wp\/v2\/users\/3"}],"replies":[{"embeddable":true,"href":"https:\/\/redsemlac.com\/semmexico\/wp-json\/wp\/v2\/comments?post=19926"}],"version-history":[{"count":0,"href":"https:\/\/redsemlac.com\/semmexico\/wp-json\/wp\/v2\/posts\/19926\/revisions"}],"wp:featuredmedia":[{"embeddable":true,"href":"https:\/\/redsemlac.com\/semmexico\/wp-json\/wp\/v2\/media\/19927"}],"wp:attachment":[{"href":"https:\/\/redsemlac.com\/semmexico\/wp-json\/wp\/v2\/media?parent=19926"}],"wp:term":[{"taxonomy":"category","embeddable":true,"href":"https:\/\/redsemlac.com\/semmexico\/wp-json\/wp\/v2\/categories?post=19926"},{"taxonomy":"post_tag","embeddable":true,"href":"https:\/\/redsemlac.com\/semmexico\/wp-json\/wp\/v2\/tags?post=19926"}],"curies":[{"name":"wp","href":"https:\/\/api.w.org\/{rel}","templated":true}]}}