{"id":19923,"date":"2020-04-28T19:55:32","date_gmt":"2020-04-28T19:55:32","guid":{"rendered":"https:\/\/redsemlac.com\/semmexico\/?p=19923"},"modified":"2023-07-21T15:26:58","modified_gmt":"2023-07-21T20:26:58","slug":"opinion-479","status":"publish","type":"post","link":"https:\/\/redsemlac.com\/semmexico\/opinion-479\/","title":{"rendered":"Juego de Palabras"},"content":{"rendered":"\n<h2 class=\"wp-block-heading\"> <strong>Conciencia ciudadana<\/strong> <\/h2>\n\n\n\n<p class=\"wp-block-paragraph\"><strong>Yaneth Tamayo\u00a0\u00c1valos<\/strong><\/p>\n\n\n\n<p class=\"wp-block-paragraph\">SemM\u00e9xico. 28 de abril de 2020.- Uno de los temas a los que he hecho referencia en entregas pasadas es lo referente a la corresponsabilidad ciudadana.&nbsp;Este tema en especial ha tomado relevancia en la actual contingencia sanitaria,&nbsp;debido a los comportamientos que han mostrado algunas personas&nbsp;en donde tales acciones&nbsp;a simple vista parecieran no tener relevancia.<\/p>\n\n\n\n<p class=\"wp-block-paragraph\">Incluso&nbsp;tales comportamientos&nbsp;se han justificado bajo calificativos de necedad e ignorancia,&nbsp;minimizando y en cierto modo&nbsp;invisibilizando&nbsp;un&nbsp;problema real.<\/p>\n\n\n\n<p class=\"wp-block-paragraph\">Cabe aclarar que, dentro del grupo de personas al que me refiero no incluyo a las que por necesidad tienen que salir a desempe\u00f1ar sus actividades, pues es claro que en M\u00e9xico no existe la posibilidad econ\u00f3mica para que de forma equitativa e igualitaria todas las personas se queden en casa.<\/p>\n\n\n\n<p class=\"wp-block-paragraph\">Ni mucho menos es intenci\u00f3n se\u00f1alar a las personas que por determinadas razones no comparten la idea de colaborar&nbsp;en equipo y de forma organizada.<\/p>\n\n\n\n<p class=\"wp-block-paragraph\">Pero s\u00ed&nbsp;la de visibilizar el impacto real que se da cuando las personas no ejercen su corresponsabilidad en la comunidad en donde se desenvuelven.&nbsp;<\/p>\n\n\n\n<p class=\"wp-block-paragraph\">Para comenzar, es necesario tener en claro que la corresponsabilidad se trata de la responsabilidad compartida que se tiene con otra u otras personas en donde existe un reparto justo y equitativo de responsabilidades familiares, profesionales y sociales entre mujeres y hombres de una misma unidad de convivencia.<\/p>\n\n\n\n<p class=\"wp-block-paragraph\">En donde adem\u00e1s&nbsp;esta&nbsp;se comparte con el Estado y con el mercado,&nbsp;quienes en conjunto con la ciudadan\u00eda son los agentes responsables de la generaci\u00f3n de bienestar de la poblaci\u00f3n.<\/p>\n\n\n\n<p class=\"wp-block-paragraph\">Sin embargo, cuando uno o varios de los agentes no cumplen con su responsabilidad, es otro quien se tiene que responsabilizar de realizar las tareas que no se llevan acabo; ya que como se ha dicho, son trabajos necesarios para el sostenimiento de la vida, de modo que, si el Estado y la ciudadan\u00eda no cumplen, ser\u00e1n otras personas, organismos o instituciones quienes tendr\u00e1n que realizar dicho trabajo de cuidado, pudiendo ser adecuado o no.<\/p>\n\n\n\n<p class=\"wp-block-paragraph\">Sea, a modo de ejemplo las restricciones de movilidad que algunas entidades federativas han tratado de implementar debido a la baja respuesta de medidas sanitarias de algunas personas.<\/p>\n\n\n\n<p class=\"wp-block-paragraph\">En este caso el 20 de abril del presente a\u00f1o, el Gobernador de Michoac\u00e1n emiti\u00f3 un decreto como medida extrema, en el cual se determin\u00f3 el confinamiento obligatorio sin excepci\u00f3n y de manera estricta a personas que no&nbsp;participaban&nbsp;en actividades laborales esenciales,&nbsp;bajo el ultimato de ser sancionadas, sin que con tal medida se contemplara a personas que por razones econ\u00f3micas y por la informalidad de sus trabajos no pod\u00edan resguardarse.&nbsp;<\/p>\n\n\n\n<p class=\"wp-block-paragraph\">Decreto que, si bien fue declarado inconstitucional, sigue siendo una pretensi\u00f3n de otras entidades federativas.<\/p>\n\n\n\n<p class=\"wp-block-paragraph\">Otro ejemplo que se puede analizar, es el caso de la seguridad ciudadana de algunas entidades, en donde los agentes policiales est\u00e1n dedicando su atenci\u00f3n en hacer que su ciudadan\u00eda cumpla con las medidas sanitarias y de confinamiento; situaci\u00f3n que les dificulta atender sus obligaciones y dar asistencia inmediata a personas que han sido v\u00edctimas de alg\u00fan delito.&nbsp;<\/p>\n\n\n\n<p class=\"wp-block-paragraph\">Los anteriores ejemplos, muestran como la falta de participaci\u00f3n ciudadana y de responsabilidad compartida de unos cuantos, perjudican en conjunto a la sociedad y no solo por lo que ve a la diseminaci\u00f3n del virus, sino porque tales acciones contribuyen a que otras personas sean privadas o restringidas en derechos y libertades.<\/p>\n\n\n\n<p class=\"wp-block-paragraph\">Lo cual propicia desigualdad, rezago social y por ende violaciones a derechos humanos.<\/p>\n\n\n\n<p class=\"wp-block-paragraph\">Respecto de este tema, han surgido opiniones encontradas&nbsp;durante los d\u00edas que ha transcurrido el aislamiento, estas han estado divididas entre las personas que ven necesario un aislamiento forzado mediante la coacci\u00f3n y las que toman con resignaci\u00f3n la falta de responsabilidad de la ciudadan\u00eda que se niega a cooperar.<\/p>\n\n\n\n<p class=\"wp-block-paragraph\">Ambas posturas son entendibles&nbsp;ante&nbsp;el deseo&nbsp;de&nbsp;que la situaci\u00f3n de emergencia termine, pero tal pretensi\u00f3n puede&nbsp;generar que se intente recurrir a medidas dr\u00e1sticas, las cuales en determinado momento pueden provocar&nbsp;violaciones a derechos humanos.<\/p>\n\n\n\n<p class=\"wp-block-paragraph\">Para concluir, es necesario que en estos tiempos de incertidumbre&nbsp;se tenga&nbsp;especial cuidado con la implementaci\u00f3n de&nbsp;medidas arbitrarias y fuera de desproporci\u00f3n;&nbsp;la ciudadan\u00eda&nbsp;debe estar al alba no solo de los comunicados de salud, sino tambi\u00e9n de las medidas, decretos e iniciativas que las autoridades emitan.<\/p>\n\n\n\n<p class=\"wp-block-paragraph\">Esta contingencia debe ser vista como una evaluaci\u00f3n al actuar del Estado y la ciudadan\u00eda, frente a la conservaci\u00f3n,&nbsp;garant\u00eda y protecci\u00f3n de todos los derechos. &nbsp;<\/p>\n","protected":false},"excerpt":{"rendered":"<p>Conciencia ciudadana<\/p>\n","protected":false},"author":3,"featured_media":19924,"comment_status":"open","ping_status":"open","sticky":false,"template":"","format":"standard","meta":{"_monsterinsights_skip_tracking":false,"footnotes":""},"categories":[691,103,93],"tags":[],"class_list":["post-19923","post","type-post","status-publish","format-standard","has-post-thumbnail","category-691","category-juego-de-palabras","category-yaneth-tamayo-avalos"],"_links":{"self":[{"href":"https:\/\/redsemlac.com\/semmexico\/wp-json\/wp\/v2\/posts\/19923","targetHints":{"allow":["GET"]}}],"collection":[{"href":"https:\/\/redsemlac.com\/semmexico\/wp-json\/wp\/v2\/posts"}],"about":[{"href":"https:\/\/redsemlac.com\/semmexico\/wp-json\/wp\/v2\/types\/post"}],"author":[{"embeddable":true,"href":"https:\/\/redsemlac.com\/semmexico\/wp-json\/wp\/v2\/users\/3"}],"replies":[{"embeddable":true,"href":"https:\/\/redsemlac.com\/semmexico\/wp-json\/wp\/v2\/comments?post=19923"}],"version-history":[{"count":0,"href":"https:\/\/redsemlac.com\/semmexico\/wp-json\/wp\/v2\/posts\/19923\/revisions"}],"wp:featuredmedia":[{"embeddable":true,"href":"https:\/\/redsemlac.com\/semmexico\/wp-json\/wp\/v2\/media\/19924"}],"wp:attachment":[{"href":"https:\/\/redsemlac.com\/semmexico\/wp-json\/wp\/v2\/media?parent=19923"}],"wp:term":[{"taxonomy":"category","embeddable":true,"href":"https:\/\/redsemlac.com\/semmexico\/wp-json\/wp\/v2\/categories?post=19923"},{"taxonomy":"post_tag","embeddable":true,"href":"https:\/\/redsemlac.com\/semmexico\/wp-json\/wp\/v2\/tags?post=19923"}],"curies":[{"name":"wp","href":"https:\/\/api.w.org\/{rel}","templated":true}]}}