{"id":19920,"date":"2020-04-28T19:45:56","date_gmt":"2020-04-28T19:45:56","guid":{"rendered":"https:\/\/redsemlac.com\/semmexico\/?p=19920"},"modified":"2023-07-21T15:26:58","modified_gmt":"2023-07-21T20:26:58","slug":"mujeres-expuesta-a-mayor-riesgo-por-covid19-en-el-sector-salud-y-en-los-hogares","status":"publish","type":"post","link":"https:\/\/redsemlac.com\/semmexico\/mujeres-expuesta-a-mayor-riesgo-por-covid19-en-el-sector-salud-y-en-los-hogares\/","title":{"rendered":"Mujeres: expuesta a mayor riesgo por COVID19 en el sector salud y en los hogares"},"content":{"rendered":"\n<ul class=\"wp-block-list\"><li><strong>En emergencia sanitaria aumenta la\nviolencia y el trabajo de cuidado para las mujeres<\/strong><\/li><li><strong>Demanda reasignaci\u00f3n presupuestal para\nla salud en Morelos y a nivel federal<\/strong><\/li><\/ul>\n\n\n\n<p class=\"wp-block-paragraph\"><strong>Por Elda Montiel<\/strong><\/p>\n\n\n\n<p class=\"wp-block-paragraph\">SemM\u00e9xico,\nCd. de M\u00e9xico, 28 de abril de 2020.- Las mujeres constituyen la mayor\u00eda de la\nfuerza de trabajo en el sector sanitario y son las que asumen los cuidados de\nla poblaci\u00f3n con la COVID19 que convalecen en sus hogares, por lo que est\u00e1n\nexpuestas a un mayor riesgo de infecci\u00f3n. Ante ello, la Comisi\u00f3n Independiente\nde Derechos Humanos de Morelos (CIDHM) demand\u00f3 la reasignaci\u00f3n de recursos\npresupuestales para la salud.<\/p>\n\n\n\n<p class=\"wp-block-paragraph\">Se requieren medidas\nespec\u00edficas para reducir la repercusi\u00f3n de la crisis sanitaria sobre las\nmujeres y no caer en el autoritarismo, la violencia y la represi\u00f3n, ante la\nJornada de Sana Distancia y resguardo en casa por la pandemia de la COVID19, estableci\u00f3\nla organizaci\u00f3n y llam\u00f3 a garantizar el derecho a la salud, como parte integral\nde los derechos humanos. <\/p>\n\n\n\n<p class=\"wp-block-paragraph\">Adem\u00e1s de su\nya de por s\u00ed situaci\u00f3n precaria y de aumentar las cargas de labores del hogar,\nde la familia y del cuidado de personas enfermas con COVID19, se\u00f1al\u00f3 que es de\nesperarse que dada la sistem\u00e1tica violencia patriarcal, en el confinamiento se\nd\u00e9 un incremento de la violencia familiar, cuya incidencia ha aumentado en\nM\u00e9xico. Aunado a ello, record\u00f3 que en ocho municipios de la entidad est\u00e1\ndeclarada la Alerta de Violencia de G\u00e9nero contra las Mujeres.<\/p>\n\n\n\n<p class=\"wp-block-paragraph\">Destac\u00f3 que\nlas mujeres es la poblaci\u00f3n m\u00e1s vulnerable econ\u00f3mica y socialmente, sobre todo por\nla grave situaci\u00f3n que relaciona la expansi\u00f3n de una peligrosa pandemia de\nefectos devastadores con un conjunto de cr\u00edticas condiciones econ\u00f3micas y\nsanitarias que ahora tenemos que enfrentar de manera urgente.<\/p>\n\n\n\n<p class=\"wp-block-paragraph\">La\nconsecuencia inmediata del paro forzoso de actividades productivas en la\nindustria, el comercio y los servicios, derivado de las medidas de\nconfinamiento de la poblaci\u00f3n para contener y mitigar la proliferaci\u00f3n del\ncontagio de la COVID-19 saltan a la vista, destac\u00f3. <\/p>\n\n\n\n<p class=\"wp-block-paragraph\">Es importante\nno olvidar que la situaci\u00f3n de vulnerabilidad en que se encuentra el sector\nsalud y las m\u00e1s amplias capas de la poblaci\u00f3n es producto de d\u00e9cadas de neoliberalismo\ny gobiernos abusivos que fueron privatizando y desmantelando las\nresponsabilidades del Estado, acrecentaron la miseria, el desempleo, la\nprecariedad y la inseguridad social a la gran mayor\u00eda del pueblo mexicano.<\/p>\n\n\n\n<p class=\"wp-block-paragraph\">Millones de\npersonas en todo el mundo y en M\u00e9xico est\u00e1n perdiendo sus empleos e ingresos\nelementales, mientras otros tantos son forzados a laborar en condiciones de\nalto riesgo de contagio. Al mismo tiempo, las medidas restrictivas de la\nmovilidad e interacci\u00f3n social dejan sin posibilidad de ingreso a millones de\npersonas del sector de la econom\u00eda social y a quienes subsisten en la econom\u00eda\ninformal o el autoempleo.<\/p>\n\n\n\n<p class=\"wp-block-paragraph\">\u201cEl gobierno\ndebe evaluar y tomar medidas extraordinarias para hacerse de recursos para\nenfrentar la situaci\u00f3n, sin lastimar la econom\u00eda de los que menos tienen\u201d. De\npor s\u00ed ya es preocupante la militarizaci\u00f3n que viene d\u00e1ndose en M\u00e9xico, en esta\ncontingencia sanitaria, las medidas deben ser tomadas con respeto y sin\nimposiciones autoritarias y deben contribuir para generar conciencia y\nsolidaridad, dijo la CIDHM. Hoy, m\u00e1s que nunca, no debe darse un paso atr\u00e1s en\nla defensa de los derechos humanos: \u00a1Ni una m\u00e1s! Por la Vida y la Libertad de\nlas Mujeres, finaliz\u00f3.<\/p>\n\n\n\n<p class=\"wp-block-paragraph\">SEM\/em\/glg<\/p>\n","protected":false},"excerpt":{"rendered":"<p>Demanda reasignaci\u00f3n presupuestal para la salud en Morelos y a nivel federal<\/p>\n","protected":false},"author":3,"featured_media":19921,"comment_status":"open","ping_status":"open","sticky":false,"template":"","format":"standard","meta":{"_monsterinsights_skip_tracking":false,"footnotes":""},"categories":[691,135],"tags":[],"class_list":["post-19920","post","type-post","status-publish","format-standard","has-post-thumbnail","category-691","category-emergencia-sanitaria-covid-19"],"_links":{"self":[{"href":"https:\/\/redsemlac.com\/semmexico\/wp-json\/wp\/v2\/posts\/19920","targetHints":{"allow":["GET"]}}],"collection":[{"href":"https:\/\/redsemlac.com\/semmexico\/wp-json\/wp\/v2\/posts"}],"about":[{"href":"https:\/\/redsemlac.com\/semmexico\/wp-json\/wp\/v2\/types\/post"}],"author":[{"embeddable":true,"href":"https:\/\/redsemlac.com\/semmexico\/wp-json\/wp\/v2\/users\/3"}],"replies":[{"embeddable":true,"href":"https:\/\/redsemlac.com\/semmexico\/wp-json\/wp\/v2\/comments?post=19920"}],"version-history":[{"count":0,"href":"https:\/\/redsemlac.com\/semmexico\/wp-json\/wp\/v2\/posts\/19920\/revisions"}],"wp:featuredmedia":[{"embeddable":true,"href":"https:\/\/redsemlac.com\/semmexico\/wp-json\/wp\/v2\/media\/19921"}],"wp:attachment":[{"href":"https:\/\/redsemlac.com\/semmexico\/wp-json\/wp\/v2\/media?parent=19920"}],"wp:term":[{"taxonomy":"category","embeddable":true,"href":"https:\/\/redsemlac.com\/semmexico\/wp-json\/wp\/v2\/categories?post=19920"},{"taxonomy":"post_tag","embeddable":true,"href":"https:\/\/redsemlac.com\/semmexico\/wp-json\/wp\/v2\/tags?post=19920"}],"curies":[{"name":"wp","href":"https:\/\/api.w.org\/{rel}","templated":true}]}}