{"id":19914,"date":"2020-04-28T17:56:14","date_gmt":"2020-04-28T17:56:14","guid":{"rendered":"https:\/\/redsemlac.com\/semmexico\/?p=19914"},"modified":"2023-07-21T15:26:58","modified_gmt":"2023-07-21T20:26:58","slug":"informe-sobre-el-impacto-de-la-crisis-del-covid-19-en-las-familias-monomarentales","status":"publish","type":"post","link":"https:\/\/redsemlac.com\/semmexico\/informe-sobre-el-impacto-de-la-crisis-del-covid-19-en-las-familias-monomarentales\/","title":{"rendered":"Informe sobre el impacto de la crisis del COVID-19 en las familias monomarentales"},"content":{"rendered":"\n<p class=\"wp-block-paragraph\"><strong>Por Redacci\u00f3n\u00a0<\/strong><\/p>\n\n\n\n<p class=\"wp-block-paragraph\">SemM\u00e9xico\/AmecoPress. Madrid. 28 de abril de 2020.- La Federaci\u00f3n de Asociaciones de Madres Solteras (FAMS) he hecho p\u00fablico su balance del impacto de este primer mes de crisis sanitaria en las vidas de las familias monomarentales de nuestro pa\u00eds.<\/p>\n\n\n\n<p class=\"wp-block-paragraph\">El estudio pretende analizar c\u00f3mo est\u00e1 afectando la situaci\u00f3n que atravesamos en estas familias especialmente vulnerables y si se est\u00e1n tomando las medidas necesarias para protegerlas. Desde la FAMS echan en falta la toma de medidas espec\u00edficas para el colectivo ante la recesi\u00f3n econ\u00f3mica que se avecina.<\/p>\n\n\n\n<p class=\"wp-block-paragraph\">El sondeo se realiz\u00f3 entre el 17 de marzo y el 13 de abril por lo que se muestran conscientes de que en un periodo de tiempo tan corto es dif\u00edcil tomar medidas concretas. El 63% de las familias que participaron en la consulta estaba encabezada por una mujer. Seg\u00fan el informe, el miedo m\u00e1s com\u00fan entre las madres era al desabastecimiento al no poder ir acompa\u00f1adas a comprar y no tener con quien dejar a sus hijos o hijas. Adem\u00e1s de ello, muchas tem\u00edan tener que enfrentar situaciones de rechazo si los llevaban con ellas.<\/p>\n\n\n\n<p class=\"wp-block-paragraph\">Por otra parte, un 27% de las familias encuestadas ha manifestado que ya no puede hacer frente a los gastos en alimentaci\u00f3n y otro 34% ha respondido que \u201cde momento s\u00ed siempre y cuando no se alargue la situaci\u00f3n\u201d. Otro revelador que se\u00f1alan es que un 33% no cuenta con una red de apoyo durante el confinamiento. En muchos casos es consecuencia de la p\u00e9rdida de contacto con los abuelos y abuelas. De manera generalizada, las encuestadas demandan apoyo psicol\u00f3gico tanto para ellas como para las y los menores, que les permitan salir a hacer la compra acompa\u00f1adas o ayuda presencial para cuidarles mientras trabajan.<\/p>\n\n\n\n<p class=\"wp-block-paragraph\">Desde FAMS relacionan la situaci\u00f3n de vulnerabilidad que viven estas familias con la falta de reconocimiento institucional. Sobre ello Carmen Flores, presidenta de FAMS, nos ha contado en declaraciones a AmecoPress que \u201cen general sigue habiendo una falta de visibilidad de que existen familias monoparentales. Cuando se ponen medidas en marcha no se tiene en cuenta. Lo hemos visto muy gr\u00e1ficamente en el primer decreto, a los pocos d\u00edas tuvieron que rectificar diciendo que los hijos de las familias monoparentales s\u00ed pod\u00edan entrar a los centros comerciales. Y a\u00fan as\u00ed nos hemos encontrado con numerosos centros donde no les dejaban entrar. Esta denuncia nos ha llegado de manera repetida\u201d.Tambi\u00e9n nos ha hablado de la situaci\u00f3n que afrontan estas familias: \u201ctenemos a muchas madres que las han despedido del trabajo. Mujeres que estaban en econom\u00eda sumergida o empleadas de hogar sin dar de alta o con pocas horas trabajando. Mientras no llegan las ayudas hablamos de familias que no tienen, por regla general, capacidad de ahorro y est\u00e1n teniendo que tirar de los bancos de alimentos. Por otro lado, el acceso a las tareas escolares sin tener muchas veces herramientas, un port\u00e1til o una tablet, o incluso sin llegar a tener datos.\u201d<\/p>\n","protected":false},"excerpt":{"rendered":"<p>El estudio pretende analizar c\u00f3mo est\u00e1 afectando la situaci\u00f3n que atravesamos en estas familias especialmente vulnerables y si se est\u00e1n tomando las medidas necesarias para protegerlas.<\/p>\n","protected":false},"author":3,"featured_media":19915,"comment_status":"open","ping_status":"open","sticky":false,"template":"","format":"standard","meta":{"_monsterinsights_skip_tracking":false,"footnotes":""},"categories":[691,135],"tags":[],"class_list":["post-19914","post","type-post","status-publish","format-standard","has-post-thumbnail","category-691","category-emergencia-sanitaria-covid-19"],"_links":{"self":[{"href":"https:\/\/redsemlac.com\/semmexico\/wp-json\/wp\/v2\/posts\/19914","targetHints":{"allow":["GET"]}}],"collection":[{"href":"https:\/\/redsemlac.com\/semmexico\/wp-json\/wp\/v2\/posts"}],"about":[{"href":"https:\/\/redsemlac.com\/semmexico\/wp-json\/wp\/v2\/types\/post"}],"author":[{"embeddable":true,"href":"https:\/\/redsemlac.com\/semmexico\/wp-json\/wp\/v2\/users\/3"}],"replies":[{"embeddable":true,"href":"https:\/\/redsemlac.com\/semmexico\/wp-json\/wp\/v2\/comments?post=19914"}],"version-history":[{"count":0,"href":"https:\/\/redsemlac.com\/semmexico\/wp-json\/wp\/v2\/posts\/19914\/revisions"}],"wp:featuredmedia":[{"embeddable":true,"href":"https:\/\/redsemlac.com\/semmexico\/wp-json\/wp\/v2\/media\/19915"}],"wp:attachment":[{"href":"https:\/\/redsemlac.com\/semmexico\/wp-json\/wp\/v2\/media?parent=19914"}],"wp:term":[{"taxonomy":"category","embeddable":true,"href":"https:\/\/redsemlac.com\/semmexico\/wp-json\/wp\/v2\/categories?post=19914"},{"taxonomy":"post_tag","embeddable":true,"href":"https:\/\/redsemlac.com\/semmexico\/wp-json\/wp\/v2\/tags?post=19914"}],"curies":[{"name":"wp","href":"https:\/\/api.w.org\/{rel}","templated":true}]}}