{"id":19911,"date":"2020-04-28T17:50:22","date_gmt":"2020-04-28T17:50:22","guid":{"rendered":"https:\/\/redsemlac.com\/semmexico\/?p=19911"},"modified":"2023-07-21T15:26:58","modified_gmt":"2023-07-21T20:26:58","slug":"perspectiva-de-genero-ante-la-crisis-de-la-covid-19","status":"publish","type":"post","link":"https:\/\/redsemlac.com\/semmexico\/perspectiva-de-genero-ante-la-crisis-de-la-covid-19\/","title":{"rendered":"Perspectiva de g\u00e9nero ante la crisis de la COVID-19"},"content":{"rendered":"\n<ul class=\"wp-block-list\"><li> <strong>El Instituto de la Mujer organiz\u00f3 un nuevo debate en el que expertas explicaron la importancia de las propuestas feministas en esta pandemia global, con consecuencias sociales y econ\u00f3micas profundas <\/strong><\/li><\/ul>\n\n\n\n<p class=\"wp-block-paragraph\"> <strong>Por Gloria L\u00f3pez <\/strong><\/p>\n\n\n\n<p class=\"wp-block-paragraph\">SemM\u00e9xico\/AmecoPress. Madrid. 28 de abril de 2020.-Introducir la perspectiva de g\u00e9nero en el an\u00e1lisis de la realidad de la covid-19 fue el objetivo del debate promovido el pasado jueves por el Instituto de la Mujer, en el que participaron Mar\u00eda Solanas y Libertad Gonz\u00e1lez. Y es que los datos y tendencias evidencian la necesidad de abordar las pol\u00edticas p\u00fablicas teniendo en cuenta que la pandemia y la post pandemia tienen rasgos desiguales para hombres y mujeres y que el feminismo cuenta con postulados te\u00f3ricos y propuestas concretas oportunas para abordar una salida a la crisis social y econ\u00f3mica que atraviesa el mundo.<\/p>\n\n\n\n<p class=\"wp-block-paragraph\">Porque \u201cla crisis puede servir para postergar la agenda feminista\u201d, seg\u00fan Mar\u00eda Solanas, directora de Programas del Real Instituto Elcano y, a la vez, \u201cpuede ser una oportunidad para avanzar en igualdad\u201d, defiende Libertad Gonz\u00e1lez, profesora de Econom\u00eda en la Universidad Pompeu Fabra de Barcelona. Inercias y posibilidades se entrecruzan en el contexto actual y la inclinaci\u00f3n de la balanza en una direcci\u00f3n que beneficie al conjunto de la sociedad requiere de energ\u00eda y empe\u00f1o por parte de las feministas.<\/p>\n\n\n\n<p class=\"wp-block-paragraph\">El an\u00e1lisis realizado por parte del Real Instituto Elcano advierte que \u201cen un contexto global de erosi\u00f3n de derechos de las mujeres, esta crisis, tambi\u00e9n global, puede ser traducida como retroceso en las pol\u00edticas de igualdad en determinados pa\u00edses\u201d. \u201cNo se est\u00e1 haciendo una lectura de g\u00e9nero de la crisis de la covid-19 a pesar de la evidencia de los datos\u201d, advierte Solanas, \u201cmuchos de los cuales permanecen invisibles\u201d. Esto puede provocar un \u201cdebilitamiento\u201d de la agenda feminista, aunque tambi\u00e9n la situaci\u00f3n que vivimos tiene un car\u00e1cter de oportunidad, \u201cser\u00eda la primera vez que los postulados feministas se usar\u00e1n para dar salida a una crisis global\u201d.<\/p>\n\n\n\n<p class=\"wp-block-paragraph\">Desde el punto de vista laboral, pareciera que esta crisis, a diferencia de la crisis del 2008, puede traducirse en una mayor p\u00e9rdida de empleo para las mujeres. Si bien en el 2008 los sectores m\u00e1s afectados fueron la industria y la construcci\u00f3n, dos sectores en los que trabajan fundamentalmente hombres, en esta ocasi\u00f3n va a ser el sector servicios el m\u00e1s afectado, que es un sector fuertemente feminizado. La OIT estima que, a ra\u00edz de esta pandemia, se pueden perder 25 millones de puestos de trabajo en Europa. En Espa\u00f1a, un pa\u00eds con poco tejido industrial, un pa\u00eds de servicios, las m\u00e1s perjudicadas ser\u00e1n ellas. Adem\u00e1s, uno de los sectores m\u00e1s vulnerables ser\u00e1 el del trabajo informal, ampliamente feminizado y ocupado en gran parte por migrantes. Ese es el an\u00e1lisis que hace Libertad Gonz\u00e1lez de la crisis del coronavirus, a corto plazo, donde destaca tambi\u00e9n que el confinamiento aumenta la carga del trabajo dom\u00e9stico y del hogar, normalmente realizado por las mujeres.<\/p>\n\n\n\n<p class=\"wp-block-paragraph\">Sin embargo, a largo plazo, seg\u00fan la experta, \u201caparecen algunas posibilidades\u201d. En primer lugar, esta crisis est\u00e1 ayudando a potenciar el teletrabajo y la flexibilidad de horarios. Si esto se traduce en que las empresas lo valoren, puede ser una cuesti\u00f3n que beneficie a las mujeres, que suelen tener m\u00e1s demanda de flexibilidad en el terreno laboral que los hombres. En segundo lugar, en algunas familias se est\u00e1 viendo que los hombres se est\u00e1n ocupando de tareas en el hogar y de la educaci\u00f3n de los hijos e hijas. \u201cOjal\u00e1 esto ayude a promover un cambio cultural\u201d.<\/p>\n\n\n\n<p class=\"wp-block-paragraph\">Mar\u00eda Solanas no es tan optimista. Recuerda que las mujeres aplicamos dos horas y cuarto m\u00e1s al d\u00eda que los hombres en tareas de cuidados. Para cambiar esto \u201cnecesitamos medidas espec\u00edficas\u201d. Sin embargo, aunque en todas las pandemias el papel de los cuidados ocupa un valor central, que se haya dado en Europa es una oportunidad si se toman las medidas adecuadas y si los hombres se sienten en interpelados tambi\u00e9n porque se vea que los cuidados forman parte de la soluci\u00f3n a la crisis. Pero insiste, \u201cde modo natural no se va a dar\u201d.<\/p>\n\n\n\n<p class=\"wp-block-paragraph\"><strong>\u00bfQu\u00e9 tendr\u00e1 que ver g\u00e9nero y feminismo con esta pandemia?, nos preguntan<\/strong><\/p>\n\n\n\n<p class=\"wp-block-paragraph\">Estamos ante una situaci\u00f3n completamente nueva que ha revelado como ciertas muchas de las contribuciones pol\u00edticas y te\u00f3ricas del feminismo. El feminismo lleva siglos analizando y politizando la desigualdad de g\u00e9nero y construyendo un cuerpo pol\u00edtico y te\u00f3rico que ahora se revela imprescindible. La revoluci\u00f3n de las tareas de cuidados es una asignatura pendiente. No se le ha prestado la atenci\u00f3n necesaria. En esta crisis, se est\u00e1 poniendo en el centro. Sin embargo, algo tan obvio encuentra resistencias. \u00bfQu\u00e9 tendr\u00e1 que ver g\u00e9nero y feminismo con esta pandemia?, nos preguntan.<\/p>\n\n\n\n<p class=\"wp-block-paragraph\">Los datos son \u201cabrumadores\u201d. En cuanto a la pura exposici\u00f3n al virus, el 68% en Espa\u00f1a y el 70% a nivel global del sector sanitario est\u00e1 formado por mujeres (m\u00e9dicas, enfermeras, psic\u00f3logas, etc\u00e9tera) y m\u00e1s del 90% de las cuidadoras a domicilio y en residencias son mujeres. Son mujeres la mayor\u00eda de las personas que ocupan la primera l\u00ednea en esta emergencia, son tambi\u00e9n las peor pagadas y las que trabajan con menos seguridad.<\/p>\n\n\n\n<p class=\"wp-block-paragraph\">\u201cLa igualdad de g\u00e9nero es un objetivo pol\u00edtico de primera magnitud\u201d, que ha sido reivindicado por las instituciones europeas y por la ONU, apunta Mar\u00eda Solanas. \u201cNosotras no somos un sector de la poblaci\u00f3n, no somos un grupo, somos la mitad de la sociedad, en algunos lugares incluso un poco m\u00e1s y las pol\u00edticas p\u00fablicas tienen que incluir a toda la sociedad, por eso es importante que incorporen la perspectiva de g\u00e9nero\u201d.<\/p>\n\n\n\n<p class=\"wp-block-paragraph\">Libertad Gonz\u00e1lez, junto a L\u00eddia Farr\u00e9, durante el mes de abril, han distribuido una encuesta dirigida a las familias en Espa\u00f1a, con el objetivo de conocer la situaci\u00f3n de los hogares durante este periodo de confinamiento. En particular, les interesaba saber c\u00f3mo se est\u00e1n adaptando estas personas, en t\u00e9rminos de su actividad laboral y de las tareas dom\u00e9sticas, incluyendo el cuidado de los hijos y las hijas, con particular atenci\u00f3n a desigualdades de g\u00e9nero. En el debate del Instituto de la Mujer Gonz\u00e1lez ofreci\u00f3 algunos de los resultados (pueden consultarse en el blog nadaesgratis).<\/p>\n\n\n\n<p class=\"wp-block-paragraph\">\u201cCentramos nuestro an\u00e1lisis en hogares formados por parejas de distinto sexo con hijos\u201d. En principio, con los primeros resultados se observa que las p\u00e9rdidas de empleo, bien por ERTES o por finalizaci\u00f3n de contratos temporales durante la crisis, \u201cafecta m\u00e1s o menos igual a hombres y a mujeres\u201d. Sin embargo, \u201cel reparto de tareas dom\u00e9sticas y cuidados muestra mucha desigualdad\u201d, es decir, con la crisis \u201cse refuerza la desigualdad existente\u201d. Durante el confinamiento el cambio m\u00e1s destacado es que ahora el hombre pasa a ser el principal responsable de la compra (en el 38% de los hogares encuestados). As\u00ed pues, mientras que el cierre de los centros educativos y las dificultades para externalizar los servicios dom\u00e9sticos han representado un incremento (sin precedentes) de las responsabilidades familiares, \u00e9stas siguen reparti\u00e9ndose de manera desigual entre hombres y mujeres. Esto sugiere que las mujeres tendr\u00e1n m\u00e1s dificultades para conciliar el nuevo escenario laboral y familiar.<\/p>\n\n\n\n<p class=\"wp-block-paragraph\"><strong>El confinamiento invisibiliza la violencia de g\u00e9nero y refuerza la sobrecarga de los cuidados en las mujeres<\/strong><\/p>\n\n\n\n<p class=\"wp-block-paragraph\">Efectivamente la divisi\u00f3n social del trabajo es un tema fundamental, todav\u00eda. Desde ese punto de vista, el teletrabajo puede suponer un \u201cnuevo confinamiento\u201d, en palabras de Beatriz Gimeno. La directora del Instituto de la Mujer recuerda que el confinamiento invisibiliza la violencia de g\u00e9nero y refuerza la sobrecarga de los cuidados en las mujeres.<\/p>\n\n\n\n<p class=\"wp-block-paragraph\">\u201cTodav\u00eda la conciliaci\u00f3n se atribuye a las mujeres\u201d, explica Mar\u00eda Solanas, \u201cser\u00eda m\u00e1s adecuado enfatizar en el concepto de corresponsabilidad\u201d. Las mujeres, desde el punto de vista laboral, \u201cocupan un porcentaje mayor de contratos a tiempo parcial, est\u00e1n peor remuneradas, quedan con pensiones m\u00e1s bajas y, en definitiva, sufren segregaci\u00f3n y un 23% de brecha salarial, y gran parte de estas discriminaciones tienen que ver con el objetivo de hacerse cargo de los cuidados\u201d. Efectivamente con el confinamiento \u201cesa din\u00e1mica social puede agravarse\u201d. \u201cSi la sociedad va hacia el camino de eliminar los traslados, este camino tiene que ser compartido\u201d. Si quienes se quedan en el hogar son las mujeres, esto puede ser un retroceso y puede agravar las desigualdades existentes.<\/p>\n\n\n\n<p class=\"wp-block-paragraph\"><strong>Teletrabajo: arma de doble filo<\/strong><\/p>\n\n\n\n<p class=\"wp-block-paragraph\">As\u00ed, pareciera que el teletrabajo es un \u201carma de doble filo\u201d, como lo define la especialista en pol\u00edticas p\u00fablicas y familia. Libertad insiste en valorar el que la crisis provocada por el coronavirus est\u00e9 ayudando a visibilizar \u201clo complicado que es compaginar el trabajo y los cuidados de los hijos y de la casa\u201d. Pero efectivamente \u201chay brechas de g\u00e9nero laborales que penalizan a las mujeres por la crianza de los hijos y que no deben dejarse de lado a la hora de pensar formas de organizaci\u00f3n\u201d.<\/p>\n\n\n\n<p class=\"wp-block-paragraph\">En ese sentido las expertas apuestan por seguir ampliando los permisos de paternidad en direcci\u00f3n a conseguir que sean iguales a los de maternidad. \u201cCreo que los permisos iguales e intransferibles entre hombres y mujeres son esenciales para cambiar la cultura de las empresas\u201d, apunta Mar\u00eda Solanas. Este modelo tendr\u00eda que contemplarse tambi\u00e9n en los permisos que se est\u00e1n dando por la covid-19.<\/p>\n\n\n\n<p class=\"wp-block-paragraph\">Debemos por tanto estar atentas para desarrollar an\u00e1lisis y pol\u00edticas que tengan en cuenta que trabajar en casa puede significar un aumento de la desigualdad y no lo contrario. En el lado de las oportunidades podr\u00eda ocurrir tambi\u00e9n que, a largo plazo, sobre todo si nos preparamos para futuras pandemias, los servicios p\u00fablicos de cuidado y sanitarios requieran de inversiones que sirvan no s\u00f3lo para contratar a muchas mujeres en condiciones dignas, sino tambi\u00e9n para revalorizar esos trabajos feminizados.<\/p>\n\n\n\n<p class=\"wp-block-paragraph\">\u00abEs vital que, en este momento, con la crisis de la covid-19, los pa\u00edses m\u00e1s comprometidos con la agenda feminista como Espa\u00f1a, Suecia o Finlandia mantengan ese compromiso, porque ser\u00e1 realmente vital para salir mejor de la crisis\u00bb, concluye Mar\u00eda Solanas.<\/p>\n","protected":false},"excerpt":{"rendered":"<p>El Instituto de la Mujer organiz\u00f3 un nuevo debate en el que expertas explicaron la importancia de las propuestas feministas en esta pandemia global, con consecuencias sociales y econ\u00f3micas profundas <\/p>\n","protected":false},"author":3,"featured_media":19912,"comment_status":"open","ping_status":"open","sticky":false,"template":"","format":"standard","meta":{"_monsterinsights_skip_tracking":false,"footnotes":""},"categories":[691,135],"tags":[],"class_list":["post-19911","post","type-post","status-publish","format-standard","has-post-thumbnail","category-691","category-emergencia-sanitaria-covid-19"],"_links":{"self":[{"href":"https:\/\/redsemlac.com\/semmexico\/wp-json\/wp\/v2\/posts\/19911","targetHints":{"allow":["GET"]}}],"collection":[{"href":"https:\/\/redsemlac.com\/semmexico\/wp-json\/wp\/v2\/posts"}],"about":[{"href":"https:\/\/redsemlac.com\/semmexico\/wp-json\/wp\/v2\/types\/post"}],"author":[{"embeddable":true,"href":"https:\/\/redsemlac.com\/semmexico\/wp-json\/wp\/v2\/users\/3"}],"replies":[{"embeddable":true,"href":"https:\/\/redsemlac.com\/semmexico\/wp-json\/wp\/v2\/comments?post=19911"}],"version-history":[{"count":0,"href":"https:\/\/redsemlac.com\/semmexico\/wp-json\/wp\/v2\/posts\/19911\/revisions"}],"wp:featuredmedia":[{"embeddable":true,"href":"https:\/\/redsemlac.com\/semmexico\/wp-json\/wp\/v2\/media\/19912"}],"wp:attachment":[{"href":"https:\/\/redsemlac.com\/semmexico\/wp-json\/wp\/v2\/media?parent=19911"}],"wp:term":[{"taxonomy":"category","embeddable":true,"href":"https:\/\/redsemlac.com\/semmexico\/wp-json\/wp\/v2\/categories?post=19911"},{"taxonomy":"post_tag","embeddable":true,"href":"https:\/\/redsemlac.com\/semmexico\/wp-json\/wp\/v2\/tags?post=19911"}],"curies":[{"name":"wp","href":"https:\/\/api.w.org\/{rel}","templated":true}]}}