{"id":19906,"date":"2020-04-28T16:15:11","date_gmt":"2020-04-28T16:15:11","guid":{"rendered":"https:\/\/redsemlac.com\/semmexico\/?p=19906"},"modified":"2023-07-21T15:26:58","modified_gmt":"2023-07-21T20:26:58","slug":"opinion-478","status":"publish","type":"post","link":"https:\/\/redsemlac.com\/semmexico\/opinion-478\/","title":{"rendered":"Textura Violeta"},"content":{"rendered":"\n<h2 class=\"wp-block-heading\">Que no nos quiten la humanidad<\/h2>\n\n\n\n<p class=\"wp-block-paragraph\"><strong>Por\nDrina Ergueta<\/strong><\/p>\n\n\n\n<p class=\"wp-block-paragraph\">SemM\u00e9xico. 28 de abril de 2020. La\nPaz-Bolivia. Historias pr\u00f3ximas y lejanas de gente que ha muerto con el covid-19\nhan llegado a la poblaci\u00f3n con la terrible amenaza de la soledad y el estigma\nen esa \u00faltima hora en este mundo. La muerte, cuando llega, parece un tema\nsecundario de atenci\u00f3n frente a la lucha por la vida; sin embargo, es crucial su\natenci\u00f3n para garantizar nuestra humanidad.<\/p>\n\n\n\n<p class=\"wp-block-paragraph\">No s\u00f3lo es morir en soledad debido a una\nenfermedad que a\u00edsla, es tambi\u00e9n una obligada cremaci\u00f3n y total desamparo de ese\ncuerpo con el cual no puede haber despedida ni actos ni palabras que le\nacompa\u00f1en, que le susurren \u201cte quiero\u201d a su alma por si acaso existe y por si\nescucha. No, se dice que no puede haber ese ritual que cada sociedad se ha\ninventado para decir adi\u00f3s a las personas queridas que se van para siempre y en\nel que, m\u00e1s que en otros, las mujeres tienen gran participaci\u00f3n.<\/p>\n\n\n\n<p class=\"wp-block-paragraph\">En una sociedad de relaciones pr\u00f3ximas como\nla boliviana el cuerpo generalmente es lavado y preparado por la familia. Mayoritariamente\nson las mujeres las que le arreglan el cabello y le elijen la ropa, que sujetan\ncon un lazo de cari\u00f1o la mand\u00edbula y con otro las manos sobre el pecho. Las\nmujeres lloran a gritos porque as\u00ed lo sienten y porque as\u00ed se espera de ellas, las\nmujeres tambi\u00e9n hacen y reparten el caf\u00e9 y las bebidas durante el velorio y\npreparan la comida para quienes acompa\u00f1an al duelo. Son las mismas mujeres que durante\notras enfermedades se hacen cargo de los cuidados. Todo eso ha sido prohibido.<\/p>\n\n\n\n<p class=\"wp-block-paragraph\">Pero no s\u00f3lo prohibido, en lugar del cuidado\nnormalizado y humanizante se ha generado el miedo y ha nacido la\ndeshumanizaci\u00f3n. Volvemos muy atr\u00e1s en la l\u00ednea evolutiva, dejamos de ser personas,\nantes a\u00fan que cuando habitamos las cavernas, dejamos de ser homos\/donas sapiens\nsapiens, pasamos a ser los primeros hom\u00ednidos que abandonan sus muertos\ninclusive antes de que fallezcan. La gente considerada vieja, in\u00fatil y enferma\nya no cuenta, mueren en soledad y sin rituales de despedida.<\/p>\n\n\n\n<p class=\"wp-block-paragraph\">All\u00ed est\u00e1, en Italia y Espa\u00f1a, la gente\nanciana que simplemente dej\u00f3 de ser atendida y muri\u00f3 sola y all\u00ed las familias\nque no pudieron despedirse y tan s\u00f3lo recibieron una urna con cenizas; all\u00ed\nest\u00e1n las terribles fosas comunes de cientos de ciudadanos en Nueva York; all\u00ed el\nhorror de los cad\u00e1veres en las aceras en Guayaquil; all\u00ed esos muertos sacados\nde su casa envueltos en bolsas de basura en La Paz \u00bfEn serio somos gente civilizada?\n<\/p>\n\n\n\n<p class=\"wp-block-paragraph\">Todo esto se mete por los televisores en las\ncasas confinadas y da miedo. Un miedo aumentado en Bolivia por el conocimiento\nde la ausencia de ayuda m\u00e9dica, de las limitaciones nacionales en salud y de\nlas dudas de una atenci\u00f3n adecuada, o por lo menos respetuosa, en los centros\nde salud o lugares de aislamiento. Las denuncias de maltrato y de inasistencia\ntambi\u00e9n se han colado por las redes sociales y los celulares.<\/p>\n\n\n\n<p class=\"wp-block-paragraph\">Nadie quiere el covid-19, obviamente, pero,\nes m\u00e1s: nadie quiere aceptar y decir que puede estar enfermo; lo mismo su\nfamilia, que no quiere que se sepa por la reacci\u00f3n negativa e inhumana del\nvecindario; y, si hay una muerte, se insiste en que fue por otra cosa. No s\u00f3lo\nest\u00e1 el riesgo de la enfermedad, sino de lo que adem\u00e1s acecha: rechazo,\nestigma, desatenci\u00f3n, soledad, olvido e imposibilidad de despedirse.<\/p>\n\n\n\n<p class=\"wp-block-paragraph\">Las actitudes y lenguaje de parte de algunos\nresponsables del gobierno respecto a la enfermedad han aumentado ese temor:\nhablar de la enfermedad como delito, referirse a la b\u00fasqueda de gente enferma como\n\u201cpesquisa\u201d, pedir que se \u201cdenuncie\u201d a quien est\u00e9 con la enfermedad, etc. Forma\nparte de esa deshumanizaci\u00f3n en la que los cuidados, la cura, la atenci\u00f3n, el\ncari\u00f1o y el respeto hacen falta, todo eso que nos hace personas.<\/p>\n\n\n\n<p class=\"wp-block-paragraph\">Aqu\u00ed no hablo ya de los necesarios cuidados dignos\na quien enferma, que es muy importante, hablo de que, ante esta enfermedad en\nla que hay muertes, muchas m\u00e1s de las que se registran oficialmente (esto pasa\nen todos los pa\u00edses), y en previsi\u00f3n de que haya posiblemente muchas m\u00e1s, es\nurgente atender dignamente a quienes se van, dar respeto a sus cuerpos, y posibilidad\nde despedida para las personas dolientes.<\/p>\n\n\n\n<p class=\"wp-block-paragraph\">Se trata de, pese a todo, no caer en lo\ninhumano, y esto deben hacerlo quienes est\u00e1n circunstancialmente en posiciones\nde poder, de buscar maneras en que para las muertes se puedan imaginar nuevos\nrituales que permitan conciliar el respeto y cari\u00f1o hacia quienes fallezcan y\nlas limitaciones de la pandemia, crear algunos actos simb\u00f3licos y significativos\nde deferencia y recuerdo para quien se va, para quien se queda y sufre, para\nsabernos personas, sabernos sociedad y comunidad.<\/p>\n","protected":false},"excerpt":{"rendered":"<p>Que no nos quiten la humanidad<\/p>\n","protected":false},"author":3,"featured_media":8467,"comment_status":"open","ping_status":"open","sticky":false,"template":"","format":"standard","meta":{"_monsterinsights_skip_tracking":false,"footnotes":""},"categories":[691,77,102],"tags":[],"class_list":["post-19906","post","type-post","status-publish","format-standard","has-post-thumbnail","category-691","category-drina-ergueta","category-textura-violeta"],"_links":{"self":[{"href":"https:\/\/redsemlac.com\/semmexico\/wp-json\/wp\/v2\/posts\/19906","targetHints":{"allow":["GET"]}}],"collection":[{"href":"https:\/\/redsemlac.com\/semmexico\/wp-json\/wp\/v2\/posts"}],"about":[{"href":"https:\/\/redsemlac.com\/semmexico\/wp-json\/wp\/v2\/types\/post"}],"author":[{"embeddable":true,"href":"https:\/\/redsemlac.com\/semmexico\/wp-json\/wp\/v2\/users\/3"}],"replies":[{"embeddable":true,"href":"https:\/\/redsemlac.com\/semmexico\/wp-json\/wp\/v2\/comments?post=19906"}],"version-history":[{"count":0,"href":"https:\/\/redsemlac.com\/semmexico\/wp-json\/wp\/v2\/posts\/19906\/revisions"}],"wp:featuredmedia":[{"embeddable":true,"href":"https:\/\/redsemlac.com\/semmexico\/wp-json\/wp\/v2\/media\/8467"}],"wp:attachment":[{"href":"https:\/\/redsemlac.com\/semmexico\/wp-json\/wp\/v2\/media?parent=19906"}],"wp:term":[{"taxonomy":"category","embeddable":true,"href":"https:\/\/redsemlac.com\/semmexico\/wp-json\/wp\/v2\/categories?post=19906"},{"taxonomy":"post_tag","embeddable":true,"href":"https:\/\/redsemlac.com\/semmexico\/wp-json\/wp\/v2\/tags?post=19906"}],"curies":[{"name":"wp","href":"https:\/\/api.w.org\/{rel}","templated":true}]}}