{"id":19901,"date":"2020-04-27T23:32:41","date_gmt":"2020-04-27T23:32:41","guid":{"rendered":"https:\/\/redsemlac.com\/semmexico\/?p=19901"},"modified":"2023-07-21T15:26:58","modified_gmt":"2023-07-21T20:26:58","slug":"la-falta-de-pruebas-oculta-casos-y-muertes-por-coronavirus-en-america-latina-y-otras-regiones","status":"publish","type":"post","link":"https:\/\/redsemlac.com\/semmexico\/la-falta-de-pruebas-oculta-casos-y-muertes-por-coronavirus-en-america-latina-y-otras-regiones\/","title":{"rendered":"La falta de pruebas oculta casos y muertes por coronavirus en Am\u00e9rica Latina y otras regiones"},"content":{"rendered":"\n<p class=\"wp-block-paragraph\"><strong>Redacci\u00f3n<\/strong><\/p>\n\n\n\n<p class=\"wp-block-paragraph\">SemM\u00e9xico\/NoticiasONU. 27 de abril de 2020.- Los pa\u00edses deben mantener un n\u00famero estable de pruebas para de verdad medir si los contagios est\u00e1n disminuyendo y tomar la decisi\u00f3n de levantar las medidas de confinamiento. No hacerlo, causar\u00e1 un da\u00f1o a\u00fan mayor en la econom\u00eda y la vida de las personas con la aparici\u00f3n de una \u201csegunda oleada\u201d de casos, advierten los expertos de la agencia de salud de la ONU.\u00a0<\/p>\n\n\n\n<p class=\"wp-block-paragraph\">Casos de COVID-19, as\u00ed como muertes, no se est\u00e1n reportando en muchos pa\u00edses de Am\u00e9rica Latina debido a la baja capacidad de hacer pruebas, advirti\u00f3 la Organizaci\u00f3n Mundial de la Salud este lunes.<\/p>\n\n\n\n<p class=\"wp-block-paragraph\">&nbsp;\u201cLa pandemia est\u00e1 lejos de terminar. La Organizaci\u00f3n Mundial de la Salud sigue preocupada por las tendencias crecientes en \u00c1frica, Europa del Este, Am\u00e9rica Latina y algunos pa\u00edses asi\u00e1ticos\u201d, dijo el doctor Tedros.&nbsp;<\/p>\n\n\n\n<p class=\"wp-block-paragraph\">El director afirm\u00f3 que en todas estas regiones hay poca capacidad de hacer pruebas, y que la Organizaci\u00f3n contin\u00faa intentando ampliarla con suministros y asistencia t\u00e9cnica a las oficinas regionales.<\/p>\n\n\n\n<p class=\"wp-block-paragraph\"><strong>La pandemia est\u00e1 lejos de terminar.<\/strong><\/p>\n\n\n\n<p class=\"wp-block-paragraph\">\u201cA nivel mundial, la Organizaci\u00f3n Mundial de la Salud ha enviado millones de art\u00edculos de equipo de protecci\u00f3n personal a 105 pa\u00edses y suministros de laboratorio a m\u00e1s de 127 pa\u00edses. Enviaremos muchos millones m\u00e1s en las pr\u00f3ximas semanas, y nos estamos preparando agresivamente\u201d, inform\u00f3 Tedros.<\/p>\n\n\n\n<p class=\"wp-block-paragraph\">El director de emergencias de la Organizaci\u00f3n, Mike Ryan, advirti\u00f3 que, si los pa\u00edses reducen las pruebas, el n\u00famero de casos reportados se reducir\u00e1, pero no se trata de un c\u00e1lculo fiable.<\/p>\n\n\n\n<p class=\"wp-block-paragraph\">\u201cSi se mantiene un n\u00famero estable de test diarios, podemos de verdad medir qu\u00e9 tanto aumentan los casos, y si de verdad est\u00e1 disminuyendo la trayectoria de contagios\u201d, asegur\u00f3 Ryan.<\/p>\n\n\n\n<p class=\"wp-block-paragraph\"><strong>El peligro de una segunda oleada de contagios<\/strong><\/p>\n\n\n\n<p class=\"wp-block-paragraph\">El experto record\u00f3 que, si no se hace esto, y se levantan las medidas de confinamiento por el aparente c\u00e1lculo de reducci\u00f3n de casos, los pa\u00edses pueden encontrarse en una situaci\u00f3n en la que tengan que reanudar los bloqueos, y esto tendr\u00e1 un impacto a\u00fan mayor en los medios de vida de las personas.<\/p>\n\n\n\n<p class=\"wp-block-paragraph\">La decisi\u00f3n de reabrir tampoco puede basarse solo en la disminuci\u00f3n de contagios y muertes, sino tambi\u00e9n en la preparaci\u00f3n del sistema sanitario, las escuelas, lugares de trabajo.<\/p>\n\n\n\n<p class=\"wp-block-paragraph\">La Organizaci\u00f3n reconoce que no hay respuestas f\u00e1ciles, que los Gobiernos se enfrentan a decisiones muy dif\u00edciles bas\u00e1ndose en el contexto de cada pa\u00eds.&nbsp;<\/p>\n\n\n\n<p class=\"wp-block-paragraph\">\u201cQueremos que vayan paso a paso, bas\u00e1ndose en los datos y que se puedan moverse sin interrupciones hacia una nueva normalidad, una nueva forma de vivir que permita proteger vidas y recuperar la forma de ganarnos la vida, pero, a la misma vez, no pueden hacerlo tan r\u00e1pido que reboten los casos, haya que hacer nuevos confinamientos y se haga m\u00e1s da\u00f1os a esas vidas y sustentos que los Gobiernos est\u00e1n intentando proteger\u201d, dijo Ryan.&nbsp;<\/p>\n\n\n\n<p class=\"wp-block-paragraph\">Mientras las medidas de confinamiento en Europa se alivian por&nbsp;&nbsp;la disminuci\u00f3n de la cantidad de casos nuevos, el director de la OMS, Tedros Adhanom Gebreyesus, inst\u00f3 de nuevo a los pa\u00edses a encontrar, aislar, probar y tratar todos los casos de COVID-19 as\u00ed como rastrear cada contacto, para lograr que estas tendencias contin\u00faen.<\/p>\n\n\n\n<p class=\"wp-block-paragraph\">\u201cQue haya una segunda oleada de contagios de coronavirus est\u00e1 en nuestras manos y podemos evitarlo con una buena estrategia de salud p\u00fablica\u00bb, asegur\u00f3 el director.&nbsp;<\/p>\n\n\n\n<p class=\"wp-block-paragraph\"><strong>A\u00fan falta investigar la inmunidad<\/strong><\/p>\n\n\n\n<p class=\"wp-block-paragraph\">La doctora Mar\u00eda VanKerkhove insisti\u00f3 en que es importante seguir vigilantes y detectar posibles nuevos casos \u201cmuy muy r\u00e1pido\u201d, porque los primeros estudios muestran que una gran mayor\u00eda de la poblaci\u00f3n sigue siendo susceptible y porque a\u00fan no se ha estudiado si las personas que se han infectado y desarrollado anticuerpos son inmunes a una segunda infecci\u00f3n.<\/p>\n\n\n\n<p class=\"wp-block-paragraph\">\u201cEsperamos que los que se han infectado desarrollen una respuesta que les da cierta protecci\u00f3n. Lo que no sabemos qu\u00e9 tan fuerte es esa protecci\u00f3n, si ocurre a todos los infectados y cu\u00e1nto dura. Hoy, a cuatro&nbsp;&nbsp;meses de esta pandemia, no podemos decir que una respuesta de anticuerpos significa que eres inmune\u201d.<\/p>\n","protected":false},"excerpt":{"rendered":"<p>Casos de COVID-19, as\u00ed como muertes, no se est\u00e1n reportando en muchos pa\u00edses de Am\u00e9rica Latina debido a la baja capacidad de hacer pruebas, advirti\u00f3 la Organizaci\u00f3n Mundial de la Salud este lunes.<\/p>\n","protected":false},"author":3,"featured_media":19902,"comment_status":"open","ping_status":"open","sticky":false,"template":"","format":"standard","meta":{"_monsterinsights_skip_tracking":false,"footnotes":""},"categories":[691,135,53],"tags":[],"class_list":["post-19901","post","type-post","status-publish","format-standard","has-post-thumbnail","category-691","category-emergencia-sanitaria-covid-19","category-internacional"],"_links":{"self":[{"href":"https:\/\/redsemlac.com\/semmexico\/wp-json\/wp\/v2\/posts\/19901","targetHints":{"allow":["GET"]}}],"collection":[{"href":"https:\/\/redsemlac.com\/semmexico\/wp-json\/wp\/v2\/posts"}],"about":[{"href":"https:\/\/redsemlac.com\/semmexico\/wp-json\/wp\/v2\/types\/post"}],"author":[{"embeddable":true,"href":"https:\/\/redsemlac.com\/semmexico\/wp-json\/wp\/v2\/users\/3"}],"replies":[{"embeddable":true,"href":"https:\/\/redsemlac.com\/semmexico\/wp-json\/wp\/v2\/comments?post=19901"}],"version-history":[{"count":0,"href":"https:\/\/redsemlac.com\/semmexico\/wp-json\/wp\/v2\/posts\/19901\/revisions"}],"wp:featuredmedia":[{"embeddable":true,"href":"https:\/\/redsemlac.com\/semmexico\/wp-json\/wp\/v2\/media\/19902"}],"wp:attachment":[{"href":"https:\/\/redsemlac.com\/semmexico\/wp-json\/wp\/v2\/media?parent=19901"}],"wp:term":[{"taxonomy":"category","embeddable":true,"href":"https:\/\/redsemlac.com\/semmexico\/wp-json\/wp\/v2\/categories?post=19901"},{"taxonomy":"post_tag","embeddable":true,"href":"https:\/\/redsemlac.com\/semmexico\/wp-json\/wp\/v2\/tags?post=19901"}],"curies":[{"name":"wp","href":"https:\/\/api.w.org\/{rel}","templated":true}]}}