{"id":19898,"date":"2020-04-27T23:29:31","date_gmt":"2020-04-27T23:29:31","guid":{"rendered":"https:\/\/redsemlac.com\/semmexico\/?p=19898"},"modified":"2023-07-21T15:26:59","modified_gmt":"2023-07-21T20:26:59","slug":"organismos-internacionales-expresan-preocupacion-por-nula-integracion-de-la-perspectiva-de-genero-ante-la-pandemia-del-covid-19","status":"publish","type":"post","link":"https:\/\/redsemlac.com\/semmexico\/organismos-internacionales-expresan-preocupacion-por-nula-integracion-de-la-perspectiva-de-genero-ante-la-pandemia-del-covid-19\/","title":{"rendered":"Organismos internacionales expresan preocupaci\u00f3n por nula  integraci\u00f3n de la perspectiva de g\u00e9nero ante la pandemia del COVID-19"},"content":{"rendered":"\n<p class=\"wp-block-paragraph\"><strong>Redacci\u00f3n<\/strong>\u00a0<\/p>\n\n\n\n<p class=\"wp-block-paragraph\">SemM\u00e9xico. Cd. de M\u00e9xico. 27 de abril de 2020.- Organismos internacionales como&nbsp;&nbsp;ONU Mujeres, CLADEM, la Comisi\u00f3n Interamericana de las Mujeres, la CEPAL, la Organizaci\u00f3n Mundial de la Salud , el Banco Interamericano para el Desarrollo y el programa de Naciones Unidas para el Desarrollo (PNUD)&nbsp;&nbsp;miembros del Task Force Interamericano sobre Liderazgo de las Mujeres, expresan su preocupaci\u00f3n respecto a la escasa integraci\u00f3n de la perspectiva de g\u00e9nero y el liderazgo de las mujeres en la respuesta a las consecuencias sociales y econ\u00f3micas de la pandemia del COVID-19, y llaman a los Estados y tomadores de decisi\u00f3n a considerar la incorporaci\u00f3n igualitaria de mujeres a todos los niveles de la toma de decisiones para la respuesta frente a esta crisis.<\/p>\n\n\n\n<p class=\"wp-block-paragraph\">Solamente con esta participaci\u00f3n igualitaria se puede asegurar la consideraci\u00f3n central de los impactos diferenciados de la pandemia en la vida y bienestar de las mujeres y hombres. La subrepresentaci\u00f3n de mujeres en posiciones de liderazgo en el espacio p\u00fablico influye en la manera de tratar las necesidades espec\u00edficas de las mujeres. Las decisiones que no consideran o minimizan los impactos diferenciados de g\u00e9nero no solo afectan la calidad de vida y salud de las mujeres, sino afectan tambi\u00e9n la de sus dependientes a cargo, sean ni\u00f1as y ni\u00f1os, adultas y adultos mayores o personas enfermas o con discapacidad, se\u00f1alan los organismos en un comunicado conjunto.&nbsp;<\/p>\n\n\n\n<p class=\"wp-block-paragraph\">Existe un reconocimiento global de la importancia de incorporar la igualdad de g\u00e9nero en las respuestas a emergencias y desastres. La evidencia en m\u00faltiples \u00e1mbitos sugiere que la paridad en la toma de decisiones ha resultado en una mayor pluralidad en la aproximaci\u00f3n a los problemas y mejores propuestas de soluci\u00f3n. La participaci\u00f3n de las mujeres, sus liderazgos y la amplitud de sus perspectivas evidencian que no hay pol\u00edticas neutrales al g\u00e9nero y que la mirada y las necesidades e intereses espec\u00edficos de la mitad de la poblaci\u00f3n deben tener voz propia, lo cual es a\u00fan m\u00e1s fundamental en el manejo de esta crisis.<\/p>\n\n\n\n<p class=\"wp-block-paragraph\">\u201cEs esencial que las voces de las mujeres est\u00e9n presentes y se escuchen en las mesas de toma de decisiones para responder de manera efectiva a la pandemia mundial causada por el COVID-19. Esta crisis puede ser tambi\u00e9n un momento de transformaci\u00f3n, tom\u00e1ndolo como una oportunidad para desafiar las din\u00e1micas pol\u00edticas, econ\u00f3micas y sociales tradicionales, reconociendo la experiencia de las mujeres en la protecci\u00f3n de la salud de las familias y las comunidades, y sumando sus perspectivas y contribuciones en una coyuntura sin precedentes que convoca a un liderazgo incluyente y paritario en todos los niveles de decisi\u00f3n\u201d.<\/p>\n\n\n\n<p class=\"wp-block-paragraph\">Hacen un llamado a los gobiernos, sobre todo al sector de salud, como as\u00ed tambi\u00e9n al sector privado, parlamentos y otros organismos vinculados a la gesti\u00f3n econ\u00f3mica de la crisis, para que las mujeres tengan un rol central en las respuestas frente al COVID-19.<\/p>\n","protected":false},"excerpt":{"rendered":"<p>Llaman a los Estados y tomadores de decisi\u00f3n a considerar la incorporaci\u00f3n igualitaria de mujeres a todos los niveles de la toma de decisiones para la respuesta frente a esta crisis.<\/p>\n","protected":false},"author":3,"featured_media":19899,"comment_status":"open","ping_status":"open","sticky":false,"template":"","format":"standard","meta":{"_monsterinsights_skip_tracking":false,"footnotes":""},"categories":[691,135,53],"tags":[],"class_list":["post-19898","post","type-post","status-publish","format-standard","has-post-thumbnail","category-691","category-emergencia-sanitaria-covid-19","category-internacional"],"_links":{"self":[{"href":"https:\/\/redsemlac.com\/semmexico\/wp-json\/wp\/v2\/posts\/19898","targetHints":{"allow":["GET"]}}],"collection":[{"href":"https:\/\/redsemlac.com\/semmexico\/wp-json\/wp\/v2\/posts"}],"about":[{"href":"https:\/\/redsemlac.com\/semmexico\/wp-json\/wp\/v2\/types\/post"}],"author":[{"embeddable":true,"href":"https:\/\/redsemlac.com\/semmexico\/wp-json\/wp\/v2\/users\/3"}],"replies":[{"embeddable":true,"href":"https:\/\/redsemlac.com\/semmexico\/wp-json\/wp\/v2\/comments?post=19898"}],"version-history":[{"count":0,"href":"https:\/\/redsemlac.com\/semmexico\/wp-json\/wp\/v2\/posts\/19898\/revisions"}],"wp:featuredmedia":[{"embeddable":true,"href":"https:\/\/redsemlac.com\/semmexico\/wp-json\/wp\/v2\/media\/19899"}],"wp:attachment":[{"href":"https:\/\/redsemlac.com\/semmexico\/wp-json\/wp\/v2\/media?parent=19898"}],"wp:term":[{"taxonomy":"category","embeddable":true,"href":"https:\/\/redsemlac.com\/semmexico\/wp-json\/wp\/v2\/categories?post=19898"},{"taxonomy":"post_tag","embeddable":true,"href":"https:\/\/redsemlac.com\/semmexico\/wp-json\/wp\/v2\/tags?post=19898"}],"curies":[{"name":"wp","href":"https:\/\/api.w.org\/{rel}","templated":true}]}}