{"id":19895,"date":"2020-04-27T23:19:47","date_gmt":"2020-04-27T23:19:47","guid":{"rendered":"https:\/\/redsemlac.com\/semmexico\/?p=19895"},"modified":"2023-07-21T15:26:59","modified_gmt":"2023-07-21T20:26:59","slug":"urge-senadora-luevano-expedir-ley-de-proteccion-de-ciudades-patrimonio-en-mexico","status":"publish","type":"post","link":"https:\/\/redsemlac.com\/semmexico\/urge-senadora-luevano-expedir-ley-de-proteccion-de-ciudades-patrimonio-en-mexico\/","title":{"rendered":"Urge senadora Lu\u00e9vano expedir Ley de Protecci\u00f3n de Ciudades Patrimonio en M\u00e9xico"},"content":{"rendered":"\n<ul class=\"wp-block-list\"><li><strong>Abonar\u00e1 al desarrollo tur\u00edstico y a la econom\u00eda del pa\u00eds.<\/strong><\/li><\/ul>\n\n\n\n<p class=\"wp-block-paragraph\"><strong>Redacci\u00f3n\u00a0<\/strong><\/p>\n\n\n\n<p class=\"wp-block-paragraph\">SemM\u00e9xico. Cd. de M\u00e9xico. 27 de abril de 2020.- La senadora Mar\u00eda Soledad Lu\u00e9vano Cant\u00fa, del Grupo Parlamentario Morena, propuso expedir la Ley de Protecci\u00f3n de las Ciudades Patrimonio de M\u00e9xico, para regular, fomentar y garantizar el desarrollo en las ciudades de la Rep\u00fablica Mexicana declaradas por la Organizaci\u00f3n de las Naciones Unidas para la Educaci\u00f3n, la Ciencia y la Cultura, (UNESCO) como patrimonio de la humanidad.<\/p>\n\n\n\n<p class=\"wp-block-paragraph\">M\u00e9xico es acreedor de diversos nombramientos a nivel mundial. Un total de diez ciudades han sido consideradas culturales y patrimonio de la humanidad, con lo que el pa\u00eds es el cuarto con m\u00e1s cantidad de ciudades patrimonio, expuso. Entre ellas, el Centro hist\u00f3rico de M\u00e9xico y Xochimilco, la Villa Protectora de San Miguel el Grande y Santuario de Jes\u00fas Nazareno de Atotonilco, y la Zona de monumentos hist\u00f3ricos de Tlacotalpan, acot\u00f3.<\/p>\n\n\n\n<p class=\"wp-block-paragraph\">Asegur\u00f3 que la derrama econ\u00f3mica que genera el sector tur\u00edstico es vital para la econom\u00eda nacional. La legisladora detall\u00f3 que el pa\u00eds recibe m\u00e1s de 45 millones de visitantes, generando m\u00e1s de cuatro millones de empleos y una derrama econ\u00f3mica superior a los 22 mil millones de d\u00f3lares anuales, de acuerdo con informaci\u00f3n de la Secretar\u00eda de Turismo y del Instituto Nacional de Estad\u00edstica y Geograf\u00eda).<\/p>\n\n\n\n<p class=\"wp-block-paragraph\">Record\u00f3 que de acuerdo con el Consejo Mundial del Viaje y el Turismo (WTTC), el sector m\u00e1s fuerte de M\u00e9xico es el del turismo, al que cataloga como uno de los catalizadores fundamentales para el crecimiento de la econom\u00eda, creaci\u00f3n de empleos, sustento de millones de personas, y para la estabilidad.<\/p>\n\n\n\n<p class=\"wp-block-paragraph\">Por tal motivo, asegura, es indispensable mantenerlas en condiciones de excelencia est\u00e9tica, optimas en su funcionalidad, seguridad e higiene, para lograr una mayor atracci\u00f3n tur\u00edstica, cuyo efecto se ver\u00eda reflejado en una mejor calidad de vida de los habitantes, mayor cantidad de turistas y en una m\u00e1s malta derrama econ\u00f3mica.<\/p>\n\n\n\n<p class=\"wp-block-paragraph\">En este contexto, la ley que plantea prev\u00e9 la elaboraci\u00f3n de un Manual de Identidad para cada una de estas ciudades; as\u00ed como la participaci\u00f3n activa de los tres niveles de Gobierno en el cuidado y la conservaci\u00f3n de las ciudades patrimonio.<\/p>\n\n\n\n<p class=\"wp-block-paragraph\">Tambi\u00e9n establece que las autoridades en la materia se constituyan en Juntas de Monumentos y Zonas T\u00edpicas de las Ciudades Patrimonios, quienes estar\u00e1n encargadas de emitir el Manual de Uso aplicable a las Zonas de Inversi\u00f3n, el cual, debe ser validado por un grupo honor\u00edfico de vecinos.<\/p>\n\n\n\n<p class=\"wp-block-paragraph\">La Junta de Monumentos y Zonas T\u00edpicas de las respectivas ciudades patrimonio, deber\u00e1n elaborar y mantener actualizado un padr\u00f3n con los inmuebles p\u00fablicos y privados que se encuentren en abandono y evidente deterioro, asent\u00f3.<\/p>\n\n\n\n<p class=\"wp-block-paragraph\">La senadora por Morena dijo que el Poder Ejecutivo Federal, a trav\u00e9s de la Secretar\u00eda de Hacienda y Cr\u00e9dito P\u00fablico, deber\u00e1 establecer la creaci\u00f3n de un Fondo de Inversi\u00f3n para el Desarrollo de las Ciudades Patrimonio.<\/p>\n\n\n\n<p class=\"wp-block-paragraph\">En este sentido, detall\u00f3 que en el Presupuesto de Egresos de la Federaci\u00f3n de cada a\u00f1o, la C\u00e1mara de Diputados deber\u00e1 destinar cuando menos 500 millones de pesos para dicho fondo y cuando menos 300 millones de pesos para el Fondo Nacional de Restauraci\u00f3n de las Ciudades Patrimonio de M\u00e9xico.<\/p>\n\n\n\n<p class=\"wp-block-paragraph\">Asimismo, se\u00f1al\u00f3 que autoridades municipales, estatales y federales podr\u00e1n decretar la expropiaci\u00f3n de los inmuebles privados, previa indemnizaci\u00f3n a los propietarios que se encuentren en estado de abandono, con el objetivo de restaurarlos e incorporarlos al p\u00fablico para la prestaci\u00f3n de servicios o la realizaci\u00f3n de actividades de beneficio social.<\/p>\n\n\n\n<p class=\"wp-block-paragraph\">La iniciativa fue turnada a las comisiones de Cultura y de Estudios Legislativos, Segunda, en la sesi\u00f3n del 24 de marzo de 2020.<\/p>\n\n\n\n<p class=\"wp-block-paragraph\">SEM\/GR<\/p>\n","protected":false},"excerpt":{"rendered":"<p>Abonar\u00e1 al desarrollo tur\u00edstico y a la econom\u00eda del pa\u00eds.<\/p>\n","protected":false},"author":3,"featured_media":19896,"comment_status":"open","ping_status":"open","sticky":false,"template":"","format":"standard","meta":{"_monsterinsights_skip_tracking":false,"footnotes":""},"categories":[691,50],"tags":[],"class_list":["post-19895","post","type-post","status-publish","format-standard","has-post-thumbnail","category-691","category-congreso"],"_links":{"self":[{"href":"https:\/\/redsemlac.com\/semmexico\/wp-json\/wp\/v2\/posts\/19895","targetHints":{"allow":["GET"]}}],"collection":[{"href":"https:\/\/redsemlac.com\/semmexico\/wp-json\/wp\/v2\/posts"}],"about":[{"href":"https:\/\/redsemlac.com\/semmexico\/wp-json\/wp\/v2\/types\/post"}],"author":[{"embeddable":true,"href":"https:\/\/redsemlac.com\/semmexico\/wp-json\/wp\/v2\/users\/3"}],"replies":[{"embeddable":true,"href":"https:\/\/redsemlac.com\/semmexico\/wp-json\/wp\/v2\/comments?post=19895"}],"version-history":[{"count":0,"href":"https:\/\/redsemlac.com\/semmexico\/wp-json\/wp\/v2\/posts\/19895\/revisions"}],"wp:featuredmedia":[{"embeddable":true,"href":"https:\/\/redsemlac.com\/semmexico\/wp-json\/wp\/v2\/media\/19896"}],"wp:attachment":[{"href":"https:\/\/redsemlac.com\/semmexico\/wp-json\/wp\/v2\/media?parent=19895"}],"wp:term":[{"taxonomy":"category","embeddable":true,"href":"https:\/\/redsemlac.com\/semmexico\/wp-json\/wp\/v2\/categories?post=19895"},{"taxonomy":"post_tag","embeddable":true,"href":"https:\/\/redsemlac.com\/semmexico\/wp-json\/wp\/v2\/tags?post=19895"}],"curies":[{"name":"wp","href":"https:\/\/api.w.org\/{rel}","templated":true}]}}