{"id":19892,"date":"2020-04-27T23:17:47","date_gmt":"2020-04-27T23:17:47","guid":{"rendered":"https:\/\/redsemlac.com\/semmexico\/?p=19892"},"modified":"2023-07-21T15:26:59","modified_gmt":"2023-07-21T20:26:59","slug":"los-problemas-ya-no-tienen-frontera-laura-rojas","status":"publish","type":"post","link":"https:\/\/redsemlac.com\/semmexico\/los-problemas-ya-no-tienen-frontera-laura-rojas\/","title":{"rendered":"Los problemas ya no tienen frontera: Laura Rojas"},"content":{"rendered":"\n<ul class=\"wp-block-list\"><li><strong>Preparan conferencia mundial de presidentes de parlamentos<\/strong><\/li><\/ul>\n\n\n\n<p class=\"wp-block-paragraph\">Redacci\u00f3n&nbsp;<\/p>\n\n\n\n<p class=\"wp-block-paragraph\">SemM\u00e9xico. Cd. de M\u00e9xico. 27 de abril de 2020.- Hoy las acciones coordinadas entre pa\u00edses deben orientarse hacia la soluci\u00f3n de los grandes problemas globales que afectan e impactan en los \u00e1mbitos nacionales y locales asegur\u00f3 Laura Ang\u00e9lica Rojas Hern\u00e1ndez.<\/p>\n\n\n\n<p class=\"wp-block-paragraph\">La Presidenta de la Mesa Directiva de la C\u00e1mara de Diputados sostuvo que a trav\u00e9s del trabajo parlamentario internacional es como se lograr\u00e1 dar soluciones a las grandes crisis globales.<\/p>\n\n\n\n<p class=\"wp-block-paragraph\">Para ello, agreg\u00f3, la Uni\u00f3n Interparlamentaria (UIP) prepara una Conferencia Mundial de Presidentes de Parlamentos que contempla el desarrollo de varios paneles a desahogarse en agosto y en los cuales, se analizar\u00e1n temas prioritarios en el contexto de la pandemia del COVID-19.<\/p>\n\n\n\n<p class=\"wp-block-paragraph\">La UIP es la \u00fanica organizaci\u00f3n de parlamentos a nivel mundial que re\u00fane a m\u00e1s de 180 pa\u00edses miembros, y M\u00e9xico es parte de este grupo desde hace d\u00e9cadas. Actualmente, la UIP es presidida por la diputada mexicana Gabriela Cuevas Barr\u00f3n.<\/p>\n\n\n\n<p class=\"wp-block-paragraph\">La Presidenta de la C\u00e1mara de Diputados de nuestro pa\u00eds, y el Presidente de la Asamblea Nacional del Ecuador son los representantes de Am\u00e9rica Latina y el Caribe ante la UIP en el comit\u00e9 preparatorio de la Conferencia Mundial de Presidentes de Parlamentos<\/p>\n\n\n\n<p class=\"wp-block-paragraph\">Rojas Hern\u00e1ndez y el Presidente del parlamento de Turqu\u00eda, por ser pa\u00edses emblem\u00e1ticos del fen\u00f3meno de la migraci\u00f3n, tienen a su cargo la organizaci\u00f3n del panel sobre Movilidad Humana.&nbsp;<\/p>\n\n\n\n<p class=\"wp-block-paragraph\">En dicho encuentro se discutir\u00e1n asuntos relacionados con la crisis sanitaria, como Econom\u00eda y Salud; temas que se sumar\u00e1n a la agenda aprobada previo al inicio de la pandemia, como Cambio Clim\u00e1tico, la implementaci\u00f3n de la Agenda 2030 para el Desarrollo Sostenible, Movilidad Humana, y Terrorismo y Contraterrorismo, entre otros.<\/p>\n\n\n\n<p class=\"wp-block-paragraph\">La din\u00e1mica de la conferencia mundial de parlamentos consiste en la invitaci\u00f3n a panelistas de prestigio internacional a que expongan sus temas de especialidad mismos que ser\u00e1n discutidos por los asistentes, para posteriormente sacar conclusiones que deriven en una declaraci\u00f3n final de los trabajos.<\/p>\n\n\n\n<p class=\"wp-block-paragraph\">Para la Presidenta de la C\u00e1mara de Diputados, \u201cla gran mayor\u00eda de los problemas que tenemos son globales, por lo que la \u00fanica forma de afrontarlos es con soluciones globales. Los problemas ya no tienen frontera\u201d.<\/p>\n\n\n\n<p class=\"wp-block-paragraph\">Y es ah\u00ed, coment\u00f3, en donde cobra relevancia la cooperaci\u00f3n internacional que desde hace tiempo no es exclusiva de los poderes ejecutivos, sino que tambi\u00e9n recae en los parlamentos.&nbsp;<\/p>\n\n\n\n<p class=\"wp-block-paragraph\">La diplomacia y el intercambio parlamentarios son \u00fatiles en muchos sentidos: aprendemos de experiencias de los dem\u00e1s para desarrollar mejor legislaci\u00f3n, mejores mecanismos de interacci\u00f3n y de representaci\u00f3n de las y de los ciudadanos, y mejores y m\u00e1s efectivas formas de rendici\u00f3n de cuentas de los gobiernos.<\/p>\n\n\n\n<p class=\"wp-block-paragraph\">Inmediatamente antes de la Conferencia Mundial de Presidentes de Parlamentos, se realizar\u00e1 la Cumbre de Presidentas de Parlamentos quienes abordar\u00e1n la agenda de igualdad sustantiva en el mundo, y en donde participar\u00e1 Laura Rojas Hern\u00e1ndez.<\/p>\n\n\n\n<p class=\"wp-block-paragraph\">SEM\/GR<\/p>\n","protected":false},"excerpt":{"rendered":"<p>Preparan conferencia mundial de presidentes de parlamentos<\/p>\n","protected":false},"author":3,"featured_media":19893,"comment_status":"open","ping_status":"open","sticky":false,"template":"","format":"standard","meta":{"_monsterinsights_skip_tracking":false,"footnotes":""},"categories":[691,50],"tags":[],"class_list":["post-19892","post","type-post","status-publish","format-standard","has-post-thumbnail","category-691","category-congreso"],"_links":{"self":[{"href":"https:\/\/redsemlac.com\/semmexico\/wp-json\/wp\/v2\/posts\/19892","targetHints":{"allow":["GET"]}}],"collection":[{"href":"https:\/\/redsemlac.com\/semmexico\/wp-json\/wp\/v2\/posts"}],"about":[{"href":"https:\/\/redsemlac.com\/semmexico\/wp-json\/wp\/v2\/types\/post"}],"author":[{"embeddable":true,"href":"https:\/\/redsemlac.com\/semmexico\/wp-json\/wp\/v2\/users\/3"}],"replies":[{"embeddable":true,"href":"https:\/\/redsemlac.com\/semmexico\/wp-json\/wp\/v2\/comments?post=19892"}],"version-history":[{"count":0,"href":"https:\/\/redsemlac.com\/semmexico\/wp-json\/wp\/v2\/posts\/19892\/revisions"}],"wp:featuredmedia":[{"embeddable":true,"href":"https:\/\/redsemlac.com\/semmexico\/wp-json\/wp\/v2\/media\/19893"}],"wp:attachment":[{"href":"https:\/\/redsemlac.com\/semmexico\/wp-json\/wp\/v2\/media?parent=19892"}],"wp:term":[{"taxonomy":"category","embeddable":true,"href":"https:\/\/redsemlac.com\/semmexico\/wp-json\/wp\/v2\/categories?post=19892"},{"taxonomy":"post_tag","embeddable":true,"href":"https:\/\/redsemlac.com\/semmexico\/wp-json\/wp\/v2\/tags?post=19892"}],"curies":[{"name":"wp","href":"https:\/\/api.w.org\/{rel}","templated":true}]}}