{"id":19889,"date":"2020-04-27T23:02:06","date_gmt":"2020-04-27T23:02:06","guid":{"rendered":"https:\/\/redsemlac.com\/semmexico\/?p=19889"},"modified":"2023-07-21T15:26:59","modified_gmt":"2023-07-21T20:26:59","slug":"michoacan-37","status":"publish","type":"post","link":"https:\/\/redsemlac.com\/semmexico\/michoacan-37\/","title":{"rendered":"Mantiene Gobierno de Michoac\u00e1n atenci\u00f3n a migrantes ante contingencia por COVID-19"},"content":{"rendered":"\n<p class=\"wp-block-paragraph\"><strong>Redacci\u00f3n\u00a0<\/strong><\/p>\n\n\n\n<p class=\"wp-block-paragraph\">SemM\u00e9xico. Morelia, Michoac\u00e1n, a 27 de abril de 2020.- Ante la importancia que para el Gobierno de Silvano Aureoles Conejo tienen los migrantes y sus familias, la Secretar\u00eda del Migrante (Semigrante), en coordinaci\u00f3n con la organizaci\u00f3n transnacional Alianza Am\u00e9ricas, sostuvo una charla por videollamada para otorgar a los connacionales informaci\u00f3n que les permita mantener una buena calidad de vida durante la contingencia que se enfrenta a nivel mundial por el COVID-19.<\/p>\n\n\n\n<p class=\"wp-block-paragraph\">Durante la charla, que cont\u00f3 con la participaci\u00f3n de decenas de migrantes radicados en Estados Unidos y habitantes de varios pa\u00edses centroamericanos, el titular de Semigrante, Jos\u00e9 Luis Guti\u00e9rrez P\u00e9rez, y el director ejecutivo de Alianza Am\u00e9ricas dialogaron sobre la coordinaci\u00f3n necesaria para hacer llegar a las y los connacionales informaci\u00f3n y servicios durante la pandemia.<\/p>\n\n\n\n<p class=\"wp-block-paragraph\">Enlaces Municipales de Atenci\u00f3n al Migrante del estado de Michoac\u00e1n tambi\u00e9n se sumaron al dialogo con el director de Alianza Am\u00e9ricas, organizaci\u00f3n transnacional enraizada en las comunidades inmigrantes latinas en los Estados Unidos, que se enfoca en mejorar la calidad de vida en el corredor migratorio de Estados Unidos, M\u00e9xico y Centroam\u00e9rica.<\/p>\n\n\n\n<p class=\"wp-block-paragraph\">En este marco, que cont\u00f3 tambi\u00e9n con la participaci\u00f3n del personal de la Semigrante, su titular, Guti\u00e9rrez P\u00e9rez, resalt\u00f3 la instrucci\u00f3n del Gobernador Michoacano de mantener un trabajo coordinado con diversas organizaciones para otorgar a las y&nbsp;&nbsp;los connacionales apoyo en servicios m\u00e9dicos, alimenticios y todo lo que requieran.<\/p>\n\n\n\n<p class=\"wp-block-paragraph\">Entre la informaci\u00f3n vertida durante la charla, se destacaron los derechos y servicios a los que las personas&nbsp;&nbsp;migrantes deben tener acceso durante la contingencia, sin importar su estatus migratorio.<\/p>\n","protected":false},"excerpt":{"rendered":"<p>En coordinaci\u00f3n con la Alianza Am\u00e9ricas, se brinda informaci\u00f3n y servicios a connacionales<\/p>\n","protected":false},"author":3,"featured_media":19890,"comment_status":"open","ping_status":"open","sticky":false,"template":"","format":"standard","meta":{"_monsterinsights_skip_tracking":false,"footnotes":""},"categories":[691,51],"tags":[],"class_list":["post-19889","post","type-post","status-publish","format-standard","has-post-thumbnail","category-691","category-ejecutivo"],"_links":{"self":[{"href":"https:\/\/redsemlac.com\/semmexico\/wp-json\/wp\/v2\/posts\/19889","targetHints":{"allow":["GET"]}}],"collection":[{"href":"https:\/\/redsemlac.com\/semmexico\/wp-json\/wp\/v2\/posts"}],"about":[{"href":"https:\/\/redsemlac.com\/semmexico\/wp-json\/wp\/v2\/types\/post"}],"author":[{"embeddable":true,"href":"https:\/\/redsemlac.com\/semmexico\/wp-json\/wp\/v2\/users\/3"}],"replies":[{"embeddable":true,"href":"https:\/\/redsemlac.com\/semmexico\/wp-json\/wp\/v2\/comments?post=19889"}],"version-history":[{"count":0,"href":"https:\/\/redsemlac.com\/semmexico\/wp-json\/wp\/v2\/posts\/19889\/revisions"}],"wp:featuredmedia":[{"embeddable":true,"href":"https:\/\/redsemlac.com\/semmexico\/wp-json\/wp\/v2\/media\/19890"}],"wp:attachment":[{"href":"https:\/\/redsemlac.com\/semmexico\/wp-json\/wp\/v2\/media?parent=19889"}],"wp:term":[{"taxonomy":"category","embeddable":true,"href":"https:\/\/redsemlac.com\/semmexico\/wp-json\/wp\/v2\/categories?post=19889"},{"taxonomy":"post_tag","embeddable":true,"href":"https:\/\/redsemlac.com\/semmexico\/wp-json\/wp\/v2\/tags?post=19889"}],"curies":[{"name":"wp","href":"https:\/\/api.w.org\/{rel}","templated":true}]}}