{"id":19884,"date":"2020-04-27T22:38:58","date_gmt":"2020-04-27T22:38:58","guid":{"rendered":"https:\/\/redsemlac.com\/semmexico\/?p=19884"},"modified":"2023-07-21T15:26:59","modified_gmt":"2023-07-21T20:26:59","slug":"cuba-psico-grupos-whatsapp-apoyan-durante-el-confinamiento","status":"publish","type":"post","link":"https:\/\/redsemlac.com\/semmexico\/cuba-psico-grupos-whatsapp-apoyan-durante-el-confinamiento\/","title":{"rendered":"Cuba: Psico grupos WhatsApp apoyan durante el confinamiento"},"content":{"rendered":"\n<p class=\"wp-block-paragraph\"><strong>De la Redacci\u00f3n<\/strong><\/p>\n\n\n\n<p class=\"wp-block-paragraph\">Semm\u00e9xico\/SEMLAC. La Habana. 27 de abril de 2020.- Cuando la rutina vital cambia abrupta y prolongadamente en todo el mundo, a cuenta del confinamiento obligado por la Covid-19, profesionales de la psicolog\u00eda brindan apoyo en Cuba para sobrellevar la existencia cotidiana con menos estr\u00e9s y ansiedad.<\/p>\n\n\n\n<p class=\"wp-block-paragraph\">Se trata de los Psico grupos WhatsApp, una alternativa de sost\u00e9n psicol\u00f3gico sin precedentes en el pa\u00eds y creada desde el 26 de marzo como v\u00eda para aliviar a personas necesitadas de este tipo de ayuda.<\/p>\n\n\n\n<p class=\"wp-block-paragraph\">Hace poco m\u00e1s de un mes que en la naci\u00f3n caribe\u00f1a se reduce la circulaci\u00f3n en las calles y se propicia trabajo y vida dentro de casa. Una variante de protecci\u00f3n y aislamiento humano que, a la par, genera nuevas preocupaciones, angustias, incertidumbres y sobrecargas en las din\u00e1micas personales y familiares.<\/p>\n\n\n\n<p class=\"wp-block-paragraph\">\u00abComenzamos a pensar en un conjunto de grupos poblacionales que podr\u00edan estar mayormente afectados con esta pandemia\u00bb, precis\u00f3 B\u00e1rbara Zas, coordinadora general de la Secci\u00f3n de Orientaci\u00f3n de la Sociedad Cubana de Psicolog\u00eda, desde donde se cre\u00f3 el proyecto experimental de acompa\u00f1amiento y orientaci\u00f3n psicol\u00f3gica a distancia.<\/p>\n\n\n\n<p class=\"wp-block-paragraph\">La experiencia inici\u00f3 con la conformaci\u00f3n de varios psico grupos WhatsApp: adultos mayores; j\u00f3venes; familias con ni\u00f1as, ni\u00f1os y adolescentes en su casa; personal de salud y que brinda servicios; y el de familias con v\u00ednculos migratorios.<\/p>\n\n\n\n<p class=\"wp-block-paragraph\">Profesionales de la psicolog\u00eda de diversas instituciones se han ido sumando voluntariamente a estos servicios de orientaci\u00f3n y apoyo, que en la actualidad se han ampliado.<\/p>\n\n\n\n<p class=\"wp-block-paragraph\">En respuesta a las demandas, se han creado tambi\u00e9n los grupos de quienes cursan el \u00faltimo a\u00f1o de preuniversitario, pr\u00f3ximos a afrontar las pruebas de ingreso a la Universidad; otro para la comunidad LGBTIQ (lesbianas, gays, bisexuales, trans, intersexuales y queer), en alianza con el Centro Nacional de Educaci\u00f3n Sexual (Cenesex); y el de familiares o amigos de personas bajo vigilancia cl\u00ednica y\/o contagiadas con la Covid-19.<\/p>\n\n\n\n<p class=\"wp-block-paragraph\">\u00abEstamos conscientes que no toda la poblaci\u00f3n puede acceder a este tipo de servicios, pero al menos la que pueda, recomendamos que lo intente. Es lo que tenemos a mano y lo estamos tratando de aprovechar\u00bb, sostuvo Zas.<\/p>\n\n\n\n<p class=\"wp-block-paragraph\">El tratamiento de inquietudes en cada colectivo se realiza en dependencia de sus particularidades, aunque comparten tem\u00e1ticas como la percepci\u00f3n de riesgo, el autocuidado, el manejo del tiempo durante el aislamiento, la responsabilidad de las personas y la sociedad.<\/p>\n\n\n\n<p class=\"wp-block-paragraph\">\u00abHa sido un reto profesional alt\u00edsimo, porque hemos tenido que adaptar una serie de principios y descuadres de la orientaci\u00f3n psicol\u00f3gica a lo que es el trabajo en un chat. L\u00f3gicamente, esto ha implicado un esfuerzo, innovar nuestros procesos, muchas reflexiones y trabajo de los equipos coordinadores\u00bb, se\u00f1ala la psic\u00f3loga.<\/p>\n\n\n\n<p class=\"wp-block-paragraph\">Los psicogrupos WhatsApp funcionan diariamente, con horarios establecidos, y cada chat es atendido por un conjunto de profesionales, quienes coordinan las estrategias y herramientas que facilitan la comunicaci\u00f3n entre los participantes.<\/p>\n\n\n\n<p class=\"wp-block-paragraph\">Ya en su quinta semana de trabajo, forman parte de este proyecto 40 profesionales de la psicolog\u00eda que, a su vez, han establecido alianzas entre las diferentes instituciones para las cuales trabajan.<\/p>\n\n\n\n<p class=\"wp-block-paragraph\">\u00abLo m\u00e1s interesante para m\u00ed, de esta oportunidad, es trabajar con una plataforma que antes no se hab\u00eda utilizado para esto en Cuba. Es un reto hacerlo, adem\u00e1s, con quienes hasta hace poco eran mis profesores y aprender de esa din\u00e1mica de trabajo para un bien com\u00fan\u00bb, asegura a SEMlac Ana Laura Escalona D\u00edaz, joven reci\u00e9n graduada e incorporada a la iniciativa en su primer a\u00f1o de ejercicio profesional.<\/p>\n\n\n\n<p class=\"wp-block-paragraph\">\u00abEn estos tiempo, es una bonita experiencia dedicarse a los dem\u00e1s, poder prestar tus servicios, no paralizar tu profesi\u00f3n cuando m\u00e1s se necesita sentirse \u00fatil y que las personas sepan que tienen alguien con quien contar\u00bb, coment\u00f3.<\/p>\n\n\n\n<p class=\"wp-block-paragraph\">Quienes coordinan los grupos se re\u00fanen semanalmente tambi\u00e9n por WhatsApp, para debatir experiencias y retroalimentarse; eval\u00faan la calidad del servicio con los usuarios para optimizar las din\u00e1micas laborales y conocer las problem\u00e1ticas que manifiestan como grupo poblacional.<\/p>\n\n\n\n<p class=\"wp-block-paragraph\">Roxanne Castellanos Cabrera, profesora en la Facultad de Psicolog\u00eda de la Universidad de La Habana y especialista en la atenci\u00f3n infantil, se ha enfocado en la orientaci\u00f3n a familias que tienen a su cuidado ni\u00f1as y ni\u00f1os durante esta cuarentena.<\/p>\n\n\n\n<p class=\"wp-block-paragraph\">La experta recomienda selectividad ante el gran volumen de informaci\u00f3n que circula sobre qu\u00e9 hacer en el hogar durante la cuarentena y llama la atenci\u00f3n, entre otros aspectos, acerca de la sobrecarga de las madres ante la pluralidad de tareas que enfrentan.<\/p>\n\n\n\n<p class=\"wp-block-paragraph\">\u00abHay m\u00e1s o menos una estructuraci\u00f3n de la vida, en condiciones normales, que ahora se ha desdibujado por completo y eso tambi\u00e9n est\u00e1 alterando las din\u00e1micas familiares\u00bb, apunta.<\/p>\n\n\n\n<p class=\"wp-block-paragraph\">Si bien se ha protegido laboralmente a las madres en esta situaci\u00f3n de emergencia social y sanitaria, estas asumen a la vez labores dom\u00e9sticas, del teletrabajo y como maestras de su descendencia.<\/p>\n\n\n\n<p class=\"wp-block-paragraph\">\u00abLos ni\u00f1os est\u00e1n ansiosos y demandan m\u00e1s atenci\u00f3n. Si en condiciones normales hay que buscar equidad en la repartici\u00f3n de deberes al interior del hogar, eso ahora se mantiene vigente. Se les est\u00e1 pidiendo a las madres que les oferten a sus hijos actividades did\u00e1cticas y que participen y acompa\u00f1en por el tema de la vulnerabilidad psicol\u00f3gica de ellos ante esta situaci\u00f3n\u00bb, explica la especialista.<\/p>\n\n\n\n<p class=\"wp-block-paragraph\">El incesante trabajo de la iniciativa Psico grupos WhatsApp ha implicado tambi\u00e9n el estudio y actualizaci\u00f3n de los profesionales, que se han adentrado en el campo de las tecnolog\u00edas para practicar la orientaci\u00f3n psicol\u00f3gica a distancia.<\/p>\n","protected":false},"excerpt":{"rendered":"<p>Psico grupos WhatsApp, una alternativa de sost\u00e9n psicol\u00f3gico sin precedentes en el pa\u00eds y creada desde el 26 de marzo como v\u00eda para aliviar a personas necesitadas de este tipo de ayuda.<\/p>\n","protected":false},"author":3,"featured_media":19885,"comment_status":"open","ping_status":"open","sticky":false,"template":"","format":"standard","meta":{"_monsterinsights_skip_tracking":false,"footnotes":""},"categories":[691,135,53],"tags":[],"class_list":["post-19884","post","type-post","status-publish","format-standard","has-post-thumbnail","category-691","category-emergencia-sanitaria-covid-19","category-internacional"],"_links":{"self":[{"href":"https:\/\/redsemlac.com\/semmexico\/wp-json\/wp\/v2\/posts\/19884","targetHints":{"allow":["GET"]}}],"collection":[{"href":"https:\/\/redsemlac.com\/semmexico\/wp-json\/wp\/v2\/posts"}],"about":[{"href":"https:\/\/redsemlac.com\/semmexico\/wp-json\/wp\/v2\/types\/post"}],"author":[{"embeddable":true,"href":"https:\/\/redsemlac.com\/semmexico\/wp-json\/wp\/v2\/users\/3"}],"replies":[{"embeddable":true,"href":"https:\/\/redsemlac.com\/semmexico\/wp-json\/wp\/v2\/comments?post=19884"}],"version-history":[{"count":0,"href":"https:\/\/redsemlac.com\/semmexico\/wp-json\/wp\/v2\/posts\/19884\/revisions"}],"wp:featuredmedia":[{"embeddable":true,"href":"https:\/\/redsemlac.com\/semmexico\/wp-json\/wp\/v2\/media\/19885"}],"wp:attachment":[{"href":"https:\/\/redsemlac.com\/semmexico\/wp-json\/wp\/v2\/media?parent=19884"}],"wp:term":[{"taxonomy":"category","embeddable":true,"href":"https:\/\/redsemlac.com\/semmexico\/wp-json\/wp\/v2\/categories?post=19884"},{"taxonomy":"post_tag","embeddable":true,"href":"https:\/\/redsemlac.com\/semmexico\/wp-json\/wp\/v2\/tags?post=19884"}],"curies":[{"name":"wp","href":"https:\/\/api.w.org\/{rel}","templated":true}]}}