{"id":19881,"date":"2020-04-27T22:34:58","date_gmt":"2020-04-27T22:34:58","guid":{"rendered":"https:\/\/redsemlac.com\/semmexico\/?p=19881"},"modified":"2023-07-21T15:26:59","modified_gmt":"2023-07-21T20:26:59","slug":"cuba-salvar-la-convivencia-en-tiempos-de-la-covid-19","status":"publish","type":"post","link":"https:\/\/redsemlac.com\/semmexico\/cuba-salvar-la-convivencia-en-tiempos-de-la-covid-19\/","title":{"rendered":"Cuba: Salvar la convivencia en tiempos de la Covid-19"},"content":{"rendered":"\n<p class=\"wp-block-paragraph\"><strong>De la redacci\u00f3n<\/strong><\/p>\n\n\n\n<p class=\"wp-block-paragraph\">SemM\u00e9xico\/SEMLAC. La Habana. 27 de abril de 2020.-&nbsp;&nbsp;Las familias cubanas viven una situaci\u00f3n in\u00e9dita, la respuesta a la Covid-19 impone quedarse en casa y el hogar se convierte no solo en el centro de los cuidados, sino tambi\u00e9n en espacio educativo y de trabajo.<\/p>\n\n\n\n<p class=\"wp-block-paragraph\">A medida que la pandemia avanza, surgen preocupaciones y sobrecargas al interior de las viviendas. Las estrategias de respuesta familiares son diversas, como diversas son las familias cubanas; pero para aquellas con menores de edad y adultos mayores, las presiones se incrementan.<\/p>\n\n\n\n<p class=\"wp-block-paragraph\">\u00abObviamente, las principales preocupaciones son las que genera el virus. Se siente preocupaci\u00f3n cuando hay que salir en busca de insumos necesarios para el hogar o porque alguna de las personas de la casa a\u00fan est\u00e1 trabajando\u00bb, declara a SEMlac la psic\u00f3loga Roxanne Castellanos Cabrera.<\/p>\n\n\n\n<p class=\"wp-block-paragraph\">La especialista participa en la coordinaci\u00f3n de un grupo de apoyo psicol\u00f3gico a trav\u00e9s de la red social WhatsApp que re\u00fane a 257 personas, en su mayor\u00eda mujeres. El grupo es uno de los dos creados, durante el aislamiento f\u00edsico, para familias con hijos e hijas menores de 18 a\u00f1os.<\/p>\n\n\n\n<p class=\"wp-block-paragraph\">La iniciativa fue organizada por profesionales de la Sociedad Cubana de Psicolog\u00eda e incluye otros grupos de apoyo para poblaciones vulnerables a la COVID-19 como personas mayores, personal de la salud p\u00fablica y familias transnacionales, con integrantes que residen en el extranjero.<\/p>\n\n\n\n<p class=\"wp-block-paragraph\">Entre las primeras medidas implementadas por el gobierno cubano estuvieron las de protecci\u00f3n a las madres trabajadoras y las facilidades para el teletrabajo. Estas acciones han llevado a muchas cubanas de vuelta al espacio privado, un \u00e1mbito en el que, seg\u00fan investigaciones, persisten desigualdades de g\u00e9nero y violencias machistas.<\/p>\n\n\n\n<p class=\"wp-block-paragraph\">En su experiencia de orientaci\u00f3n psicol\u00f3gica, Castellanos ha identificado sobrecargas relacionadas con el trabajo dom\u00e9stico, el cuidado de hijas e hijos y las responsabilidades que impone el teletrabajo.<\/p>\n\n\n\n<p class=\"wp-block-paragraph\">\u00abAdem\u00e1s del teletrabajo y la casa, se les est\u00e1 pidiendo a las madres que les oferten m\u00e1s actividades did\u00e1cticas a sus hijos y est\u00e9n m\u00e1s atentas por su vulnerabilidad psicol\u00f3gica ante esta situaci\u00f3n. Muchas trabajan, incluso, a altas horas de la noche y de madrugada. Yo creo que hay un sentimiento compartido, y me incluyo, de estar m\u00e1s cargadas y con m\u00e1s actividades que en los per\u00edodos normales\u00bb, reflexiona la especialista.<\/p>\n\n\n\n<p class=\"wp-block-paragraph\">La feminizaci\u00f3n del trabajo dom\u00e9stico y de cuidados no es resultado de la Covid-19, sino un hecho conocido desde hace tiempo en Cuba. La Encuesta Nacional de Igualdad (ENIG 2016) ofrece datos sobre la divisi\u00f3n sexual del trabajo y las desiguales de g\u00e9nero que prevalecen al interior de los hogares cubanos.<\/p>\n\n\n\n<p class=\"wp-block-paragraph\">\u00abNuestros hogares son esencialmente construidos y organizados reproduciendo una l\u00f3gica patriarcal y, en ese sentido, hay una sobrecarga para las mujeres, quienes, al mismo tiempo, tienen que asumir otras responsabilidades en el \u00e1mbito p\u00fablico\u00bb, sostiene Georgina Alfonso, directora del Instituto de Filosof\u00eda.<\/p>\n\n\n\n<p class=\"wp-block-paragraph\">\u00abPor ejemplo, ellas son 71,1 por ciento del personal de salud y tambi\u00e9n son mayor\u00eda en la fuerza t\u00e9cnica y profesional del pa\u00eds, pero \u00bfqu\u00e9 pasa cuando regresan a casa?\u00bb, reflexiona Alfonso.<\/p>\n\n\n\n<p class=\"wp-block-paragraph\">La investigadora feminista reconoce que el escenario actual exige poner la mirada en los cuidados y repensar la manera en que se asumen al interior de las familias, pero tambi\u00e9n en la sociedad.<\/p>\n\n\n\n<p class=\"wp-block-paragraph\">\u00abEsta circunstancia nos obliga a reflexionar sobre algo en lo que se insiste desde el pensamiento feminista: la responsabilidad individual y colectiva en la organizaci\u00f3n equitativa de las tareas del hogar. No se trata de &#8216;ayudar a mam\u00e1&#8217;, sino de distribuir las tareas del hogar porque la responsabilidad de la reproducci\u00f3n de la vida es de todas y todos\u00bb, afirma Alfonso.<\/p>\n\n\n\n<p class=\"wp-block-paragraph\"><strong>\u00bfY si, en vez del closet, echamos abajo las desigualdades de g\u00e9nero?&nbsp;<\/strong><\/p>\n\n\n\n<p class=\"wp-block-paragraph\">Convocatorias, videos motivacionales y recetas para pasar la cuarentena convidan a realizar proyectos pospuestos: reformas hogare\u00f1as, leer un libro, hacer proyectos nuevos, organizar libreros y armarios, dedicar tiempo a la familia. Pero, \u00bfla realidad dom\u00e9stica lo permite?<\/p>\n\n\n\n<p class=\"wp-block-paragraph\">Los testimonios indican que aquellas familias que hab\u00edan avanzado en la equidad est\u00e1n en mejores condiciones para hacer del tiempo en aislamiento un momento provechoso y menos desigual.<\/p>\n\n\n\n<p class=\"wp-block-paragraph\">Es el caso de Yorisel Andino Castillo, residente en la ciudad Santiago de Cuba, a unos 867 kil\u00f3metros de La Habana.<\/p>\n\n\n\n<p class=\"wp-block-paragraph\">\u00abPor fortuna me toc\u00f3 una buena familia y, luego de adulta, tengo la certeza de haber formado mi propia familia de la mejor manera para todos nosotros. Por eso el tiempo de aislamiento social no ha venido a inventarnos nada, sino a reforzar lo que somos\u00bb, cuenta la joven music\u00f3loga y directora de la Sala de Conciertos Dolores.<\/p>\n\n\n\n<p class=\"wp-block-paragraph\">Andino vive con su hija peque\u00f1a, su esposo Miguel, su madre y una t\u00eda materna, ambas adultas mayores. Tres generaciones conviven en armon\u00eda, una realidad que para otras familias es un reto.<\/p>\n\n\n\n<p class=\"wp-block-paragraph\">\u00abVivimos en una casa enorme del centro hist\u00f3rico santiaguero, as\u00ed que la higiene de la vivienda es tarea hist\u00f3ricamente compartida, te aseguro que la columna vertebral de una sola persona no resistir\u00eda\u00bb, afirma la joven de 36 a\u00f1os.<\/p>\n\n\n\n<p class=\"wp-block-paragraph\">En su caso, el cambio generacional y la formaci\u00f3n profesional han sido factores determinantes. Organizaci\u00f3n y equidad vienen de la mano y las tareas dom\u00e9sticas se distribuyen de acuerdo con las habilidades y posibilidades de cada integrante. As\u00ed, ella puede trabajar desde casa, pueden jugar con la peque\u00f1a Adriana Mercedes y disfrutar rituales familiares como el caf\u00e9 de la tarde.<\/p>\n\n\n\n<p class=\"wp-block-paragraph\">\u00abComo matrimonio, pertenecemos por suerte a una generaci\u00f3n que cambi\u00f3 las percepciones sobre la familia tradicional. Gracias a nuestra formaci\u00f3n en las ciencias sociales y human\u00edsticas, y a nuestros contextos, trascendemos las tareas etiquetadas o prefijadas a los llamados roles de g\u00e9nero\u00bb, explica la tambi\u00e9n profesora de arte.<\/p>\n\n\n\n<p class=\"wp-block-paragraph\">La experiencia de Andino no es \u00fanica. Desde otros espacios se comparten historias de padres que participan de manera activa en los cuidados y educaci\u00f3n de hijas e hijos.<\/p>\n\n\n\n<p class=\"wp-block-paragraph\">\u00abLos que se est\u00e1n quedando en casa con las mam\u00e1s est\u00e1n distribuy\u00e9ndose las actividades. La red de apoyo es esencial y lo correcto es que todos los miembros adultos de la familia se compartan las labores de manera justa. Y si nos estamos refiriendo a los ni\u00f1os, ambos padres deben estar mano a mano haci\u00e9ndolo todo\u00bb, refiere, desde su pr\u00e1ctica de acompa\u00f1amiento, la psic\u00f3loga Castellanos.<\/p>\n\n\n\n<p class=\"wp-block-paragraph\">La investigadora Odalys Gonz\u00e1lez Collazo tambi\u00e9n propone comenzar por la familia para valorar los cuidados y el trabajo reproductivo.<\/p>\n\n\n\n<p class=\"wp-block-paragraph\">\u00abLa distribuci\u00f3n equitativa de las tareas al interior del hogar puede ser un primer paso, as\u00ed como una mayor conciencia del valor y significaci\u00f3n que tienen estas labores. Se debe romper con el esquema err\u00f3neo de que los cuidados son solo un trabajo concerniente a las mujeres, las cuales `especial y naturalmente` est\u00e1n dispuestas a ejercerlo\u00bb, opina Gonz\u00e1lez, especialista del Centro de Investigaciones Psicol\u00f3gicas y Sociol\u00f3gicas (CIPS).<\/p>\n\n\n\n<p class=\"wp-block-paragraph\">Las entrevistadas por SEMlac plantean un men\u00fa de opciones participativas para las din\u00e1micas familiares en tiempos de la Covid-19, que incluye: la distribuci\u00f3n de tareas y responsabilidades dom\u00e9sticas y su rotaci\u00f3n entre integrantes de la familia; la designaci\u00f3n de una persona para hacer las gestiones imprescindibles fuera del hogar; dedicar tiempos para el autocuidado y respetarlos; dise\u00f1ar horarios para el estudio y las tareas dom\u00e9sticas y reservar momentos para compartir y disfrutar en familia.<\/p>\n\n\n\n<p class=\"wp-block-paragraph\">As\u00ed, la \u00abcuarentena\u00bb ha visto nacer los cine-debates familiares, momentos para compartir la banda sonora de distintas generaciones que conviven en casa y hasta grupos familiares y barriales de Facebook donde se intercambian an\u00e9cdotas diarias.<\/p>\n\n\n\n<p class=\"wp-block-paragraph\">El uso de las redes sociales virtuales e internet como recurso para la informaci\u00f3n, la comunicaci\u00f3n y la convivencia, en plena pandemia, es in\u00e9dito en Cuba. En la naci\u00f3n caribe\u00f1a crece el acceso a estos servicios, pese a su carest\u00eda. De acuerdo con el Informe Global Digital, en 2019 Cuba report\u00f3 7,1 millones de personas conectadas, lo cual representa 63 por ciento de la poblaci\u00f3n.<\/p>\n\n\n\n<p class=\"wp-block-paragraph\"><strong>\u00bfQu\u00e9 sucede cuando no nos protege el mismo techo?<\/strong><\/p>\n\n\n\n<p class=\"wp-block-paragraph\">El hogar es mucho m\u00e1s que una vivienda y un techo, pero en momentos en los que todos deben mantenerse en casa, ese espacio f\u00edsico y las desiguales sociales tambi\u00e9n limitan las estrategias familiares.<\/p>\n\n\n\n<p class=\"wp-block-paragraph\">El d\u00e9ficit de viviendas en Cuba es un problema complejo. La Pol\u00edtica de la vivienda, publicada en 2018, refiere que 849.753 personas viven en cuarter\u00edas, ciudadelas y edificios cr\u00edticos.<\/p>\n\n\n\n<p class=\"wp-block-paragraph\">La Habana es la provincia m\u00e1s afectada y cuenta con 104 comunidades de tr\u00e1nsito, en las que algunas familias han vivido por m\u00e1s de 20 a\u00f1os, seg\u00fan informaci\u00f3n difundida por la Agencia Cubana de Noticias (ACN). La capital es tambi\u00e9n la provincia con mayor n\u00famero de casos confirmados de la COVID-19.<\/p>\n\n\n\n<p class=\"wp-block-paragraph\">\u00bfQu\u00e9 estrategias para la convivencia pueden generarse y apoyarse hacia esos espacios precarios, en tiempos de pandemia?<\/p>\n\n\n\n<p class=\"wp-block-paragraph\">\u00abLas miradas tambi\u00e9n deben ponerse en los recursos y estrategias familiares para afrontar este acontecimiento de salud y brindar especial atenci\u00f3n a aquellas familias que se encuentran en situaci\u00f3n de vulnerabilidad social\u00bb, opina Odalys Gonz\u00e1lez Collazo.<\/p>\n\n\n\n<p class=\"wp-block-paragraph\">El gobierno ha dado a conocer distintas medidas de apoyo a familias vulnerables, como las de adultos mayores, personas solas y con menores de edad, y aquellas que se encuentran en localidades con transmisi\u00f3n de la enfermedad. Las disposiciones incluyen ayuda financiera, asistencia social, entrega a domicilio de alimentos y medicinas, entre otras acciones.<\/p>\n\n\n\n<p class=\"wp-block-paragraph\">Para Georgina Alfonso, el contexto cubano tiene fortalezas que hacen de la comunidad el espacio donde pueden desarrollarse iniciativas solidarias con la participaci\u00f3n de la familia, la comunidad, el Estado, la ciudadan\u00eda y el sector privado de la econom\u00eda.<\/p>\n\n\n\n<p class=\"wp-block-paragraph\">\u00abEl tejido social cubano favorece la vida en la comunidad y, en estos momentos, es un factor muy importante. En la comunidad se sabe qui\u00e9n est\u00e1 enfermo, qu\u00e9 familia necesita ayuda, qui\u00e9nes son las mujeres que est\u00e1n trabajando en estos momentos\u00bb, opina la investigadora feminista.<\/p>\n","protected":false},"excerpt":{"rendered":"<p>\u00bfQu\u00e9 sucede cuando no nos protege el mismo techo?<\/p>\n","protected":false},"author":3,"featured_media":19887,"comment_status":"open","ping_status":"open","sticky":false,"template":"","format":"standard","meta":{"_monsterinsights_skip_tracking":false,"footnotes":""},"categories":[691,135,53],"tags":[],"class_list":["post-19881","post","type-post","status-publish","format-standard","has-post-thumbnail","category-691","category-emergencia-sanitaria-covid-19","category-internacional"],"_links":{"self":[{"href":"https:\/\/redsemlac.com\/semmexico\/wp-json\/wp\/v2\/posts\/19881","targetHints":{"allow":["GET"]}}],"collection":[{"href":"https:\/\/redsemlac.com\/semmexico\/wp-json\/wp\/v2\/posts"}],"about":[{"href":"https:\/\/redsemlac.com\/semmexico\/wp-json\/wp\/v2\/types\/post"}],"author":[{"embeddable":true,"href":"https:\/\/redsemlac.com\/semmexico\/wp-json\/wp\/v2\/users\/3"}],"replies":[{"embeddable":true,"href":"https:\/\/redsemlac.com\/semmexico\/wp-json\/wp\/v2\/comments?post=19881"}],"version-history":[{"count":0,"href":"https:\/\/redsemlac.com\/semmexico\/wp-json\/wp\/v2\/posts\/19881\/revisions"}],"wp:featuredmedia":[{"embeddable":true,"href":"https:\/\/redsemlac.com\/semmexico\/wp-json\/wp\/v2\/media\/19887"}],"wp:attachment":[{"href":"https:\/\/redsemlac.com\/semmexico\/wp-json\/wp\/v2\/media?parent=19881"}],"wp:term":[{"taxonomy":"category","embeddable":true,"href":"https:\/\/redsemlac.com\/semmexico\/wp-json\/wp\/v2\/categories?post=19881"},{"taxonomy":"post_tag","embeddable":true,"href":"https:\/\/redsemlac.com\/semmexico\/wp-json\/wp\/v2\/tags?post=19881"}],"curies":[{"name":"wp","href":"https:\/\/api.w.org\/{rel}","templated":true}]}}