{"id":19870,"date":"2020-04-27T21:44:46","date_gmt":"2020-04-27T21:44:46","guid":{"rendered":"https:\/\/redsemlac.com\/semmexico\/?p=19870"},"modified":"2023-07-21T15:26:59","modified_gmt":"2023-07-21T20:26:59","slug":"confirma-fiscalia-asesinato-de-la-doctora-diana-ya-hay-avances-sobre-el-crimen","status":"publish","type":"post","link":"https:\/\/redsemlac.com\/semmexico\/confirma-fiscalia-asesinato-de-la-doctora-diana-ya-hay-avances-sobre-el-crimen\/","title":{"rendered":"Confirma fiscal\u00eda asesinato de la doctora Diana; ya hay avances sobre el crimen"},"content":{"rendered":"\n<ul class=\"wp-block-list\"><li><strong>De manera extra oficial se menciona que fue encontrada al interior de un negocio propiedad de su marido.<\/strong><\/li><\/ul>\n\n\n\n<p class=\"wp-block-paragraph\"><strong>Benny Cruz Zapata<\/strong><\/p>\n\n\n\n<p class=\"wp-block-paragraph\">SemM\u00e9xico\/Observatorio Tamaulipas. Ciudad Victoria,\nTamaulipas. &nbsp;27 de abril 2020.- Asegurando\nque ya hay avances importantes sobre el crimen de la doctora Diana Isabel\nRodriguez Bujanos; la Fiscal\u00eda de Justicia en la entidad ha dado a conocer\noficialmente la localizaci\u00f3n del cuerpo sin vida de la mujer.<\/p>\n\n\n\n<p class=\"wp-block-paragraph\">Se afirma que los que peritos de la Direcci\u00f3n de Servicios\nPericiales y Ciencias Forenses llevan a cabo el procesamiento del lugar de los\nhechos para el levantamiento de evidencia a indicios que permitan establecer c\u00f3mo\nsucedieron los hechos y la causa de la muerte.<\/p>\n\n\n\n<p class=\"wp-block-paragraph\">Se precisa que la Fiscal\u00eda General de Justicia del Estado de\nTamaulipas, a trav\u00e9s de la Fiscal\u00eda Especializada en la Investigaci\u00f3n de\nDelitos de Desaparici\u00f3n Forzada de Personas, informa que a partir de la\ndenuncia de desaparici\u00f3n puesta el pasado 24 de abril por familiares de una\npersona del sexo femenino, se implementaron los protocolos correspondientes\npara la b\u00fasqueda, los cuales junto a otras investigaciones permitieron\nlocalizar, lamentablemente sin vida, el cuerpo de la mujer no localizada.<\/p>\n\n\n\n<p class=\"wp-block-paragraph\">Una vez que se tuvo conocimiento de la desaparici\u00f3n, los\nPolic\u00edas Investigadores llevaron a cabo entre otras acciones, la entrevista de\nfamiliares, amigos y compa\u00f1eros de trabajo, as\u00ed como el rastreo con binomios\ncaninos; adem\u00e1s la revisi\u00f3n de c\u00e1maras de video vigilancia e inmuebles que\npermitieron conocer la ubicaci\u00f3n de la v\u00edctima.<\/p>\n\n\n\n<p class=\"wp-block-paragraph\">Es de se\u00f1alar que, hay avances importantes en las\nindagatorias para dar a conocer la verdad de los hechos y que los mismos no\nqueden impunes.<\/p>\n\n\n\n<p class=\"wp-block-paragraph\">De manera extra oficial se menciona que el cuerpo de la\ndoctora asesinada se encontr\u00f3 en un negocio propiedad de su marido.<\/p>\n","protected":false},"excerpt":{"rendered":"<p>De manera extra oficial se menciona que fue encontrada un negocio propiedad de su marido.<\/p>\n","protected":false},"author":3,"featured_media":19871,"comment_status":"open","ping_status":"open","sticky":false,"template":"","format":"standard","meta":{"_monsterinsights_skip_tracking":false,"footnotes":""},"categories":[691,51],"tags":[],"class_list":["post-19870","post","type-post","status-publish","format-standard","has-post-thumbnail","category-691","category-ejecutivo"],"_links":{"self":[{"href":"https:\/\/redsemlac.com\/semmexico\/wp-json\/wp\/v2\/posts\/19870","targetHints":{"allow":["GET"]}}],"collection":[{"href":"https:\/\/redsemlac.com\/semmexico\/wp-json\/wp\/v2\/posts"}],"about":[{"href":"https:\/\/redsemlac.com\/semmexico\/wp-json\/wp\/v2\/types\/post"}],"author":[{"embeddable":true,"href":"https:\/\/redsemlac.com\/semmexico\/wp-json\/wp\/v2\/users\/3"}],"replies":[{"embeddable":true,"href":"https:\/\/redsemlac.com\/semmexico\/wp-json\/wp\/v2\/comments?post=19870"}],"version-history":[{"count":0,"href":"https:\/\/redsemlac.com\/semmexico\/wp-json\/wp\/v2\/posts\/19870\/revisions"}],"wp:featuredmedia":[{"embeddable":true,"href":"https:\/\/redsemlac.com\/semmexico\/wp-json\/wp\/v2\/media\/19871"}],"wp:attachment":[{"href":"https:\/\/redsemlac.com\/semmexico\/wp-json\/wp\/v2\/media?parent=19870"}],"wp:term":[{"taxonomy":"category","embeddable":true,"href":"https:\/\/redsemlac.com\/semmexico\/wp-json\/wp\/v2\/categories?post=19870"},{"taxonomy":"post_tag","embeddable":true,"href":"https:\/\/redsemlac.com\/semmexico\/wp-json\/wp\/v2\/tags?post=19870"}],"curies":[{"name":"wp","href":"https:\/\/api.w.org\/{rel}","templated":true}]}}