{"id":19867,"date":"2020-04-28T08:50:00","date_gmt":"2020-04-28T08:50:00","guid":{"rendered":"https:\/\/redsemlac.com\/semmexico\/?p=19867"},"modified":"2023-07-21T15:26:58","modified_gmt":"2023-07-21T20:26:58","slug":"michoacan-36","status":"publish","type":"post","link":"https:\/\/redsemlac.com\/semmexico\/michoacan-36\/","title":{"rendered":"Aument\u00f3 la violencia en casa por encierro: Gobierno de Michoac\u00e1n"},"content":{"rendered":"\n<ul class=\"wp-block-list\"><li><strong>Primera entidad con un protocolo y atenci\u00f3n\nlas 24 horas<\/strong><\/li><li><strong>60 por ciento de las quejas en Morelia, el\nresto en 14 municipios <\/strong><\/li><li><strong>Las quejas llegaron desde el sur de M\u00e9xico y\nla capital de la Rep\u00fablica<\/strong><\/li><\/ul>\n\n\n\n<p class=\"wp-block-paragraph\"><strong>Por Amelia Ocampo,\ncorresponsal<\/strong><\/p>\n\n\n\n<p class=\"wp-block-paragraph\">SemM\u00e9xico. Morelia, Michoac\u00e1n. 28 de\nabril 2020.- Luego de poner en marcha el primer Protocolo de Atenci\u00f3n para las\nMujeres V\u00edctimas de Violencia de G\u00e9nero durante el periodo de Aislamiento por\nCOVID-19, en Michoac\u00e1n se registr\u00f3 un aumento de llamadas de auxilio,\nsolicitudes de orientaci\u00f3n e intervenci\u00f3n para casos de violencia en casa.<\/p>\n\n\n\n<p class=\"wp-block-paragraph\">Los reportes recibidos indican que, durante\nlas semanas de aislamiento, aumentaron las denuncias de violencia, 60 por\nciento en la capital Morelia, y la queja principal es que se ejerce violencia\npsicol\u00f3gica, principalmente, explicable por la convivencia forzada.<\/p>\n\n\n\n<p class=\"wp-block-paragraph\">Luego se indica que en segundo lugar\nlas mujeres denuncian el control econ\u00f3mico y, finalmente la violencia f\u00edsica,\ncomo golpes, empujones y maltrato. <\/p>\n\n\n\n<p class=\"wp-block-paragraph\">l tel\u00e9fono de emergencia que se puso a\ndisposici\u00f3n por el gobierno ha recibido 125 llamadas, inform\u00f3. Secretar\u00eda de Igualdad Sustantiva y Desarrollo de las\nMujeres Michoacanas (Seimujer)<\/p>\n\n\n\n<p class=\"wp-block-paragraph\">Se inform\u00f3 que el 60 por ciento de las\natenciones son de mujeres de Morelia, la capital del estado y resto se\nrecibieron de los municipios de: La Piedad, Zamora, Tac\u00e1mbaro, Par\u00e1cuaro,\nP\u00e1tzcuaro, Huandacareo, Ocampo, Los Reyes,<\/p>\n\n\n\n<p class=\"wp-block-paragraph\">Uruapan, Ciudad Hidalgo, Panindicuaro,\nZacapu, Coalcoman y Ario de Rosales.<\/p>\n\n\n\n<p class=\"wp-block-paragraph\">La difusi\u00f3n de c\u00f3mo se instal\u00f3 el\nprimer protocolo, tras advertirse que el encierro aumenta la vulnerabilidad\npara las mujeres y Michoac\u00e1n indic\u00f3 las acciones concretas, originaron que\nacudieron al auxilio de esta entidad mujeres de la CDMX, Playa del Carmen, Quintana\nRoo. Se inform\u00f3 que ellas han sido canalizadas a sus estados <\/p>\n\n\n\n<p class=\"wp-block-paragraph\">Al informarse que la violencia\ndomestica se ha incrementado en lo que va del periodo de aislamiento por\nCOVID-19, se calcul\u00f3 un incremento considerable en las atenciones,\norientaciones y contenci\u00f3n, solo en este periodo hemos sumado 125 atenciones\nv\u00eda telef\u00f3nica, 15 correos electr\u00f3nicos, y 7 ingresos al Refugio o Casa de\nEmergencia. <\/p>\n\n\n\n<p class=\"wp-block-paragraph\">De las 125 llamadas el 70 por ciento\nlo hicieron por violencia psicol\u00f3gica, seguida de violencia econ\u00f3mica y\nfinalmente f\u00edsica, el tel\u00e9fono de emergencia de la Seimujer, brinda atenci\u00f3n\nlas 24 horas los 7 d\u00edas de la semana, con un equipo de especialistas que dan\natenci\u00f3n personalizada a las presuntas v\u00edctimas.&nbsp; <\/p>\n\n\n\n<p class=\"wp-block-paragraph\">La otra pandemia como es considerada\nla violencia contra ni\u00f1as y mujeres, ha registrado un incremento principalmente\ncausado por que las familias se encuentran la mayor parte del tiempo en su\ncasa, en los casos con antecedentes de violencia es todav\u00eda mayor. <\/p>\n\n\n\n<p class=\"wp-block-paragraph\">Como medida de prevenci\u00f3n a trav\u00e9s de\nlas redes sociales de la Seimujer, se han realizado capsulas informativas con\nespecialistas que abordan temas de prevenci\u00f3n y atenci\u00f3n de la violencia de\ng\u00e9nero, el prop\u00f3sito es visibilizar el problema y ofrecer orientaci\u00f3n. <\/p>\n\n\n\n<p class=\"wp-block-paragraph\">Cabe mencionar, que Michoac\u00e1n fue <strong>el primer estado del pa\u00eds en implementar un\nProtocolo de Atenci\u00f3n para las Mujeres V\u00edctimas de Violencia de G\u00e9nero durante\nel periodo de Aislamiento por COVID-19, <\/strong>mismo que ya ha sido replicado en\nla mayor\u00eda de los estados del pa\u00eds, as\u00ed como instancias federales como el\nINMUJERES. &nbsp;<\/p>\n\n\n\n<p class=\"wp-block-paragraph\">En el micrositio michoacancoronavirus.com, se puede descargar el material del Protocolo, el cual est\u00e1 en espa\u00f1ol y pur\u00e9pecha <\/p>\n\n\n\n<p class=\"has-text-color has-vivid-red-color wp-block-paragraph\"><a href=\"https:\/\/michoacan.gob.mx\/wp-content\/uploads\/2020\/03\/protocolo-atencion-covid-19-v3.pdf\">https:\/\/michoacan.gob.mx\/wp-content\/uploads\/2020\/03\/protocolo-atencion-covid-19-v3.pdf<\/a><\/p>\n\n\n\n<p class=\"wp-block-paragraph\"><strong>Medidas de atenci\u00f3n,\ncontenci\u00f3n y prevenci\u00f3n de la violencia: <\/strong><strong>SEIMUJER<\/strong><\/p>\n\n\n\n<ul class=\"wp-block-list\"><li>Se\nimplement\u00f3 un protocolo de atenci\u00f3n ante posible incremento de casos de\nviolencia de g\u00e9nero<\/li><\/ul>\n\n\n\n<ul class=\"wp-block-list\"><li>Se\nimplement\u00f3 la atenci\u00f3n a mujeres v\u00edctimas de violencia y se tienen activas\nvarias l\u00edneas del tel\u00e9fono 44-3582-2082, en las que adem\u00e1s se reciben mensajes\nde texto y de WhatsApp, tambi\u00e9n se activ\u00f3 el correo electr\u00f3nico\nseimujeratencion@gmail.com, y a trav\u00e9s de las redes sociales de la Seimujer.<\/li><\/ul>\n\n\n\n<ul class=\"wp-block-list\"><li>Se\nhan sumado a las a las Instancias Municipales de la Mujer en la prevenci\u00f3n de\nla violencia<\/li><\/ul>\n\n\n\n<ul class=\"wp-block-list\"><li>Se\nha puesto a disposici\u00f3n de mujeres v\u00edctimas de violencia de g\u00e9nero el Refugio y\nCasa de Tr\u00e1nsito para su resguardo cuando no cuentan con redes de apoyo.<\/li><\/ul>\n\n\n\n<p class=\"wp-block-paragraph\">&nbsp;<a href=\"window.print()\" target=\"_blank\" rel=\"noreferrer noopener\"><\/a><\/p>\n\n\n\n<p class=\"wp-block-paragraph\">AO\/Sl\/IL<\/p>\n","protected":false},"excerpt":{"rendered":"<p>Primera entidad con un protocolo y atenci\u00f3n las 24 horas<\/p>\n","protected":false},"author":3,"featured_media":19868,"comment_status":"open","ping_status":"open","sticky":false,"template":"","format":"standard","meta":{"_monsterinsights_skip_tracking":false,"footnotes":""},"categories":[691,135],"tags":[],"class_list":["post-19867","post","type-post","status-publish","format-standard","has-post-thumbnail","category-691","category-emergencia-sanitaria-covid-19"],"_links":{"self":[{"href":"https:\/\/redsemlac.com\/semmexico\/wp-json\/wp\/v2\/posts\/19867","targetHints":{"allow":["GET"]}}],"collection":[{"href":"https:\/\/redsemlac.com\/semmexico\/wp-json\/wp\/v2\/posts"}],"about":[{"href":"https:\/\/redsemlac.com\/semmexico\/wp-json\/wp\/v2\/types\/post"}],"author":[{"embeddable":true,"href":"https:\/\/redsemlac.com\/semmexico\/wp-json\/wp\/v2\/users\/3"}],"replies":[{"embeddable":true,"href":"https:\/\/redsemlac.com\/semmexico\/wp-json\/wp\/v2\/comments?post=19867"}],"version-history":[{"count":0,"href":"https:\/\/redsemlac.com\/semmexico\/wp-json\/wp\/v2\/posts\/19867\/revisions"}],"wp:featuredmedia":[{"embeddable":true,"href":"https:\/\/redsemlac.com\/semmexico\/wp-json\/wp\/v2\/media\/19868"}],"wp:attachment":[{"href":"https:\/\/redsemlac.com\/semmexico\/wp-json\/wp\/v2\/media?parent=19867"}],"wp:term":[{"taxonomy":"category","embeddable":true,"href":"https:\/\/redsemlac.com\/semmexico\/wp-json\/wp\/v2\/categories?post=19867"},{"taxonomy":"post_tag","embeddable":true,"href":"https:\/\/redsemlac.com\/semmexico\/wp-json\/wp\/v2\/tags?post=19867"}],"curies":[{"name":"wp","href":"https:\/\/api.w.org\/{rel}","templated":true}]}}