{"id":19865,"date":"2020-04-27T20:01:21","date_gmt":"2020-04-27T20:01:21","guid":{"rendered":"https:\/\/redsemlac.com\/semmexico\/?p=19865"},"modified":"2023-07-21T15:26:59","modified_gmt":"2023-07-21T20:26:59","slug":"botella-al-mar-28","status":"publish","type":"post","link":"https:\/\/redsemlac.com\/semmexico\/botella-al-mar-28\/","title":{"rendered":"Botella al Mar"},"content":{"rendered":"\n<h2 class=\"wp-block-heading\"><strong>Feminismo y coronavirus<\/strong><\/h2>\n\n\n\n<p class=\"wp-block-paragraph\"><strong>Martha Canseco Gonz\u00e1lez<\/strong><\/p>\n\n\n\n<p class=\"wp-block-paragraph\">SemM\u00e9xico. Hidalgo. 27 de abril de 2020.- Hace muchos a\u00f1os cuando est\u00e1bamos conformando la red de CIMAC (Comunicaci\u00f3n e Informaci\u00f3n de la Mujer A.C.), Sara Lovera nos hizo un regalazo a las mujeres periodistas, logr\u00f3 que Marcela Lagarde y de los R\u00edos nos diera un taller de varias sesiones sobre autoestima.<\/p>\n\n\n\n<p class=\"wp-block-paragraph\">La recuerdo perfectamente, con su pelo largo, vestida con un huipil multicolor y la profundidad de sus ojos claros. Esa sabia mujer nos dijo: -Cuando las amenazan dici\u00e9ndoles \u00a1te vas a quedar sola s\u00ed eres tan rebelde!, realmente \u00bfqu\u00e9 les est\u00e1n diciendo en el fondo? pregunt\u00f3. &#8211; \u00a1Pues que te vas a quedar sin un hombre! \u2013 contest\u00f3 la mayor\u00eda. &#8211; \u00a1No!, respondi\u00f3, &#8211; Con lo que las est\u00e1n amenazando es que se van a quedar con ustedes mismas, \u00bftan malo es, quedarse con una misma? se\u00f1al\u00f3. Ah\u00ed entend\u00ed cu\u00e1nto val\u00eda la pena estar conmigo misma.<\/p>\n\n\n\n<p class=\"wp-block-paragraph\">El feminismo tambi\u00e9n dice: \u00a1Tu cuerpo es tu hogar!, as\u00ed que tengo ya muchos a\u00f1os procur\u00e1ndolo, tanto como la mente y el alma, hace tiempo adem\u00e1s que decid\u00ed ser una mujer integral e \u00edntegra.<\/p>\n\n\n\n<p class=\"wp-block-paragraph\">Con la abogada feminista Mar\u00eda Mart\u00edn Barranco, creadora de la Escuela Virtual de Empoderamiento Femenino, durante un a\u00f1o me capacit\u00e9 en desarrollo personal desde el punto de vista feminista, la felicidad fue el centro de ese estudio.<\/p>\n\n\n\n<p class=\"wp-block-paragraph\">Todo esto viene a colaci\u00f3n por lo que est\u00e1n revelando los an\u00e1lisis de g\u00e9nero sobre la pandemia del COVID-19. Datos y an\u00e1lisis proporcionados por mi amiga Monique Thiteaux Altschul, por supuesto tambi\u00e9n feminista muy reconocida de Argentina, se\u00f1alan que mas del 70% de los hombres muertos por coronavirus en el pa\u00eds austral, son mayores de 60 a\u00f1os. Monique estima que esto se debe no s\u00f3lo a la edad que los convirti\u00f3 en poblaci\u00f3n vulnerable, sino tambi\u00e9n a una cuesti\u00f3n generacional, para esos hombres los h\u00e1bitos de higiene y de cuidado a s\u00ed mismos es de \u201cviejas\u201d. Para los hombres m\u00e1s j\u00f3venes, dice, ahora ya es m\u00e1s com\u00fan que se laven y se procuren.<\/p>\n\n\n\n<p class=\"wp-block-paragraph\">Otra amiga, Dalia Acosta, feminista cubana, tambi\u00e9n recab\u00f3 datos e hizo an\u00e1lisis. En Cuba el 60% de los fallecidos por coronavirus, son hombres. Dalia dice, una manera de ser hombre en Cuba, \u00a1claro macho alfa!, es tomar riesgos est\u00fapidos e innecesarios. \u00a1S\u00f3lo basta mirarlos caminando por el malec\u00f3n de La Habana con el nasobuco (tapabocas) como si fuera collar!, claro el argumento es que les da calor, \u00a1es que a ellos nada les ha de molestar!, se\u00f1ala Dalia, aunque su vida vaya de por medio.<\/p>\n\n\n\n<p class=\"wp-block-paragraph\">Platicando con mi querida amiga Tania Meza, sobre c\u00f3mo se ha disparado en Hidalgo el n\u00famero de mujeres y ni\u00f1as violentadas en sus propios hogares por los agresores machistas, ella me dec\u00eda: -Es que hay tantos hombres que no saben estar consigo mismos, ni con su esposa hijos e hijas, que est\u00e1n echando mano de la violencia m\u00e1s violenta para desfogar su frustraci\u00f3n. Y yo comento: eso por supuesto, \u00a1no es una raz\u00f3n, es una justificaci\u00f3n de los injustificable, la violencia de g\u00e9nero! Por supuesto ni mujeres, ni ni\u00f1as ni ni\u00f1os, son responsables de lo que est\u00e1 ocurriendo no hay porqu\u00e9 desquitarse con ellas y ellos, es \u00a1urgente! que le encuentren otro cauce a su imposibilidad de soportar la frustraci\u00f3n.<\/p>\n\n\n\n<p class=\"wp-block-paragraph\">Otros datos recabados en M\u00e9xico indican que, como es la tendencia en el resto del mundo, son hombres la mayor\u00eda de los que est\u00e1n muriendo por COVID 19 en nuestro pa\u00eds. \u00a1Qui\u00e9n nos iba a decir que el machismo ser\u00eda el peor enemigo de los hombres en esta pandemia!<\/p>\n\n\n\n<p class=\"wp-block-paragraph\">Y \u00a1qui\u00e9n me iba a decir que el feminismo me ser\u00eda de tanta utilidad en esta situaci\u00f3n de confinamiento obligatorio y coronavirus! Siempre he reconocido que he sido, soy y seguir\u00e9 siendo una mujer muy afortunada, por supuesto me doy cuenta de mis privilegios, privilegios ganados sin necesidad de violentar los derechos humanos de las y los dem\u00e1s, \u00a1no se los he quitado a nadie! sino me los he ganado solamente aprendiendo y siguiendo las recomendaciones del feminismo de procurarme a m\u00ed misma y desarrollando a profundidad el amor propio.&nbsp;<\/p>\n\n\n\n<p class=\"wp-block-paragraph\">C\u00f3mo me dijo Tania, &#8211; As\u00ed como en los aviones cuando te dan las normas en caso de emergencia y te dicen \u00a1Antes de ponerle la mascarilla de ox\u00edgeno a ni\u00f1as y ni\u00f1os, \u00a1p\u00f3ngasela usted misma primero! &#8211; \u00a1eso es tremendamente feminista!<\/p>\n\n\n\n<p class=\"wp-block-paragraph\">Para lograrlo, es fundamental romper con nuestros propios roles y estereotipos de g\u00e9nero, que le exigen a mujeres y ni\u00f1as procurar, atender a todas y todos los dem\u00e1s antes que a s\u00ed mismas.<\/p>\n\n\n\n<p class=\"wp-block-paragraph\">Como asegura Chimamanda Ngozi Adichie y coincido con ella, \u00a1\u00a1Todas, todos y todes deber\u00edamos ser feministas! Yo a\u00f1ado \u00a1eso salva la vida! \u00bfSer\u00e1 que es esta pandemia la que acabar\u00e1 con el machismo en el mundo? Ah\u00ed se los dejo.<\/p>\n\n\n\n<p class=\"wp-block-paragraph\"><a href=\"mailto:botellalmar2017@gmail.com\" target=\"_blank\" rel=\"noreferrer noopener\">botellalmar2017@gmail.com<\/a><\/p>\n","protected":false},"excerpt":{"rendered":"<p>Feminismo y coronavirus<\/p>\n","protected":false},"author":3,"featured_media":9095,"comment_status":"open","ping_status":"open","sticky":false,"template":"","format":"standard","meta":{"_monsterinsights_skip_tracking":false,"footnotes":""},"categories":[691,98,84],"tags":[],"class_list":["post-19865","post","type-post","status-publish","format-standard","has-post-thumbnail","category-691","category-botella-al-mar","category-martha-canseco"],"_links":{"self":[{"href":"https:\/\/redsemlac.com\/semmexico\/wp-json\/wp\/v2\/posts\/19865","targetHints":{"allow":["GET"]}}],"collection":[{"href":"https:\/\/redsemlac.com\/semmexico\/wp-json\/wp\/v2\/posts"}],"about":[{"href":"https:\/\/redsemlac.com\/semmexico\/wp-json\/wp\/v2\/types\/post"}],"author":[{"embeddable":true,"href":"https:\/\/redsemlac.com\/semmexico\/wp-json\/wp\/v2\/users\/3"}],"replies":[{"embeddable":true,"href":"https:\/\/redsemlac.com\/semmexico\/wp-json\/wp\/v2\/comments?post=19865"}],"version-history":[{"count":0,"href":"https:\/\/redsemlac.com\/semmexico\/wp-json\/wp\/v2\/posts\/19865\/revisions"}],"wp:featuredmedia":[{"embeddable":true,"href":"https:\/\/redsemlac.com\/semmexico\/wp-json\/wp\/v2\/media\/9095"}],"wp:attachment":[{"href":"https:\/\/redsemlac.com\/semmexico\/wp-json\/wp\/v2\/media?parent=19865"}],"wp:term":[{"taxonomy":"category","embeddable":true,"href":"https:\/\/redsemlac.com\/semmexico\/wp-json\/wp\/v2\/categories?post=19865"},{"taxonomy":"post_tag","embeddable":true,"href":"https:\/\/redsemlac.com\/semmexico\/wp-json\/wp\/v2\/tags?post=19865"}],"curies":[{"name":"wp","href":"https:\/\/api.w.org\/{rel}","templated":true}]}}