{"id":19861,"date":"2020-04-27T19:50:22","date_gmt":"2020-04-27T19:50:22","guid":{"rendered":"https:\/\/redsemlac.com\/semmexico\/?p=19861"},"modified":"2023-07-21T15:26:59","modified_gmt":"2023-07-21T20:26:59","slug":"opinion-475","status":"publish","type":"post","link":"https:\/\/redsemlac.com\/semmexico\/opinion-475\/","title":{"rendered":"Miradas de reportero"},"content":{"rendered":"\n<h2 class=\"wp-block-heading\"><strong>Periodistas, tres presiones causan los arranques del presidente<\/strong><\/h2>\n\n\n\n<p class=\"wp-block-paragraph\"><strong>Por Rogelio Hern\u00e1ndez L\u00f3pez<\/strong><\/p>\n\n\n\n<p class=\"wp-block-paragraph\">SemM\u00e9xico. Cd. de M\u00e9xico. 27 de abril de 2020.- Colegas, como saben este es un trabajo para las y los periodistas. Continu\u00f3 con la propuesta anterior que titul\u00e9&nbsp;<em>Pautas period\u00edsticas para evitar las vilezas tipo Alatorre<\/em>. Ahora ofrezco un procedimiento que nos ayude a explicar dos cosas:<\/p>\n\n\n\n<p class=\"wp-block-paragraph\">&#8212; Que los enojos del presidente se explican en que lo atosigan tres presiones en estos d\u00edas: mayor pesimismo social por la pandemia, la formaci\u00f3n de un gran movimiento opositor y porque su modelo de comunicaci\u00f3n pol\u00edtica no ha podido atraer a medios convencionales de prensa.<\/p>\n\n\n\n<p class=\"wp-block-paragraph\">&#8212; Que la sobrecarga de cr\u00edticas a los gobiernos en los medios de prensa ha sido, es y ser\u00e1 efecto de las discordancias entre factores de poder econ\u00f3mico y pol\u00edtico.&nbsp;<\/p>\n\n\n\n<p class=\"wp-block-paragraph\"><strong>Otro modo<\/strong><\/p>\n\n\n\n<p class=\"wp-block-paragraph\">En los medios se refleja un anacronismo al analizar con m\u00e9todos viejos lo nuevo del sistema pol\u00edtico mexicano. Son pocos los que buscan otros procedimientos para analizar y explicar los momentos y tendencias de cambio, principalmente en el comportamiento social.<\/p>\n\n\n\n<p class=\"wp-block-paragraph\">La f\u00edsica de las sociedades, por ejemplo, es un m\u00e9todo poco utilizado por soci\u00f3logos, polit\u00f3logos y mucho menos por pol\u00edticos y comentaristas l\u00edderes en la prensa.<\/p>\n\n\n\n<p class=\"wp-block-paragraph\"><em>Robert Axelrod<\/em>, un matem\u00e1tico que deriv\u00f3 a catedr\u00e1tico en pol\u00edticas p\u00fablicas en la Universidad de M\u00edchigan explica el comportamiento de part\u00edculas que comparten paisajes de energ\u00edas y lo coteja con los paisajes de alianzas y consensos entre pa\u00edses o sociedades (modelo paisaj\u00edstico).<\/p>\n\n\n\n<p class=\"wp-block-paragraph\">Pongamos esa lupa en M\u00e9xico.<\/p>\n\n\n\n<p class=\"wp-block-paragraph\">La elecci\u00f3n de Andr\u00e9s Manuel L\u00f3pez Obrador fue asombrosa por novedosa: un movimiento social masivo, con una abigarrada coalici\u00f3n de fuerzas y una gran ruptura de cierto clientelismo electoral. Una persona y un frente electoral heterog\u00e9neo (Morena no es partido tradicional) se convirtieron en un nuevo atractor de consenso social sin el acostumbrado soporte de las elites pol\u00edticas de empresarios y clases medias. Esto es algo de lo mucho nuevo que pocos entendemos a cabalidad.&nbsp;<\/p>\n\n\n\n<p class=\"wp-block-paragraph\">Robert Axelrod explica que temperatura y presi\u00f3n propician los cambios f\u00edsicos y lo confronta con los cambios sociales.<\/p>\n\n\n\n<p class=\"wp-block-paragraph\">Lo parafrase\u00f3: si la temperatura se mantiene constante, pero se altera la presi\u00f3n el estado de las part\u00edculas se hace inestable y cambian sus paisajes\u2026<\/p>\n\n\n\n<p class=\"wp-block-paragraph\">&nbsp;\u201c\u2026 alterar la presi\u00f3n podr\u00eda equivaler a cambiar las actitudes o los tama\u00f1os de los distintos agentes, esto es, a cambios en la intensidad de las fuerzas de atracci\u00f3n y repulsi\u00f3n que hay entre ellos\u2026 una especie de punto espinodal hist\u00f3rico\u2026 en que la alianza menos estable deja de ser viable.\u201d (p\u00e1g 344. Ball, Philip. Masa cr\u00edtica, cambio, caos y complejidad. FCE. M\u00e9xico, 2010)<\/p>\n\n\n\n<p class=\"wp-block-paragraph\"><strong>Entrop\u00eda.&nbsp;<\/strong><\/p>\n\n\n\n<p class=\"wp-block-paragraph\">Con ese marco intentemos explicar que los enojos de Andr\u00e9s Manuel L\u00f3pez Obrador derivan que percibe o intuye disminuci\u00f3n muy temprana de su fuerza como nuevo atractor del r\u00e9gimen pol\u00edtico, como l\u00edder y como eje de alianzas y consensos.<\/p>\n\n\n\n<p class=\"wp-block-paragraph\"><strong>1. La atm\u00f3sfera de pesimismo creciente<\/strong>. Hace unas semanas apareci\u00f3 otra evidencia de que la pandemia en M\u00e9xico genera altas dosis de pesimismo y desconcierto en buena parte de la sociedad informada.<\/p>\n\n\n\n<p class=\"wp-block-paragraph\">El 13 de abril la empresa Parametr\u00eda difundi\u00f3 un estudio que llam\u00f3 Redes sociales en \u00e9poca de pandemia. All\u00ed muestra un estado de \u00e1nimo negativo en Twitter de unas 8 millones 890 mil personas presuntamente de la clase mexicana.<\/p>\n\n\n\n<p class=\"wp-block-paragraph\">\u201cPr\u00e1cticamente durante todo el periodo reportado (siete d\u00edas) \u2026 todos los comentarios utilizaron un lenguaje negativo o pesimista.\u201d (<a href=\"http:\/\/www.parametria.com.mx\/carta_parametrica.php?cp=5145\" target=\"_blank\" rel=\"noreferrer noopener\">http:\/\/www.parametria.com.mx\/carta_parametrica.php?cp=5145<\/a>)<\/p>\n\n\n\n<p class=\"wp-block-paragraph\">Es probable, comenta este reportero, que tal \u00e1nimo se refleje en otras redes sociales, que eso estimule m\u00e1s una atm\u00f3sfera social de entrop\u00eda. (entrop\u00eda es la medida de la incertidumbre y desconcierto que existe ante un conjunto de mensajes, seg\u00fan teor\u00edas de la informaci\u00f3n).<\/p>\n\n\n\n<p class=\"wp-block-paragraph\"><strong>Anomia, efecto mayor<\/strong><\/p>\n\n\n\n<p class=\"wp-block-paragraph\">La entrop\u00eda estimula cismas en la sociedad porque los discordantes (opositores) aprovechan esa atm\u00f3sfera social para atraer empat\u00edas a sus proyectos. \u201cLa mayor parte del pensamiento pol\u00edtico empieza con una visi\u00f3n del mundo particular y luego busca la forma de que el mundo real se pliegue a ella.\u201d (Ball, Philip. Obra citada)<\/p>\n\n\n\n<p class=\"wp-block-paragraph\">Y el rechazo abierto y sistem\u00e1tico del presidente a los discordantes (\u201clos conservadores\u201d insiste \u00e9l), polariza m\u00e1s y sobrecalienta la atmosfera de desconcierto social. En tiempos \u201cnormales\u201d eso es anom\u00eda.<\/p>\n\n\n\n<p class=\"wp-block-paragraph\">Para la psicolog\u00eda y la sociolog\u00eda, la anomia es un estado que surge cuando los consensos y reglas de convivencia &#8212;sean o no leyes&#8211; se han degradado y ya no son respetadas por los integrantes de una comunidad.&nbsp;<\/p>\n\n\n\n<p class=\"wp-block-paragraph\"><strong>M\u00e1s polos de discordantes<\/strong>.<\/p>\n\n\n\n<p class=\"wp-block-paragraph\">Tomemos datos de notas period\u00edsticas para reflejar como han crecido los polos de discordia y de la tendencia a formar una gran coalici\u00f3n contra el nuevo atractor pol\u00edtico y su visi\u00f3n o propuesta de cambio.<\/p>\n\n\n\n<p class=\"wp-block-paragraph\"><strong>14 Gobernadores<\/strong>. Ya se han manifestado como divergentes hasta 14 gobernadores, la mayor\u00eda de los partidos opositores. Comenzaron con discrepancias en los m\u00e9todos de registro de afectados por la pandemia, por supuestos retrasos en entrega de equipos, siguieron con exigencia de otro pacto fiscal de la federaci\u00f3n con los estados, siguieron con presiones para la cancelaci\u00f3n de los proyectos del Tren Maya y de la Refiner\u00eda de Dos Bocas.&nbsp;<\/p>\n\n\n\n<p class=\"wp-block-paragraph\">Ellos son los nueve gobernadores del PAN en Aguascalientes, Baja California Sur, Chihuahua, Durango, Guanajuato, Quer\u00e9taro, Quintana Roo, Tamaulipas y Yucat\u00e1n que atraen a los alcaldes de ese partido. Esas divergencias suman a Miguel \u00c1ngel Riquelme, de Coahuila (PRI); Jaime Rodr\u00edguez Calder\u00f3n de Nuevo Le\u00f3n (independiente); Enrique Alfaro, de Jalisco (Movimiento Ciudadano); Silvano Aureoles de Michoac\u00e1n (PRD) y hasta Javier Bonilla de Baja California (Morena).<\/p>\n\n\n\n<p class=\"wp-block-paragraph\"><strong>C\u00e1maras empresariales<\/strong>. Del sector empresarial el m\u00e1s beligerante ha sido el presidente de la Confederaci\u00f3n Patronal de la Rep\u00fablica Mexicana (Coparmex), Gustavo A. De Hoyos Walther. Luego asom\u00f3 la posici\u00f3n medianamente discrepante de Carlos Salazar Lomel\u00edn, presidente del Consejo Coordinador Empresarial. Siguieron los l\u00edderes de Concamin y Canacintra. Su argumento principal es que se necesitan un plan emergente antic\u00edclico de la econom\u00eda, primero quer\u00edan un acuerdo nacional, como los de antes y ante la negativa presidencial promovieron el \u201cdialogo\u201d con otras fuerzas para hacer un plan nacional&nbsp;<strong>sin el presidente de la Rep\u00fablica<\/strong>. En eso andan.<\/p>\n\n\n\n<p class=\"wp-block-paragraph\"><strong>Empujan en Redes sociales.<\/strong>&nbsp;Es factible probar period\u00edsticamente que desde esos lares se impulsa la entrop\u00eda (desconcierto) en otros sectores desde las redes sociales. Seg\u00fan datos de Julio Hern\u00e1ndez dos nodos han crecido en las semanas recientes: Todos por el MISMO con m\u00e1s de 200 mil presuntos miembros en Facebook y en WhatsApp el Frenaa (Frente Nacional Anti-AMLO).<\/p>\n\n\n\n<p class=\"wp-block-paragraph\"><strong>Nueva coalici\u00f3n opositora: Futuro 21<\/strong><\/p>\n\n\n\n<p class=\"wp-block-paragraph\">Y un primer logro de estos y otro divergentes de las cupulas empresariales, del PAN, PRD, PRI, personalidades y ocurri\u00f3 el jueves 23 de abril con su primera reuni\u00f3n (virtual) que motejaron como \u201c<a>Di\u00e1logo por la Reconstrucci\u00f3n Nacional<\/a>\u201d, convocado por la organizaci\u00f3n pol\u00edtica amplia Futuro 21, la que originalmente ser\u00eda partido pol\u00edtico con el registro del PRD.&nbsp;<\/p>\n\n\n\n<p class=\"wp-block-paragraph\">All\u00ed algunos expositores fueron Mar\u00eda Elena Morera, Javier Corral, Emilio \u00c1lvarez Icaza, Silvano Aureoles, el l\u00edder de Coparmex, Marko Cort\u00e9s Mendoza presidente del PAN. Otros participantes fueron Alejandro Moreno C\u00e1rdenas, \u00c1lvaro L\u00f3pez R\u00edos, Demetrio Sodi, Emilio \u00c1lvarez Icaza, Enoch Castellanos, Fernando Belaunzar\u00e1n, Gabriela Sodi, Gabriel Quadri, Juan Carlos Romero Hicks, Juan Carlos Velazco, Miguel Riquelme, entre otros.<\/p>\n\n\n\n<p class=\"wp-block-paragraph\">Antes de ese foro de los discrepantes, el coordinador de los senadores de Morena, Ricardo Monreal advirti\u00f3 en un art\u00edculo que ya ven\u00eda \u201cla COA-4T (Coalici\u00f3n Opositora Anti-Cuarta Transformaci\u00f3n), popularmente conocida como \u201cgrilla\u201d, \u201cpolilla\u201d o \u201ccarcoma\u201d.<\/p>\n\n\n\n<p class=\"wp-block-paragraph\"><strong>Y en la prensa<\/strong><\/p>\n\n\n\n<p class=\"wp-block-paragraph\">Ninguno de los polit\u00f3logos cl\u00e1sicos o modernos niega que la pol\u00edtica es el escenario no cruento de la guerra y que uno de sus campos de batalla en los tiempos modernos son los espacios en los medios de comunicaci\u00f3n.<\/p>\n\n\n\n<p class=\"wp-block-paragraph\">Pero en tiempos de emergencias colectivas, como la pandemia, podr\u00eda suponerse que los partes beligerantes aceptasen dar tregua, pero no es as\u00ed. Casi al iniciarse la tercera fase de la pandemia crecieron las tensiones.<\/p>\n\n\n\n<p class=\"wp-block-paragraph\">Motivado por las presiones descritas, el presidente de la Rep\u00fablica inici\u00f3 otra escaramuza contra los que reflejan esos apremios: los medios de prensa de m\u00e1s referencias y periodistas influyentes en la creaci\u00f3n de opini\u00f3n. Con ese choque mostr\u00f3 de paso que su modelo de comunicaci\u00f3n pol\u00edtica es muy insuficiente porque no le ayuda a mantener los consensos, que no basta con ampliar conferencias en prensa en Palacio Nacional ni tratar de asustar con linchamientos.&nbsp;<\/p>\n\n\n\n<p class=\"wp-block-paragraph\">Los discordantes con su gobierno tambi\u00e9n en medios de prensa no son homog\u00e9neos, mucho son sinceros y creen que la cr\u00edtica es lo esencial del periodismo y tampoco representan a todos los periodistas, pero son los m\u00e1s influyentes al tener poder econ\u00f3mico y porque han construido altos \u00edndices de aceptaci\u00f3n y credibilidad.<\/p>\n\n\n\n<p class=\"wp-block-paragraph\">En comunicaci\u00f3n pol\u00edtica tampoco se percibe que en Presidencia se busquen otras formas para impedir m\u00e1s desconcierto y alejamiento de sectores sociales. En lugar de la serenidad e iniciativas para recuperar y construir consensos se expresan esos arranques de enojo. Como periodistas reporteros seguiremos buscando m\u00e9todos para entender y explicar lo que pasa en nuestro pa\u00eds en tiempos de emergencias.<\/p>\n","protected":false},"excerpt":{"rendered":"<p>Periodistas, tres presiones causan los arranques del presidente<\/p>\n","protected":false},"author":3,"featured_media":8473,"comment_status":"open","ping_status":"open","sticky":false,"template":"","format":"standard","meta":{"_monsterinsights_skip_tracking":false,"footnotes":""},"categories":[691,106,85],"tags":[],"class_list":["post-19861","post","type-post","status-publish","format-standard","has-post-thumbnail","category-691","category-mirada-de-reportero","category-rogelio-hernandez-lopez"],"_links":{"self":[{"href":"https:\/\/redsemlac.com\/semmexico\/wp-json\/wp\/v2\/posts\/19861","targetHints":{"allow":["GET"]}}],"collection":[{"href":"https:\/\/redsemlac.com\/semmexico\/wp-json\/wp\/v2\/posts"}],"about":[{"href":"https:\/\/redsemlac.com\/semmexico\/wp-json\/wp\/v2\/types\/post"}],"author":[{"embeddable":true,"href":"https:\/\/redsemlac.com\/semmexico\/wp-json\/wp\/v2\/users\/3"}],"replies":[{"embeddable":true,"href":"https:\/\/redsemlac.com\/semmexico\/wp-json\/wp\/v2\/comments?post=19861"}],"version-history":[{"count":0,"href":"https:\/\/redsemlac.com\/semmexico\/wp-json\/wp\/v2\/posts\/19861\/revisions"}],"wp:featuredmedia":[{"embeddable":true,"href":"https:\/\/redsemlac.com\/semmexico\/wp-json\/wp\/v2\/media\/8473"}],"wp:attachment":[{"href":"https:\/\/redsemlac.com\/semmexico\/wp-json\/wp\/v2\/media?parent=19861"}],"wp:term":[{"taxonomy":"category","embeddable":true,"href":"https:\/\/redsemlac.com\/semmexico\/wp-json\/wp\/v2\/categories?post=19861"},{"taxonomy":"post_tag","embeddable":true,"href":"https:\/\/redsemlac.com\/semmexico\/wp-json\/wp\/v2\/tags?post=19861"}],"curies":[{"name":"wp","href":"https:\/\/api.w.org\/{rel}","templated":true}]}}