{"id":19810,"date":"2020-04-26T00:38:42","date_gmt":"2020-04-26T00:38:42","guid":{"rendered":"https:\/\/redsemlac.com\/semmexico\/?p=19810"},"modified":"2023-07-21T15:26:59","modified_gmt":"2023-07-21T20:26:59","slug":"jalisco-32","status":"publish","type":"post","link":"https:\/\/redsemlac.com\/semmexico\/jalisco-32\/","title":{"rendered":"Alertan problemas de salud, contaminaci\u00f3n ambiental, violencia y desapariciones en Jalisco"},"content":{"rendered":"\n<ul class=\"wp-block-list\"><li><strong>Llaman\n9 organizaciones al Gobierno para atender asuntos, al lado del COVID-19<\/strong><\/li><li><strong>19\nfeminicidios; 19 por el virus; 187 desapariciones; 631 denuncias de violencia en\ncasa<\/strong><\/li><\/ul>\n\n\n\n<p class=\"wp-block-paragraph\"><strong>Por\nNancy Peralta<\/strong><\/p>\n\n\n\n<p class=\"wp-block-paragraph\">SemM\u00e9xico. Jalisco. 25 de\nabril 2020.- En menos de 30 d\u00edas han ocurrido 19 asesinatos de mujeres o\nfeminicidios, en el estado de Jalisco, seg\u00fan el Comit\u00e9 de Am\u00e9rica Latina y el\nCaribe para la defensa de los derechos de las Mujeres (CLADEM), mientras que hasta\nahora la grave realidad del Covid-19 en esa entidad es de 287 casos confirmados\ny 19 defunciones.<\/p>\n\n\n\n<p class=\"wp-block-paragraph\">Por ello y las condiciones\nde las personas, sus familias y comunidades que viven enfermedad o muerte por\ncontaminaci\u00f3n ambiental, desapariciones forzadas y las mujeres violentadas 9\norganizaciones civiles solicitaron, en un comunicado que el gobierno de Jalisco\nact\u00fae de inmediato para resolver casos y cosas, independientemente de la\nemergencia, asuntos antiguos no resueltos de salud.<\/p>\n\n\n\n<p class=\"wp-block-paragraph\">Se\u00f1alan que el Virus del\nCovid-19 nos interpela a pensar en los cambios y transformaciones urgentes, de\nfondo y radicales que tenemos que realizar como humanidad. Construyamos una\nnueva civilizaci\u00f3n, una nueva econom\u00eda, en donde pongamos al centro el respeto\npor la vida, la naturaleza y la madre tierra.<\/p>\n\n\n\n<p class=\"wp-block-paragraph\">Solamente en el caso de la\nviolencia contra las mujeres, CLADEM ha documentado que, sobre agresiones y\nviolencias hacia las mujeres, del 31 de diciembre de 2018 a diciembre de 2019\nse registraron 273 feminicidios en Jalisco. En 2020 antes de la pandemia\nocurrieron 40 y en lo que va de la pandemia del 28 de febrero al 21 de abril,\nhan ocurrido 19 feminicidios. Esto comprueba los riesgos que enfrentan las\nmujeres y el aumento de la violencia en la pandemia, dice la petici\u00f3n.<\/p>\n\n\n\n<p class=\"wp-block-paragraph\"><strong>Personas\ndesaparecidas en COVID-19<\/strong><\/p>\n\n\n\n<p class=\"wp-block-paragraph\">Seg\u00fan los datos del Registro\nNacional de Personas Desaparecidas No localizadas en M\u00e9xico, presentado por la\nSecretar\u00eda de Gobernaci\u00f3n, Jalisco ocup\u00f3 el primer lugar a nivel nacional con dos\n100 desapariciones, ocurridas desde el inicio del Gobierno de Enrique Alfaro Ram\u00edrez\nal 31 de diciembre de 2019. <\/p>\n\n\n\n<p class=\"wp-block-paragraph\">Pese al Covid-19, en 2020\nlas desapariciones continuaron en aumento, seg\u00fan los datos del Sistema de\nInformaci\u00f3n sobre V\u00edctimas de Desaparici\u00f3n (SISOVID), durante el mes de enero\nse registraron 137 desapariciones, en febrero 134 y en marzo ya en la pandemia\nse registraron 187, increment\u00e1ndose en relaci\u00f3n a los meses anteriores a pesar\nde la crisis sanitaria.<\/p>\n\n\n\n<p class=\"wp-block-paragraph\">Seg\u00fan los datos del\nSecretariado Ejecutivo del Sistema Nacional de Seguridad P\u00fablica, en el mes de\nenero se registraron 406 denuncias por violencia familiar, en febrero 435 y en\nmarzo mes de pandemia se increment\u00f3 a 631.<\/p>\n\n\n\n<p class=\"wp-block-paragraph\">Esto comprueba los riesgos\nque enfrentan las mujeres y el aumento de la violencia en la pandemia, son\nreales. Y son una realidad que el Gobierno de Jalisco no puede olvidar, y que a\nla par y con la misma intensidad de atenci\u00f3n del Covid-19 es urgente que defina\npol\u00edticas especiales de cuidado y protecci\u00f3n en las Fase 3 del Covid-19.<\/p>\n\n\n\n<p class=\"wp-block-paragraph\">Sus exigencias son:<\/p>\n\n\n\n<p class=\"wp-block-paragraph\">1. Se garantice a las\npersonas enfermas de la ribera de r\u00edo Santiago y Lago de Chapala, atenci\u00f3n y\nprotecci\u00f3n especial por sus altas condiciones de riesgo. Se les brinde transporte\nespecial para que en condiciones de m\u00e1xima seguridad y de protecci\u00f3n de las medidas\nsanitarias de la Fase 3 puedan continuar con sus tratamientos. En el caso de los\nenfermos renales, las unidades m\u00f3viles de hemodi\u00e1lisis se trasladen\ndirectamente a las comunidades de Mezcala, San Pedro Itzic\u00e1n, Agua Caliente,\nSalchipote, El Salto, Juanacatl\u00e1n y las dem\u00e1s que lo requieran. Y se destinen\nrecursos especiales para la compra de sus medicamentos, el fortalecimiento de\nsu econom\u00eda familiar, se garantice el acceso al agua potable y se les\nproporcione atenci\u00f3n emocional especializada.<\/p>\n\n\n\n<p class=\"wp-block-paragraph\">2. Por la exposici\u00f3n al\nriesgo del Covid-19 el Gobierno de Jalisco debe cumplir e implementar las\nmedidas cautelares emitidas por la Comisi\u00f3n Interamericana de Derechos Humanos.\nY determinar en coordinaci\u00f3n con la federaci\u00f3n a la par del Covid19 la\nemergencia sanitaria y ambiental urgente que requiere la regi\u00f3n.<\/p>\n\n\n\n<p class=\"wp-block-paragraph\">3. El Colectivo por Amor a\nEllxs, ha documentado que, durante la pandemia en las denuncias de personas\ndesaparecidas, especialmente de ni\u00f1as y menores de edad, las autoridades contin\u00faan\nsin activar los protocolos de b\u00fasqueda de manera inmediata, por lo que exigen que\nno les impongan a las familias el plazo de las 72 horas (contrario a la ley) y\nprocedan de inmediato a su localizaci\u00f3n. Por su gravedad la b\u00fasqueda de\npersonas desaparecidas, la investigaci\u00f3n y la impartici\u00f3n de justicia no debe\ndetenerse en Covid19 como est\u00e1 sucediendo. Su b\u00fasqueda y localizaci\u00f3n es una\nactividad esencial y no puede parar.<\/p>\n\n\n\n<p class=\"wp-block-paragraph\">4. Es sumamente preocupante\nel incremento de las violencias hacia las mujeres en Covid19, frente a las\nmedidas de confinamiento, situaci\u00f3n que en la Fase 3 puede ser peor.&nbsp; Las pol\u00edticas de seguridad, deben\nimplementarse principalmente en estas situaciones, para evitar los feminicidios\ny no c\u00f3mo pol\u00edticas de seguridad obligatorias y de \u201ctolerancia cero\u201d, que ponen\nen riesgo los derechos de las personas, sobre todo, las que por su situaci\u00f3n\necon\u00f3mica tienen que salir a la calle.<\/p>\n\n\n\n<p class=\"wp-block-paragraph\">5. El derecho a la\ntransparencia y a la informaci\u00f3n es fundamental para realizar nuestro trabajo.\nEn estas condiciones del Covid-19 es riesgoso e indebida su restricci\u00f3n, por lo\nque exigimos que el gobierno de Jalisco reanude su acceso, toda vez que a nivel\nfederal se ha levantado la medida.<\/p>\n\n\n\n<p class=\"wp-block-paragraph\">Firman: Instituto Mexicano\nPara el Desarrollo Comunitario (IMDEC); Comit\u00e9 de Am\u00e9rica Latina y el Caribe\npara la defensa de los derechos de las Mujeres CLADEM; Por Amor a Ellxs; Comit\u00e9\nde Defensa Ambiental &#8211; El Salto; Foro Socio Ambiental Guadalajara; Uni\u00f3n de\nPueblos y Organizaciones de Jalisco por el Agua, la salud y el Territorio\n(UPOJAST); Comit\u00e9 de Mujeres Ecologistas de la Huizachera &#8211; El Salto Instituto\nVida \u2013 Juanacatl\u00e1n y Comit\u00e9 Salvemos Temacapul\u00edn Acasico y Palamarejo.<\/p>\n","protected":false},"excerpt":{"rendered":"<p>En menos de 30 d\u00edas han ocurrido 19 asesinatos de mujeres o feminicidios, en el estado de Jalisco<\/p>\n","protected":false},"author":3,"featured_media":19811,"comment_status":"open","ping_status":"open","sticky":false,"template":"","format":"standard","meta":{"_monsterinsights_skip_tracking":false,"footnotes":""},"categories":[691,54],"tags":[],"class_list":["post-19810","post","type-post","status-publish","format-standard","has-post-thumbnail","category-691","category-mujeres"],"_links":{"self":[{"href":"https:\/\/redsemlac.com\/semmexico\/wp-json\/wp\/v2\/posts\/19810","targetHints":{"allow":["GET"]}}],"collection":[{"href":"https:\/\/redsemlac.com\/semmexico\/wp-json\/wp\/v2\/posts"}],"about":[{"href":"https:\/\/redsemlac.com\/semmexico\/wp-json\/wp\/v2\/types\/post"}],"author":[{"embeddable":true,"href":"https:\/\/redsemlac.com\/semmexico\/wp-json\/wp\/v2\/users\/3"}],"replies":[{"embeddable":true,"href":"https:\/\/redsemlac.com\/semmexico\/wp-json\/wp\/v2\/comments?post=19810"}],"version-history":[{"count":0,"href":"https:\/\/redsemlac.com\/semmexico\/wp-json\/wp\/v2\/posts\/19810\/revisions"}],"wp:featuredmedia":[{"embeddable":true,"href":"https:\/\/redsemlac.com\/semmexico\/wp-json\/wp\/v2\/media\/19811"}],"wp:attachment":[{"href":"https:\/\/redsemlac.com\/semmexico\/wp-json\/wp\/v2\/media?parent=19810"}],"wp:term":[{"taxonomy":"category","embeddable":true,"href":"https:\/\/redsemlac.com\/semmexico\/wp-json\/wp\/v2\/categories?post=19810"},{"taxonomy":"post_tag","embeddable":true,"href":"https:\/\/redsemlac.com\/semmexico\/wp-json\/wp\/v2\/tags?post=19810"}],"curies":[{"name":"wp","href":"https:\/\/api.w.org\/{rel}","templated":true}]}}