{"id":19804,"date":"2020-04-25T21:42:38","date_gmt":"2020-04-25T21:42:38","guid":{"rendered":"https:\/\/redsemlac.com\/semmexico\/?p=19804"},"modified":"2023-07-21T15:27:00","modified_gmt":"2023-07-21T20:27:00","slug":"mujeres-en-cuarentena-el-maldito-coronavirus-del-hogar-lavar-trastes","status":"publish","type":"post","link":"https:\/\/redsemlac.com\/semmexico\/mujeres-en-cuarentena-el-maldito-coronavirus-del-hogar-lavar-trastes\/","title":{"rendered":"Mujeres en Cuarentena: El maldito coronavirus del hogar, lavar trastes"},"content":{"rendered":"\n<ul class=\"wp-block-list\"><li><strong>Dos doctorados, dos hijas, un gran puesto, pero el\nreclamo es desayuno, comida y cena: \u201cparece que traigo la estufa yo en las\nmanos\u201d<\/strong><\/li><\/ul>\n\n\n\n<ul class=\"wp-block-list\"><li><strong>\u201cMi mayor miedo, que la familia se infecte\u201d El\ncambio de rutina, \u201cprivilegiado\u201d, porque soy fif\u00ed<\/strong><\/li><\/ul>\n\n\n\n<p class=\"wp-block-paragraph\"><em>Georgina\nC\u00e1rdenas, doctora en Antropolog\u00eda Social, especializada en el poder local, jefa\nde la carrera de Sociolog\u00eda en la ENEP Arag\u00f3n.<\/em><\/p>\n\n\n\n<p class=\"wp-block-paragraph\"><strong><em>Sara Lovera <\/em><\/strong><\/p>\n\n\n\n<p class=\"wp-block-paragraph\"><strong><em>IV Parte <\/em><\/strong><\/p>\n\n\n\n<p class=\"wp-block-paragraph\">SemM\u00e9xico, Cd. de M\u00e9xico, 25 de abril, 2020.- Un\nreto y una ruda forma de cambiar la rutina en esta cuarentena que afecta\nprincipalmente a quienes no tienen manera de ganarse la vida. Con eso en orden,\nla situaci\u00f3n es curiosa, mucha carga dom\u00e9stica, art\u00edculos acad\u00e9micos\ninconclusos, poca democracia en la limpieza y la comida, y una hija que hace ejercicio\n4 horas diarias para no subir de peso. A los 22 a\u00f1os compite con B\u00e1rbara del\nRegil<a href=\"#_ftn1\">[1]<\/a>,\ntodo eso en familia, cuando las tres personas adultas se ponen a chatear y atender\nla computadora, se hace un largo silencio cotidiano.<\/p>\n\n\n\n<p class=\"wp-block-paragraph\">Como es feminista y acad\u00e9mica, vive una profunda\ncontradicci\u00f3n. Estos d\u00edas han significado, s\u00ed cambios, y al mismo tiempo una\noportunidad para estudiar y escribir. A lo que renunci\u00f3 en definitiva fue a\napoyar, como maestra, el programa de preprimaria para su hija de 4 a\u00f1os, \u201cmejor\nque haga lo que quiera, habr\u00e1 tiempo de aprender\u201d, todo un reto sortear la\nconvivencia con una ni\u00f1a de 4 a\u00f1os, una hija de 22 y un compa\u00f1ero con el que se\nhab\u00eda arreglado en las tareas y, ahora ah\u00ed, en familia, donde hay prisa por\nhacer desayuno, comida y cena, una carga para ella.<\/p>\n\n\n\n<p class=\"wp-block-paragraph\">En resumen: \u201cyo me encontraba iniciando la curva de\naprendizaje -como jefa de carrera en la ENEP\/ Arag\u00f3n\/UNAM- y con la presi\u00f3n de\nimpartir conferencias porque hab\u00eda llegado el mes de la mujer, \u201cuna de mis especialidades\u201d,\ny de pronto ante el&nbsp; encierro total hace\npensar que esta situaci\u00f3n ha significado una mayor carga de trabajo\nespecialmente cuando se tienen hijas o hijos peque\u00f1os, porque a la jornada de\nteletrabajo se suma el cuidado de menores que est\u00e1n despiertos, activas y a tu\nlado todo el d\u00eda.<\/p>\n\n\n\n<p class=\"wp-block-paragraph\">Pone entre par\u00e9ntesis su confesi\u00f3n: Yo por mi parte\nrenunci\u00e9 a realizar las actividades que le pidieron a mi hija de cuatro a\u00f1os en\nel preescolar; definitivamente no me da tiempo, no tengo la paciencia, ni la\ndedicaci\u00f3n para la ense\u00f1anza en ese nivel, as\u00ed que la dejo hacer lo que quiera,\nya aprender\u00e1 en otro momento.<\/p>\n\n\n\n<p class=\"wp-block-paragraph\">Me cuenta Georgina C\u00e1rdenas \u00bfM\u00e1s problemas? depende\nde la persona: problemas si est\u00e1s resguardada en casa y no tienes un ingreso\nfijo o viv\u00edas al d\u00eda. &nbsp;Cuento con mi\ningreso, s\u00ed. Hasta tranquila.<\/p>\n\n\n\n<p class=\"wp-block-paragraph\">Un d\u00eda en su vida, lo que hace: Aument\u00f3 la jornada\nde trabajo en casa. Como el a\u00f1o pasado y el primer mes de este estaba\ndesempleada, estaba acostumbrada a estar en casa, tener trabajos espor\u00e1dicos y\nya ten\u00eda una rutina que sigo llevando en estos d\u00edas. Pero s\u00ed aument\u00f3 el trabajo\nen casa porque tengo que mantenerla limpia y las labores dom\u00e9sticas no son muy\ndemocr\u00e1ticas ac\u00e1.<\/p>\n\n\n\n<p class=\"wp-block-paragraph\">En SemM\u00e9xico imaginamos que estando en casa, hay\ntiempo libre para distraerse, en algo que en general no pensamos con la doble\ntarea. Pero Georgina afirma que:\u201d para distraerse hace ejercicio, \u201cleo notas en\nredes sociales, o a veces veo series en la televisi\u00f3n\u201d.<\/p>\n\n\n\n<p class=\"wp-block-paragraph\">S\u00ed, narra, estoy preocupada, sobre todo pensando que\nalguien de la familia o yo nos enfermemos y no haya acceso a un hospital o que\nalguien no resista al virus y fallezca. Me preocupa mi madre que es poblaci\u00f3n\nde riesgo y mi hija menor que padece de alergias.<\/p>\n\n\n\n<p class=\"wp-block-paragraph\">Veo a mi familia bien, un poco frustrada por no\npoder comer cosas que venden en la calle, pero solo eso. Mi hija peque\u00f1a la\npasa fenomenal, y la mayor le hace la competencia a B\u00e1rbara de Regil, hace 4\nhoras ejercicio. <\/p>\n\n\n\n<p class=\"wp-block-paragraph\">Y, sobre el teletrabajo, reconoce que en casa\nrespetan ese trabajo y cosas de la oficina. \u201cSi hago trabajo de oficina en\ncasa. Y, s\u00ed, lo respetan, pero tenemos el problema de que las tres personas\nadultas de la casa atendemos en ocasiones simult\u00e1neamente reuniones en l\u00ednea y\nentonces le damos la tableta a la m\u00e1s peque\u00f1a para que la entretenga\u201d.<\/p>\n\n\n\n<p class=\"wp-block-paragraph\">Sobre c\u00f3mo era antes su vida, \u201cestaba reci\u00e9n entrada\na trabajar y ten\u00eda un horario de nueve a nueve en la oficina. Me sent\u00eda\nabrumada de tener que aprender tantos nombres de personas como de \u00e1reas. Pero a\nla vez feliz por saber que tendr\u00eda un ingreso fijo y adem\u00e1s no solo estaba en\nla academia donde quer\u00eda estar, sino que era jefa. Mi marido hab\u00eda asumido\nalgunas tareas de la casa, como cocinar o al menos comprar comida e ir por la\nni\u00f1a a la escuela.<\/p>\n\n\n\n<p class=\"wp-block-paragraph\">\u201cTal vez frenar esa din\u00e1mica que apenas dur\u00f3 un mes\ny medio es rudo; la noticia del encierro la disfruto (secretamente) porque me\nha dado tiempo de leer y estoy escribiendo, porque como soy del Sistema\nNacional de Investigadores SIN, debo publicar.<\/p>\n\n\n\n<p class=\"wp-block-paragraph\">Pero mi marido y las hijas son demandantes y esperan\nque cocine desayuno, comida y cena.<\/p>\n\n\n\n<p class=\"wp-block-paragraph\">Los trastes, tal y como dice lo que circula en las\nredes, son el maldito coronavirus del hogar y aunque m\u00e1s o menos distribuimos\nla carga, yo siento que se me carga m\u00e1s a m\u00ed.<\/p>\n\n\n\n<p class=\"wp-block-paragraph\">Cuando escuch\u00e9 que esto terminaba en mayo me\npreocup\u00e9 de que no me fuera a dar tiempo de escribir los tres art\u00edculos que\ntengo pendientes.<\/p>\n\n\n\n<p class=\"wp-block-paragraph\">Veo las noticias esperando que esto dure m\u00e1s pero\nque a la vez no mate a demasiada gente. Sentimiento contradictorio.<\/p>\n\n\n\n<p class=\"wp-block-paragraph\"><strong>Afuera\nla gente se expone<\/strong><\/p>\n\n\n\n<p class=\"wp-block-paragraph\">Vivo en un municipio que est\u00e1 catalogado como de riesgo\ny veo qu\u00e9 hay una diferencia entre la gente de mi colonia que es considerada fif\u00ed\ncon la de a un lado.<\/p>\n\n\n\n<p class=\"wp-block-paragraph\">En la colonia de al lado, el estilista sigue con su\npuesto de corte de cabello en la acera como siempre, lo pude ver ahora que tuve\nque salir a algo del trabajo. En mi colonia la gente est\u00e1 un poco m\u00e1s guardada.\nFrente a mi casa hay una panader\u00eda y siguen llegando muchos coches con\nfamilias, todo indica que el gobierno municipal est\u00e1 en otros menesteres.<\/p>\n\n\n\n<p class=\"wp-block-paragraph\">No siempre quiero hablar de esto en las redes,\naunque me dan ganas, pero me voy a ver como la privilegiada que est\u00e1 en casa y\ncr\u00edtica a quienes viven al d\u00eda. Al final el contagio est\u00e1 ah\u00ed afuera y eso es\nlo que veo.<\/p>\n\n\n\n<p class=\"wp-block-paragraph\">Ten\u00eda una rutina antes de la pandemia como ya dec\u00eda,\nuna fren\u00e9tica rutina para resolver lo m\u00e1s importante o lo m\u00e1s necesario en la Universidad;\nahora mi rutina es escribir, leer, contestar correos, atender conferencias,\ncocinar, trapear diario, lavar trastos.<\/p>\n\n\n\n<p class=\"wp-block-paragraph\">Ahora mismo no puedo escribir lo que quisiera por\nque el marido anda jodiendo que quiere cenar y parece que traigo la estufa yo\nen las manos.<\/p>\n\n\n\n<p class=\"wp-block-paragraph\">SEM\/sl\/sj<br><\/p>\n\n\n\n<hr class=\"wp-block-separator\"\/>\n\n\n\n<p class=\"has-small-font-size wp-block-paragraph\"><a href=\"#_ftnref1\">[1]<\/a> <em><strong>Actriz Mexicana, De Regil ha sido mundialmente conocida por su papel de Rosario L\u00f3pez en la telenovela mexicana Rosario Tijeras, transmitida en Azteca Trece y tambi\u00e9n en Azteca Siete. Nacida en 1986.<\/strong><\/em><\/p>\n","protected":false},"excerpt":{"rendered":"<p>\u201cMi mayor miedo, que la familia se infecte\u201d El cambio de rutina, \u201cprivilegiado\u201d, porque soy fif\u00ed<\/p>\n","protected":false},"author":3,"featured_media":19805,"comment_status":"open","ping_status":"open","sticky":false,"template":"","format":"standard","meta":{"_monsterinsights_skip_tracking":false,"footnotes":""},"categories":[691,135,136],"tags":[],"class_list":["post-19804","post","type-post","status-publish","format-standard","has-post-thumbnail","category-691","category-emergencia-sanitaria-covid-19","category-mujeres-en-cuarentena"],"_links":{"self":[{"href":"https:\/\/redsemlac.com\/semmexico\/wp-json\/wp\/v2\/posts\/19804","targetHints":{"allow":["GET"]}}],"collection":[{"href":"https:\/\/redsemlac.com\/semmexico\/wp-json\/wp\/v2\/posts"}],"about":[{"href":"https:\/\/redsemlac.com\/semmexico\/wp-json\/wp\/v2\/types\/post"}],"author":[{"embeddable":true,"href":"https:\/\/redsemlac.com\/semmexico\/wp-json\/wp\/v2\/users\/3"}],"replies":[{"embeddable":true,"href":"https:\/\/redsemlac.com\/semmexico\/wp-json\/wp\/v2\/comments?post=19804"}],"version-history":[{"count":0,"href":"https:\/\/redsemlac.com\/semmexico\/wp-json\/wp\/v2\/posts\/19804\/revisions"}],"wp:featuredmedia":[{"embeddable":true,"href":"https:\/\/redsemlac.com\/semmexico\/wp-json\/wp\/v2\/media\/19805"}],"wp:attachment":[{"href":"https:\/\/redsemlac.com\/semmexico\/wp-json\/wp\/v2\/media?parent=19804"}],"wp:term":[{"taxonomy":"category","embeddable":true,"href":"https:\/\/redsemlac.com\/semmexico\/wp-json\/wp\/v2\/categories?post=19804"},{"taxonomy":"post_tag","embeddable":true,"href":"https:\/\/redsemlac.com\/semmexico\/wp-json\/wp\/v2\/tags?post=19804"}],"curies":[{"name":"wp","href":"https:\/\/api.w.org\/{rel}","templated":true}]}}