{"id":19792,"date":"2020-04-24T22:42:30","date_gmt":"2020-04-24T22:42:30","guid":{"rendered":"https:\/\/redsemlac.com\/semmexico\/?p=19792"},"modified":"2023-07-21T15:27:00","modified_gmt":"2023-07-21T20:27:00","slug":"kim-yo-jong-la-implacable-mujer-que-podria-suceder-al-lider-de-corea-del-norte","status":"publish","type":"post","link":"https:\/\/redsemlac.com\/semmexico\/kim-yo-jong-la-implacable-mujer-que-podria-suceder-al-lider-de-corea-del-norte\/","title":{"rendered":"Kim Yo-jong, la implacable mujer que podr\u00eda suceder al l\u00edder de Corea del Norte"},"content":{"rendered":"\n<ul class=\"wp-block-list\"><li><strong> La hermana menor de Kim Jong-un gan\u00f3 fuerza en los \u00faltimos a\u00f1os dentro de la c\u00fapula de poder. Su enigm\u00e1tica vida y sus logros<\/strong> <\/li><\/ul>\n\n\n\n<p class=\"wp-block-paragraph\"><strong>Por Redacci\u00f3n AmecoPress<\/strong><\/p>\n\n\n\n<p class=\"wp-block-paragraph\">SemM\u00e9xico\/AmecoPress. Madrid, 24 abr. 20.-La hermana menor de Kim Jong-un, Kim Yo-jong, se ha convertido en estos \u00faltimos a\u00f1os en una importante aliada del \u201cl\u00edder supremo\u201d norcoreano. Ella es quien figura en la l\u00ednea sucesoria en caso de que su hermano muera.<\/p>\n\n\n\n<p class=\"wp-block-paragraph\">El pasado 12 de abril, Kim Jong-un ascendi\u00f3 a su hermana a un puesto de alto rango en el partido de los Trabajadores, el partido \u00fanico de gobierno en el pa\u00eds, en el cual ella ya formaba parte del poderoso bur\u00f3 pol\u00edtico.<\/p>\n\n\n\n<p class=\"wp-block-paragraph\">La mujer, a quien describen como implacable, est\u00e1 a cargo de la propaganda y de cuidar la imagen de su hermano. Adquiri\u00f3 relevancia especial en las tareas diplom\u00e1ticas, y mantuvo reuniones con el presidente de Corea del Sur, Moon Jae In.<\/p>\n\n\n\n<p class=\"wp-block-paragraph\">Kim ha participado de la delegaci\u00f3n que asisti\u00f3 a los Juegos Ol\u00edmpicos de Corea del Sur y se convirti\u00f3 as\u00ed en la primera integrante de la dinast\u00eda comunista que gobierna en Corea del Norte en pisar suelo de su gran rival desde el fin de la guerra (1950-1953).<\/p>\n\n\n\n<p class=\"wp-block-paragraph\">Seg\u00fan datos aportados por la inteligencia y recogidos por TN, es la \u00fanica persona en la que realmente conf\u00eda Kim Jong-un, y por eso lo acompa\u00f1\u00f3 en sus dos cumbres con el presidente estadounidense Donald Trump.<\/p>\n\n\n\n<p class=\"wp-block-paragraph\">Su imagen p\u00fablica creci\u00f3, pero poco se sabe de su vida y, al igual que su hermano mayor, no se conoce su edad exacta<\/p>\n\n\n\n<p class=\"wp-block-paragraph\">La mujer es la \u00fanica hija de Kim Jong-il y su consorte, la bailarina Ko Yong-hui. Seg\u00fan el Departamento del Tesoro de Estados Unidos, naci\u00f3 en Pyongyang el 26 de septiembre de 1989. No obstante, el servicio de inteligencia de Corea del Sur sostiene que naci\u00f3 en 1987, por lo cual su edad ronda entre los 29 y 31 a\u00f1os, afirma el Washington Post.<\/p>\n\n\n\n<p class=\"wp-block-paragraph\">Si bien algunos reportes afirman que es soltera, otros dicen que est\u00e1 casada con el hijo de un dignatario norcoreano y que tiene un hijo.<\/p>\n\n\n\n<p class=\"wp-block-paragraph\">Al igual que el l\u00edder norcoreano, fue educada en un colegio de Suiza bajo el alias Pak Mi-hyang. Viv\u00eda entonces en un modesto apartamento cercano al instituto p\u00fablico Liebefeld-Steinh\u00f6lzli de la ciudad de Koniz. Como muchas chicas de su edad, disfrutaba de las clases de ballet.<\/p>\n\n\n\n<p class=\"wp-block-paragraph\">Por su parte, el chef japon\u00e9s Kenji Fujimoto, que trabaj\u00f3 para la familia Kim durante varios a\u00f1os dijo que el l\u00edder norcoreano adoraba a su hija menor. La llamaba \u201cdulce Yo-jong\u201d o \u201cprincesa Yo-jong\u201d.<\/p>\n\n\n\n<p class=\"wp-block-paragraph\">Se cree que regres\u00f3 a Corea del Norte en el a\u00f1o 2000 o 2001, al mismo tiempo que Kim Jong-un, y termin\u00f3 sus estudios en la Universidad Kim Il-sung, en Pyongyang.<\/p>\n\n\n\n<p class=\"wp-block-paragraph\">Poco se sabe de su vida en la herm\u00e9tica Corea del Norte hasta que reapareci\u00f3 en el funeral de su padre, casi diez a\u00f1os despu\u00e9s. El diplom\u00e1tico ruso Konstantin Pulikovsky dijo poco despu\u00e9s a la televisi\u00f3n p\u00fablica japonesa que era una persona \u201cingeniosa y con capacidad de liderazgo\u201d.<\/p>\n\n\n\n<p class=\"wp-block-paragraph\">Su carrera pol\u00edtica comenz\u00f3 en 2014<\/p>\n\n\n\n<p class=\"wp-block-paragraph\">En 2014 fue designada vicedirectora del departamento de Propaganda y Agitaci\u00f3n del Partido de los Trabajadores, cargo por el cual fue condenada por los Estados Unidos por \u00ababuso de los derechos humanos\u00bb y censura para ocultar \u00ablas conductas inhumanas y opresivas\u00bb.<\/p>\n\n\n\n<p class=\"wp-block-paragraph\">A\u00fan si los lazos de la sangre pesan mucho en la \u00fanica dinast\u00eda comunista del mundo, expertos dudan que pueda llegar a lo alto del poder en un pa\u00eds con una fuerte tradici\u00f3n patriarcal.<\/p>\n\n\n\n<p class=\"wp-block-paragraph\">\u201cElla no puede ser l\u00edder. Es una mujer\u201d, asegur\u00f3 al Washington Post Lim Jae-cheon, una experta en la familia Kim de la Universidad de Corea en Se\u00fal. Aunque no hay certezas cuando se trata del r\u00e9gimen norcoreano.<\/p>\n","protected":false},"excerpt":{"rendered":"<p>La hermana menor de Kim Jong-un gan\u00f3 fuerza en los \u00faltimos a\u00f1os dentro de la c\u00fapula de poder. Su enigm\u00e1tica vida y sus logros <\/p>\n","protected":false},"author":3,"featured_media":19793,"comment_status":"open","ping_status":"open","sticky":false,"template":"","format":"standard","meta":{"_monsterinsights_skip_tracking":false,"footnotes":""},"categories":[691,53],"tags":[],"class_list":["post-19792","post","type-post","status-publish","format-standard","has-post-thumbnail","category-691","category-internacional"],"_links":{"self":[{"href":"https:\/\/redsemlac.com\/semmexico\/wp-json\/wp\/v2\/posts\/19792","targetHints":{"allow":["GET"]}}],"collection":[{"href":"https:\/\/redsemlac.com\/semmexico\/wp-json\/wp\/v2\/posts"}],"about":[{"href":"https:\/\/redsemlac.com\/semmexico\/wp-json\/wp\/v2\/types\/post"}],"author":[{"embeddable":true,"href":"https:\/\/redsemlac.com\/semmexico\/wp-json\/wp\/v2\/users\/3"}],"replies":[{"embeddable":true,"href":"https:\/\/redsemlac.com\/semmexico\/wp-json\/wp\/v2\/comments?post=19792"}],"version-history":[{"count":0,"href":"https:\/\/redsemlac.com\/semmexico\/wp-json\/wp\/v2\/posts\/19792\/revisions"}],"wp:featuredmedia":[{"embeddable":true,"href":"https:\/\/redsemlac.com\/semmexico\/wp-json\/wp\/v2\/media\/19793"}],"wp:attachment":[{"href":"https:\/\/redsemlac.com\/semmexico\/wp-json\/wp\/v2\/media?parent=19792"}],"wp:term":[{"taxonomy":"category","embeddable":true,"href":"https:\/\/redsemlac.com\/semmexico\/wp-json\/wp\/v2\/categories?post=19792"},{"taxonomy":"post_tag","embeddable":true,"href":"https:\/\/redsemlac.com\/semmexico\/wp-json\/wp\/v2\/tags?post=19792"}],"curies":[{"name":"wp","href":"https:\/\/api.w.org\/{rel}","templated":true}]}}