{"id":19786,"date":"2020-04-24T22:32:08","date_gmt":"2020-04-24T22:32:08","guid":{"rendered":"https:\/\/redsemlac.com\/semmexico\/?p=19786"},"modified":"2023-07-21T15:27:00","modified_gmt":"2023-07-21T20:27:00","slug":"criticas-de-las-organizaciones-ante-las-medidas-dirigidas-a-las-victimas-de-trata-explotacion-sexual-y-mujeres-en-contextos-de-prostitucion","status":"publish","type":"post","link":"https:\/\/redsemlac.com\/semmexico\/criticas-de-las-organizaciones-ante-las-medidas-dirigidas-a-las-victimas-de-trata-explotacion-sexual-y-mujeres-en-contextos-de-prostitucion\/","title":{"rendered":"Cr\u00edticas de las organizaciones ante las medidas dirigidas a las v\u00edctimas de trata, explotaci\u00f3n sexual y mujeres en contextos de prostituci\u00f3n"},"content":{"rendered":"\n<p class=\"wp-block-paragraph\"><strong>Por Redacci\u00f3n<\/strong>\u00a0<\/p>\n\n\n\n<p class=\"wp-block-paragraph\">Semm\u00e9xico\/ AmecoPress Madrid, 24 abril. 2020. El pasado martes, el Ministerio de Igualdad anunci\u00f3 la ampliaci\u00f3n del plan de contingencia contra la violencia de g\u00e9nero aprobado en marzo con medidas espec\u00edficas hacia las v\u00edctimas de trata, explotaci\u00f3n sexual y a las mujeres en contexto de prostituci\u00f3n, que incluyen recursos habitacionales, un refuerzo de la coordinaci\u00f3n policial y una de las medidas m\u00e1s aplaudidas, el acceso al ingreso m\u00ednimo vital aunque est\u00e9n en situaci\u00f3n irregular.<\/p>\n\n\n\n<p class=\"wp-block-paragraph\">Sin embargo, la decisi\u00f3n del Gobierno y los t\u00e9rminos en los que se contextualizan las medidas, ha sido recibido con \u201csorpresa e indignaci\u00f3n\u201d por parte de las organizaciones que forman parte de la Plataforma Estatal de Organizaciones de Mujeres por la Abolici\u00f3n de la Prostituci\u00f3n, pues, en primer lugar, interpretan que el Plan de Contingencia \u201cresponsabiliza a las ONGs de la desprotecci\u00f3n que, en estos momentos de Estado de Alarma, sufren las mujeres v\u00edctimas de prostituci\u00f3n y trata, en lugar de responsabilizar al sistema prostitucional\u201d.<\/p>\n\n\n\n<p class=\"wp-block-paragraph\">El Ministerio de Igualdad explic\u00f3 que las resoluciones aprobadas vienen a paliar la falta de atenci\u00f3n que reciben las v\u00edctimas de explotaci\u00f3n sexual y trata desde que hace m\u00e1s de un mes se decretara el estado de alarma y el confinamiento obligatorio. Entidades y ONG especializadas en su detecci\u00f3n y apoyo psicosocial se han visto obligadas a disminuir al m\u00ednimo su actividad asistencial y ambulatoria, exponiendo a estas mujeres a un \u00abescenario de vulnerabilidad y desprotecci\u00f3n de derechos\u00bb, afirmaba la nota del Ministerio de Igualdad.<\/p>\n\n\n\n<p class=\"wp-block-paragraph\">Seg\u00fan la Plataforma, este argumento \u201ces un discurso impropio de un gobierno que se denomina progresista\u201d, por lo que \u201cexigen la retirada inmediata y que el Gobierno se disculpe por esta criminalizaci\u00f3n de las ONGs que trabajan en este \u00e1mbito\u201d.<\/p>\n\n\n\n<p class=\"wp-block-paragraph\">\u201cSon precisamente las ONGs las que no han dejado de seguir cumpliendo con sus obligaciones de atenci\u00f3n, asesoramiento e intervenci\u00f3n, adaptando todos sus recursos a las circunstancias actuales para seguir prestando todo el apoyo necesario a las mujeres en contextos de prostituci\u00f3n y v\u00edctimas de trata\u201d defiende Rosario Carracedo Bullido, portavoz de la Plataforma, en declaraciones a AmecoPress y recuerda que son las Administraciones P\u00fablicas competentes las que est\u00e1n obligadas al \u201cnormal funcionamiento de los centros de emergencia, acogida, pisos tutelados, y alojamientos seguros para v\u00edctimas de violencia de g\u00e9nero, explotaci\u00f3n sexual y trata con fines de explotaci\u00f3n sexual\u201d, seg\u00fan el Real Decreto 12\/2020 de 31 de marzo\u201d.<\/p>\n\n\n\n<p class=\"wp-block-paragraph\">Adem\u00e1s, seg\u00fan Carracedo, aunque el Plan parece dirigido tambi\u00e9n a mujeres v\u00edctimas de explotaci\u00f3n sexual y en contextos de prostituci\u00f3n, el desarrollo del mismo, est\u00e1 b\u00e1sicamente dirigido a mujeres v\u00edctimas de trata. A este respecto, el Estado espa\u00f1ol est\u00e1 obligado por el Convenio de Varsovia (mayo de 2005) a implementar todas las medidas de \u00edndole penal, civil y administrativas necesarias para la protecci\u00f3n de mujeres v\u00edctimas de trata sexual, desde que dicho Convenio fue suscrito con independencia de la concurrencia o no de situaci\u00f3n singulares como lo es el estado de alarma.<\/p>\n\n\n\n<p class=\"wp-block-paragraph\"><strong>Trata, prostituci\u00f3n y violencia de g\u00e9nero<\/strong><\/p>\n\n\n\n<p class=\"wp-block-paragraph\">Por otro lado, desde el punto de vista de la Plataforma, el Gobierno espa\u00f1ol \u201cse sigue negando a considerar que la prostituci\u00f3n precede a la trata, pues \u00e9sta existe porque existe demanda de prostituci\u00f3n, siendo indisolubles ambas violencias contra las mujeres\u201d.<\/p>\n\n\n\n<p class=\"wp-block-paragraph\">En realidad, el problema fundamental, seg\u00fan la portavoz, es que la \u201cambig\u00fcedad\u201d del Gobierno respecto a la prostituci\u00f3n, conduce a la exclusi\u00f3n de la trata y la prostituci\u00f3n como formas de violencia de g\u00e9nero, pues de no ser as\u00ed, no ser\u00eda necesario un tratamiento particularizado y las medidas de protecci\u00f3n dirigidas a mujeres tratadas y prostituidas, ya hubiesen entrado en vigor tras el Real Decreto 12\/2020 de 31 de marzo.<\/p>\n\n\n\n<p class=\"wp-block-paragraph\">Seg\u00fan estas organizaciones, involucradas en el trabajo directo con las mujeres en prostituci\u00f3n y trata sexual el Plan \u201csolamente recoge lo que a priori ya se viene haciendo por parte de las ONGs que trabajan en prostituci\u00f3n y es una obligaci\u00f3n m\u00ednima\u201d, especialmente desde la declaraci\u00f3n como \u201cservicio esencial de estos servicios\u201d efectuada a trav\u00e9s del Real Decreto-ley 12\/2020, de 31 de marzo, de medidas urgentes en materia de protecci\u00f3n y asistencia a las v\u00edctimas de violencia de g\u00e9nero. Y \u201cdesgraciadamente, todo ello no sirve para dar respuesta a las mujeres en prostituci\u00f3n ni en estos, ni con posterioridad a la pandemia del coronavirus\u201d.<\/p>\n\n\n\n<p class=\"wp-block-paragraph\">\u201cLo que necesitamos y demandamos es la abolici\u00f3n del sistema prostitucional y, por tanto, acabar con la violencia que representa para todas las mujeres el mantenimiento de relaciones de sumisi\u00f3n y de poder por parte de los hombres que demandan prostituci\u00f3n\u201d, explican desde la Plataforma.<\/p>\n\n\n\n<p class=\"wp-block-paragraph\">En su posicionamiento, aseguran que para una verdadera protecci\u00f3n de las mujeres prostituidas y tratadas con fines de explotaci\u00f3n sexual, es imprescindible el \u201ccierre de pisos, clubs, locales, etc. donde son explotadas sexualmente las mujeres\u201d y la \u201chabilitaci\u00f3n de recursos habitacionales, econ\u00f3micos y de reparaci\u00f3n integral para las mujeres prostituidas\u201d.<\/p>\n\n\n\n<p class=\"wp-block-paragraph\">No obstante, las organizaciones celebran que puedan acceder las mujeres en contexto de prostituci\u00f3n aunque est\u00e9n en situaci\u00f3n administrativa irregular a ese futuro Ingreso M\u00ednimo Vital, \u201cpendiente de aprobaci\u00f3n y de habilitaci\u00f3n de fondos\u201d.<\/p>\n","protected":false},"excerpt":{"rendered":"<p>Seg\u00fan la Plataforma, este argumento \u201ces un discurso impropio de un gobierno que se denomina progresista\u201d, por lo que \u201cexigen la retirada inmediata y que el Gobierno se disculpe por esta criminalizaci\u00f3n de las ONGs que trabajan en este \u00e1mbito\u201d.<\/p>\n","protected":false},"author":3,"featured_media":19787,"comment_status":"open","ping_status":"open","sticky":false,"template":"","format":"standard","meta":{"_monsterinsights_skip_tracking":false,"footnotes":""},"categories":[691,53],"tags":[],"class_list":["post-19786","post","type-post","status-publish","format-standard","has-post-thumbnail","category-691","category-internacional"],"_links":{"self":[{"href":"https:\/\/redsemlac.com\/semmexico\/wp-json\/wp\/v2\/posts\/19786","targetHints":{"allow":["GET"]}}],"collection":[{"href":"https:\/\/redsemlac.com\/semmexico\/wp-json\/wp\/v2\/posts"}],"about":[{"href":"https:\/\/redsemlac.com\/semmexico\/wp-json\/wp\/v2\/types\/post"}],"author":[{"embeddable":true,"href":"https:\/\/redsemlac.com\/semmexico\/wp-json\/wp\/v2\/users\/3"}],"replies":[{"embeddable":true,"href":"https:\/\/redsemlac.com\/semmexico\/wp-json\/wp\/v2\/comments?post=19786"}],"version-history":[{"count":0,"href":"https:\/\/redsemlac.com\/semmexico\/wp-json\/wp\/v2\/posts\/19786\/revisions"}],"wp:featuredmedia":[{"embeddable":true,"href":"https:\/\/redsemlac.com\/semmexico\/wp-json\/wp\/v2\/media\/19787"}],"wp:attachment":[{"href":"https:\/\/redsemlac.com\/semmexico\/wp-json\/wp\/v2\/media?parent=19786"}],"wp:term":[{"taxonomy":"category","embeddable":true,"href":"https:\/\/redsemlac.com\/semmexico\/wp-json\/wp\/v2\/categories?post=19786"},{"taxonomy":"post_tag","embeddable":true,"href":"https:\/\/redsemlac.com\/semmexico\/wp-json\/wp\/v2\/tags?post=19786"}],"curies":[{"name":"wp","href":"https:\/\/api.w.org\/{rel}","templated":true}]}}