{"id":19728,"date":"2020-04-23T21:04:41","date_gmt":"2020-04-23T21:04:41","guid":{"rendered":"https:\/\/redsemlac.com\/semmexico\/?p=19728"},"modified":"2023-07-21T15:27:01","modified_gmt":"2023-07-21T20:27:01","slug":"dia-internacional-del-libro-en-mexico-falta-de-tiempo-impide-leer","status":"publish","type":"post","link":"https:\/\/redsemlac.com\/semmexico\/dia-internacional-del-libro-en-mexico-falta-de-tiempo-impide-leer\/","title":{"rendered":"D\u00eda Internacional del Libro, en M\u00e9xico \u201cfalta de tiempo\u201d impide leer"},"content":{"rendered":"\n<ul class=\"wp-block-list\"><li><strong> Pandemia deja sin festejo en la capital mundial del libro, Kuala Lumpur ser\u00eda este a\u00f1o<\/strong><\/li><\/ul>\n\n\n\n<ul class=\"wp-block-list\"><li><strong> La media mexicana de lectura es de 3.3 obras por a\u00f1o, en Espa\u00f1a es de 13<\/strong><\/li><\/ul>\n\n\n\n<p class=\"wp-block-paragraph\"><strong>Lorena Vaniezcot<\/strong><\/p>\n\n\n\n<p class=\"wp-block-paragraph\">SemM\u00e9xico, Cd. de M\u00e9xico, 23 de abril, 2020.- En 1995 cuando la UNESCO aprob\u00f3, a propuesta de la Uni\u00f3n Internacional de Editores, la celebraci\u00f3n del\u00a0<strong>D\u00eda Internacional del Libro<\/strong> y del Derecho de Autor, una fecha emblem\u00e1tica escogida por ser el d\u00eda en que nacieron algunos de los escritores m\u00e1s importantes, todos hombres. <strong>Kuala Lumpur, Malasia, hab\u00eda sido electa como la Capital <\/strong>Mundial del Libro, sin embargo, fue suspendida por la pandemia.<\/p>\n\n\n\n<p class=\"wp-block-paragraph\">Mientras en\nM\u00e9xico la media de lectura de libros es 3.3 obras, en Espa\u00f1a la cifra es de 13\nobras por a\u00f1o, 10 m\u00e1s que la poblaci\u00f3n mexicana. En M\u00e9xico, las mujeres leen\nmenos que los hombres, mientras que en Espa\u00f1a las lectoras representan el 64.5\n%, contra el 54.4 % de los hombres.<\/p>\n\n\n\n<p class=\"wp-block-paragraph\">Un reporte\nde Cultura Colectiva revela que M\u00e9xico aparece en el lugar 107 en el listado de\npa\u00edses del \u00cdndice de Lectura Mundial de la UNESCO, y a diferencia de la cifra\nde INEGI que plantea que en este pa\u00eds leemos 3.3 obras por a\u00f1o, el organismo\nreporta 2.8 libros por a\u00f1o en 2019.<\/p>\n\n\n\n<p class=\"wp-block-paragraph\">En M\u00e9xico, las\ncifras presentadas por INEGI el a\u00f1o pasado revelan que, en los \u00faltimos cinco a\u00f1os, el\nporcentaje de poblaci\u00f3n que ley\u00f3 alg\u00fan material considerado por el M\u00f3dulo de\nLectura (MOLEC) present\u00f3 un decremento cercano a los 10 puntos porcentuales:\n84.2 % en 2015 contra 74.8 % en 2019. Las principales razones declaradas por la\npoblaci\u00f3n para no leer fueron la falta de tiempo (47.9 %) y falta de inter\u00e9s\n(21.7 %).<\/p>\n\n\n\n<p class=\"wp-block-paragraph\">Las estad\u00edsticas de INEGI\nmuestran que, de cada 100 personas, 42 declararon haber le\u00eddo al menos un libro\nen los \u00faltimos doce meses. En 2015 la proporci\u00f3n era de 50 por cada 100\npersonas. El promedio de libros le\u00eddos por la poblaci\u00f3n de 18 a\u00f1os y m\u00e1s en los\n\u00faltimos doces meses, fue de 3.3 obras.<br>\n<br>\nEl\nporcentaje de mujeres que leen con respecto a los hombres es menor en 6.4\npuntos porcentuales. Los hombres han le\u00eddo revistas, peri\u00f3dicos, historietas o p\u00e1ginas de\nInternet foros o blogs en un 78.1 % y las mujeres lo hicieron en un 71.1 %, lo\nque podr\u00eda estar relacionado con las cargas de trabajo dom\u00e9stico y de cuidados.<br>\n<br>\nEl grupo con mayor declaraci\u00f3n de lectura de\nalguno de estos materiales cuenta con al menos un grado de educaci\u00f3n superior.\nM\u00e1s del 90 % de esta poblaci\u00f3n es lectora ya sea de libros, revistas,\nperi\u00f3dicos, historietas o p\u00e1ginas de internet, foros o blogs, se\u00f1al\u00f3 la\ninstituci\u00f3n que este a\u00f1o no report\u00e9 las cifras.<\/p>\n\n\n\n<p class=\"wp-block-paragraph\">De acuerdo con la publicaci\u00f3n espa\u00f1ola El\nMundo, en ese pa\u00eds la tradici\u00f3n de dedicar un d\u00eda del a\u00f1o a los libros data de\nmucho antes. Alfonso XIII firm\u00f3 un Real Decreto el 6 de febrero de 1926 por el\nque se creaba oficialmente la \u00abFiesta del Libro Espa\u00f1ol\u00bb. Se fij\u00f3\ncomo fecha la que por entonces se pensaba que hab\u00eda nacido Cervantes: el 7 de\noctubre. Pero&nbsp;<strong>en\n1930 se modificar\u00eda<\/strong>para\ncoincidir con la fecha del fallecimiento del escritor. Esto es, el 23 de abril.<\/p>\n\n\n\n<p class=\"wp-block-paragraph\">La idea de\nla festividad hab\u00eda surgido del escritor y editor valenciano, afincado en\nBarcelona, Vicent Clavel Andr\u00e9s. Fue \u00e9l quien hizo llegar su propuesta a la\nC\u00e1mara Oficial del Libro de Barcelona y esta la que se har\u00eda eco de ella.<\/p>\n\n\n\n<p class=\"wp-block-paragraph\">Hasta\nentonces en&nbsp;<strong>Barcelona<\/strong>&nbsp;exist\u00eda\nla costumbre de que el hombre le regalase una rosa a la mujer (la tradici\u00f3n se\nremonta al siglo XV) por la festividad de&nbsp;<strong>Sant Jordi<\/strong>, patr\u00f3n de Catalu\u00f1a. Sin\nembargo, tras la propuesta de Clavel se comenzar\u00eda a&nbsp;<strong>obsequiar tambi\u00e9n a los seres queridos\ncon libros<\/strong><strong>.<\/strong><\/p>\n\n\n\n<p class=\"wp-block-paragraph\">La\ncelebraci\u00f3n y el intercambio de ejemplares tuvo un r\u00e1pido seguimiento en toda\nEspa\u00f1a, especialmente en las ciudades que contaban con una&nbsp;<strong>universidad<\/strong>. Aunque en\notras zonas terminar\u00eda por desaparecer hasta la instauraci\u00f3n de la fiesta por\nparte de la UNESCO.<\/p>\n\n\n\n<p class=\"wp-block-paragraph\">En pa\u00edses\ncomo Reino Unido o Irlanda celebran el&nbsp;<strong>World Book Day<\/strong>(D\u00eda Mundial del Libro)&nbsp;<strong>cada primer jueves de marzo<\/strong>. Mientras que\nen Uruguay celebran su d\u00eda nacional cada 26 de mayo, fecha en la que se cre\u00f3 la\nprimera biblioteca p\u00fablica nacional. Por su parte, Paraguay festeja el D\u00eda del\nLibro Paraguayo el 25 de junio.<\/p>\n\n\n\n<p class=\"wp-block-paragraph\">Desde 2001,\nuna ciudad es elegida como Capital Mundial del Libro. Madrid fue la encargada\nde inaugurar esta representaci\u00f3n que conlleva la realizaci\u00f3n de actividades\nliterarias durante todo un a\u00f1o. Desde entonces,&nbsp;<strong>Alejandr\u00eda, Montreal, \u00c1msterdam o\nNueva Delhi<\/strong>han\npasado por ello. En 2019 ostent\u00f3 el t\u00edtulo Sharjah (Emiratos \u00c1rabes). Este a\u00f1o,\nla ciudad elegida era&nbsp;<strong>Kuala\nLumpur<\/strong>, la capital de Malasia, pero el programa de actividades\nha sido suspendido por el coronavirus.<\/p>\n\n\n\n<p class=\"wp-block-paragraph\">SEM\/lv\/sl-sj<\/p>\n","protected":false},"excerpt":{"rendered":"<p> Pandemia deja sin festejo en la capital mundial del libro, Kuala Lumpur ser\u00eda este a\u00f1o<\/p>\n","protected":false},"author":3,"featured_media":19729,"comment_status":"open","ping_status":"open","sticky":false,"template":"","format":"standard","meta":{"_monsterinsights_skip_tracking":false,"footnotes":""},"categories":[691,51],"tags":[],"class_list":["post-19728","post","type-post","status-publish","format-standard","has-post-thumbnail","category-691","category-ejecutivo"],"_links":{"self":[{"href":"https:\/\/redsemlac.com\/semmexico\/wp-json\/wp\/v2\/posts\/19728","targetHints":{"allow":["GET"]}}],"collection":[{"href":"https:\/\/redsemlac.com\/semmexico\/wp-json\/wp\/v2\/posts"}],"about":[{"href":"https:\/\/redsemlac.com\/semmexico\/wp-json\/wp\/v2\/types\/post"}],"author":[{"embeddable":true,"href":"https:\/\/redsemlac.com\/semmexico\/wp-json\/wp\/v2\/users\/3"}],"replies":[{"embeddable":true,"href":"https:\/\/redsemlac.com\/semmexico\/wp-json\/wp\/v2\/comments?post=19728"}],"version-history":[{"count":0,"href":"https:\/\/redsemlac.com\/semmexico\/wp-json\/wp\/v2\/posts\/19728\/revisions"}],"wp:featuredmedia":[{"embeddable":true,"href":"https:\/\/redsemlac.com\/semmexico\/wp-json\/wp\/v2\/media\/19729"}],"wp:attachment":[{"href":"https:\/\/redsemlac.com\/semmexico\/wp-json\/wp\/v2\/media?parent=19728"}],"wp:term":[{"taxonomy":"category","embeddable":true,"href":"https:\/\/redsemlac.com\/semmexico\/wp-json\/wp\/v2\/categories?post=19728"},{"taxonomy":"post_tag","embeddable":true,"href":"https:\/\/redsemlac.com\/semmexico\/wp-json\/wp\/v2\/tags?post=19728"}],"curies":[{"name":"wp","href":"https:\/\/api.w.org\/{rel}","templated":true}]}}