{"id":19725,"date":"2020-04-23T20:59:29","date_gmt":"2020-04-23T20:59:29","guid":{"rendered":"https:\/\/redsemlac.com\/semmexico\/?p=19725"},"modified":"2023-07-21T15:27:01","modified_gmt":"2023-07-21T20:27:01","slug":"marcha-mundial-de-las-mujeres-convoca-a-reunion-virtual","status":"publish","type":"post","link":"https:\/\/redsemlac.com\/semmexico\/marcha-mundial-de-las-mujeres-convoca-a-reunion-virtual\/","title":{"rendered":"Marcha Mundial de las Mujeres convoca a reuni\u00f3n virtual"},"content":{"rendered":"\n<p class=\"wp-block-paragraph\"><strong>* Este viernes 24, 24 horas de solidaridad feminista<\/strong><\/p>\n\n\n\n<p class=\"wp-block-paragraph\"><strong>* Coronavirus muestra los impactos desiguales en la vida de las\npersonas<\/strong><\/p>\n\n\n\n<p class=\"wp-block-paragraph\"><strong>Elda Montiel <\/strong><\/p>\n\n\n\n<p class=\"wp-block-paragraph\">SemM\u00e9xico, Cd. de M\u00e9xico, 23 de abril, 2020.- La \u201cMarcha\nMundial de las Mujeres\u201d convoca a reunirse virtualmente en \u201c24 horas de\nsolidaridad feminista contra las corporaciones trasnacionales\u201d este 24 de\nabril, en el marco del aislamiento social que se vive en muchos territorios del\nplaneta por el coronavirus.<\/p>\n\n\n\n<p class=\"wp-block-paragraph\">La crisis del coronavirus est\u00e1 demostrando los impactos de\nlas desigualdades sociales y econ\u00f3micas en la vida de las personas y se va a\nintensificar en los pr\u00f3ximos tiempos.<\/p>\n\n\n\n<p class=\"wp-block-paragraph\">Como parte de la 5\u00aa Acci\u00f3n Internacional 2020, el grupo que\nre\u00fane a organizaciones y grupos de mujeres que act\u00faan para eliminar las causas\nque originan la pobreza y la violencia contra las mujeres se unen virtualmente\npara denunciar la actuaci\u00f3n de las grandes corporaciones que explotan y\ndestruyen la vida de las mujeres.<\/p>\n\n\n\n<p class=\"wp-block-paragraph\">En particular, los miles de mujeres que murieron en el\ncolapso de las Torres en Rana Plaza en Bangladesh en 2013, y que hasta el d\u00eda\nde hoy no han recibido justicia las v\u00edctimas y sus familias. Las corporaciones\nsiguen libres para obtener m\u00e1s lucro y poder. <\/p>\n\n\n\n<p class=\"wp-block-paragraph\">Por lo que enfatizaron: \u201cMarchamos para transformar la\nsociedad haciendo visibles las alternativas como la construcci\u00f3n de la econom\u00eda\nsolidaria, la agroecolog\u00eda, la soberan\u00eda alimentaria, la comunicaci\u00f3n popular y\nel propio movimiento organizado, formado por mujeres que sostienen la econom\u00eda\ny que, precisamente por eso, necesitan transformarla radicalmente\u201d.<\/p>\n\n\n\n<p class=\"wp-block-paragraph\">Nuestras alternativas feministas son una forma de presentar,\na trav\u00e9s de pr\u00e1cticas concretas, las posibilidades de transformaci\u00f3n. Nuestras\nalternativas sirven para cambiar el mundo y la vida de las mujeres en el mismo\nmovimiento.<\/p>\n\n\n\n<p class=\"wp-block-paragraph\">La econom\u00eda no puede separarse de la pol\u00edtica, la salud y la\nvida, y en estos momentos de crisis, la econom\u00eda feminista tiene mucho que\nguiarnos: poner la sostenibilidad de la vida en el centro de nuestras pr\u00e1cticas\nde resistencia y nuestras propuestas de transformaci\u00f3n.<\/p>\n\n\n\n<p class=\"wp-block-paragraph\">\u201cNos enfrentamos a la pandemia del coronavirus y al\nautoritarismo de muchos gobiernos, y nos hemos planteado el reto de\nmovilizarnos manteniendo la distancia necesaria para la prevenci\u00f3n\u201d.<\/p>\n\n\n\n<p class=\"wp-block-paragraph\">\u00a1Resistimos para vivir, marchamos para transformar!<\/p>\n\n\n\n<p class=\"wp-block-paragraph\">La Marcha de las Mujeres con estas 24 horas de solidaridad,\nreafirman su resistencia y enfrenta a las transnacionales que son protagonistas\ndel capitalismo racista y patriarcal. Reafirman la lucha de una vida sin\nviolencia contra las mujeres en todas sus dimensiones patriarcal, racista y\ncolonial. Repudian la agresi\u00f3n y despojo a los territorios, cuerpos y\ncomunidades. El tr\u00e1fico de personas, la explotaci\u00f3n sexual y los\nfeminicidios.&nbsp;&nbsp; <\/p>\n\n\n\n<p class=\"wp-block-paragraph\">Decimos no al endeudamiento, a las fronteras y muros, que\natacan y condenan grandes contingentes de personas, las expulsa de sus\nterritorios y las niega los derechos b\u00e1sicos de vivienda, alimentaci\u00f3n y\nmanifestaci\u00f3n, mientras fomenta todo tipo de guerra.<\/p>\n\n\n\n<p class=\"wp-block-paragraph\">Rechazamos a las guerras, a las sanciones y bloqueos\necon\u00f3micos, a la militarizaci\u00f3n y a los ej\u00e9rcitos transnacionales, herramientas\nde terror, de violaci\u00f3n y de asesinatos sistem\u00e1ticos de luchadoras y luchadores\nsociales.<\/p>\n\n\n\n<p class=\"wp-block-paragraph\">SEM\/em\/sj<\/p>\n","protected":false},"excerpt":{"rendered":"<p>Este viernes 24, 24 horas de solidaridad feminista<\/p>\n","protected":false},"author":3,"featured_media":19726,"comment_status":"open","ping_status":"open","sticky":false,"template":"","format":"standard","meta":{"_monsterinsights_skip_tracking":false,"footnotes":""},"categories":[691,54],"tags":[],"class_list":["post-19725","post","type-post","status-publish","format-standard","has-post-thumbnail","category-691","category-mujeres"],"_links":{"self":[{"href":"https:\/\/redsemlac.com\/semmexico\/wp-json\/wp\/v2\/posts\/19725","targetHints":{"allow":["GET"]}}],"collection":[{"href":"https:\/\/redsemlac.com\/semmexico\/wp-json\/wp\/v2\/posts"}],"about":[{"href":"https:\/\/redsemlac.com\/semmexico\/wp-json\/wp\/v2\/types\/post"}],"author":[{"embeddable":true,"href":"https:\/\/redsemlac.com\/semmexico\/wp-json\/wp\/v2\/users\/3"}],"replies":[{"embeddable":true,"href":"https:\/\/redsemlac.com\/semmexico\/wp-json\/wp\/v2\/comments?post=19725"}],"version-history":[{"count":0,"href":"https:\/\/redsemlac.com\/semmexico\/wp-json\/wp\/v2\/posts\/19725\/revisions"}],"wp:featuredmedia":[{"embeddable":true,"href":"https:\/\/redsemlac.com\/semmexico\/wp-json\/wp\/v2\/media\/19726"}],"wp:attachment":[{"href":"https:\/\/redsemlac.com\/semmexico\/wp-json\/wp\/v2\/media?parent=19725"}],"wp:term":[{"taxonomy":"category","embeddable":true,"href":"https:\/\/redsemlac.com\/semmexico\/wp-json\/wp\/v2\/categories?post=19725"},{"taxonomy":"post_tag","embeddable":true,"href":"https:\/\/redsemlac.com\/semmexico\/wp-json\/wp\/v2\/tags?post=19725"}],"curies":[{"name":"wp","href":"https:\/\/api.w.org\/{rel}","templated":true}]}}