{"id":19722,"date":"2020-04-23T20:55:56","date_gmt":"2020-04-23T20:55:56","guid":{"rendered":"https:\/\/redsemlac.com\/semmexico\/?p=19722"},"modified":"2023-07-21T15:27:02","modified_gmt":"2023-07-21T20:27:02","slug":"argentina-pena-ejercio-violencia-simbolica-segun-un-informe-preliminar","status":"publish","type":"post","link":"https:\/\/redsemlac.com\/semmexico\/argentina-pena-ejercio-violencia-simbolica-segun-un-informe-preliminar\/","title":{"rendered":"Argentina: Pe\u00f1a ejerci\u00f3 violencia simb\u00f3lica, seg\u00fan un informe preliminar"},"content":{"rendered":"\n<ul class=\"wp-block-list\"><li><strong>El\nperiodista cuestion\u00f3 a la intendenta Bettina Romero por tener <\/strong><strong>\u201cuno o dos\nembarazos<\/strong><strong>\u201d\ncuando era diputada provincial.<\/strong><\/li><\/ul>\n\n\n\n<p class=\"wp-block-paragraph\"><strong>Redacci\u00f3n El Tribuno<\/strong><\/p>\n\n\n\n<p class=\"wp-block-paragraph\">SemM\u00e9xico\/El Tribuno. Argentina. 23 de abril 2020.- El\nperiodista y due\u00f1o de FM Aries, Mario Pe\u00f1a, incurri\u00f3 en \u00abviolencia de\ng\u00e9nero simb\u00f3lica\u00bb contra la intendenta de Salta Bettina Romero de acuerdo\na un informe preliminar del Observatorio de Radio y Televisi\u00f3n del Inadi\n(Instituto Nacional contra la Discriminaci\u00f3n la Xenofobia y el Racismo).<\/p>\n\n\n\n<p class=\"wp-block-paragraph\">Pe\u00f1a fue denunciado ante el Inadi luego de un pol\u00e9mico\ncomentario en el que cuestion\u00f3 que la intendenta haya tenido \u00abuno o dos\nembarazos\u00bb en los dos a\u00f1os en los que se desempe\u00f1\u00f3 como diputada\nprovincial y consider\u00f3 que conoce la pol\u00edtica solo porque su padre fue gobernador\ny es senador nacional.<\/p>\n\n\n\n<p class=\"wp-block-paragraph\">\u00abIba a cambiar la C\u00e1mara de Diputados, era la promesa\nelectoral de una C\u00e1mara \u00e1gil. Present\u00f3 un solo proyecto en dos a\u00f1os&#8230; creo que\ntuvo uno o dos embarazos, lo cual se lo pag\u00f3 el Estado, porque indudablemente\nque no trabaj\u00f3\u00bb, dijo Pe\u00f1a en su radio la semana pasada.<\/p>\n\n\n\n<p class=\"wp-block-paragraph\">Seg\u00fan el an\u00e1lisis del caso que difundi\u00f3 ayer el organismo\nnacional, con estas afirmaciones el empresario reproduce varios estereotipos de\ng\u00e9nero. \u00abEn primer lugar, asume que la procreaci\u00f3n es una cuesti\u00f3n\nexclusiva de las mujeres, y en segundo lugar, utiliza informaci\u00f3n falaz para\ndesacreditar al Estado, ya que indistintamente de si el empleador es el Estado\no un privado, la licencia por maternidad es un derecho y durante la misma, la\nAnses paga a la trabajadora la prestaci\u00f3n por maternidad&#8230; que equivale al\nsueldo\u00bb, explicaron.<\/p>\n\n\n\n<p class=\"wp-block-paragraph\">El empresario tambi\u00e9n intent\u00f3 relativizar la experiencia de\nBettina Romero con palabras que, para el Observatorio de Radio y Televisi\u00f3n,\ndemuestran prejuicios sobre lo que las mujeres pueden o deben hacer en el\n\u00e1mbito de la pol\u00edtica.<\/p>\n\n\n\n<p class=\"wp-block-paragraph\">\u00abEs una persona que no tiene ning\u00fan tipo de\nexperiencia. La \u00fanica experiencia que tuvo fue ser funcionaria de (Mauricio)\nMacri y \u00bfd\u00f3nde? en Bienestar Social, \u00bfpor qu\u00e9 en Bienestar Social con el rabino\n(Sergio) Bergman? porque ah\u00ed es donde se reparte la plata, entonces no es donde\nse produce, ah\u00ed es donde se agarra la plata del Estado. Se le entrega a la\ngente la d\u00e1diva\u00bb, sostuvo Pe\u00f1a.<\/p>\n\n\n\n<p class=\"wp-block-paragraph\">En el informe preliminar se advierte que, al remarcar que la\nahora intendenta estuvo \u00abdonde no se produce\u00bb dinero, el periodista\nexpresa el modo en el que a\u00fan se manifiesta la divisi\u00f3n sexual del trabajo.\n\u00abSeg\u00fan expresiones machistas como las de Pe\u00f1a, las mujeres pueden asistir,\npero no producir\u00bb, indica el texto.<\/p>\n\n\n\n<p class=\"wp-block-paragraph\">El Observatorio de Radio y Televisi\u00f3n concluye que los\ndichos del empresario constituyen un claro ejemplo de violencia de g\u00e9nero\nsimb\u00f3lica. \u00abTal como define la Ley 26.485, su mensaje transmite y\nreproduce dominaci\u00f3n, desigualdad y discriminaci\u00f3n en las relaciones sociales,\nnaturalizando la subordinaci\u00f3n de la mujer en la sociedad. Adem\u00e1s, su discurso\ndeslegitima las tareas de cuidado y las capacidades de las mujeres para ocupar\ncargos pol\u00edticos\u00bb, se\u00f1ala.<\/p>\n\n\n\n<p class=\"wp-block-paragraph\">El delegado del Inadi en Salta, Gustavo Farquharson, sostuvo\nque ahora falta que el periodista sea notificado formalmente y tenga la\noportunidad de hacer un descargo, tras lo cual se dar\u00e1 a conocer el dictamen\nfinal.<\/p>\n\n\n\n<p class=\"wp-block-paragraph\">No est\u00e1 claro cu\u00e1ndo ocurrir\u00e1 esto porque los plazos est\u00e1n\ndilatados a ra\u00edz del aislamiento social que rige a nivel nacional por la pandemia\nde coronavirus.<\/p>\n\n\n\n<p class=\"wp-block-paragraph\">\u00abEstamos en la parte de instrucci\u00f3n. Habr\u00e1 tiempo para\nel descargo\u00bb, explic\u00f3 Farquharson. El represente del Inadi dijo que falta,\npero que es probable que en el dictamen se sostenga el posicionamiento del\nObservatorio de Radio y Televisi\u00f3n. Aclar\u00f3 que, en este caso, no habr\u00eda una\nsanci\u00f3n para el periodista sino una recomendaci\u00f3n.<\/p>\n\n\n\n<p class=\"wp-block-paragraph\">Adem\u00e1s, adelant\u00f3 que se trabaja para dictar una capacitaci\u00f3n\nonline para comunicadores de Salta sobre las leyes vigentes para prevenir,\nsancionar y erradicar todas las formas de violencia de g\u00e9nero.<\/p>\n","protected":false},"excerpt":{"rendered":"<p>El periodista cuestion\u00f3 a la intendenta Bettina Romero por tener \u201cuno o dos embarazos\u201d cuando era diputada provincial.<\/p>\n","protected":false},"author":3,"featured_media":19723,"comment_status":"open","ping_status":"open","sticky":false,"template":"","format":"standard","meta":{"_monsterinsights_skip_tracking":false,"footnotes":""},"categories":[691,53],"tags":[],"class_list":["post-19722","post","type-post","status-publish","format-standard","has-post-thumbnail","category-691","category-internacional"],"_links":{"self":[{"href":"https:\/\/redsemlac.com\/semmexico\/wp-json\/wp\/v2\/posts\/19722","targetHints":{"allow":["GET"]}}],"collection":[{"href":"https:\/\/redsemlac.com\/semmexico\/wp-json\/wp\/v2\/posts"}],"about":[{"href":"https:\/\/redsemlac.com\/semmexico\/wp-json\/wp\/v2\/types\/post"}],"author":[{"embeddable":true,"href":"https:\/\/redsemlac.com\/semmexico\/wp-json\/wp\/v2\/users\/3"}],"replies":[{"embeddable":true,"href":"https:\/\/redsemlac.com\/semmexico\/wp-json\/wp\/v2\/comments?post=19722"}],"version-history":[{"count":0,"href":"https:\/\/redsemlac.com\/semmexico\/wp-json\/wp\/v2\/posts\/19722\/revisions"}],"wp:featuredmedia":[{"embeddable":true,"href":"https:\/\/redsemlac.com\/semmexico\/wp-json\/wp\/v2\/media\/19723"}],"wp:attachment":[{"href":"https:\/\/redsemlac.com\/semmexico\/wp-json\/wp\/v2\/media?parent=19722"}],"wp:term":[{"taxonomy":"category","embeddable":true,"href":"https:\/\/redsemlac.com\/semmexico\/wp-json\/wp\/v2\/categories?post=19722"},{"taxonomy":"post_tag","embeddable":true,"href":"https:\/\/redsemlac.com\/semmexico\/wp-json\/wp\/v2\/tags?post=19722"}],"curies":[{"name":"wp","href":"https:\/\/api.w.org\/{rel}","templated":true}]}}