{"id":19719,"date":"2020-04-23T20:38:00","date_gmt":"2020-04-23T20:38:00","guid":{"rendered":"https:\/\/redsemlac.com\/semmexico\/?p=19719"},"modified":"2023-07-21T15:27:02","modified_gmt":"2023-07-21T20:27:02","slug":"colombia-apuesta-tecnologica-para-hacer-frente-a-la-violencia-intrafamiliar-durante-la-cuarentena","status":"publish","type":"post","link":"https:\/\/redsemlac.com\/semmexico\/colombia-apuesta-tecnologica-para-hacer-frente-a-la-violencia-intrafamiliar-durante-la-cuarentena\/","title":{"rendered":"Colombia: Apuesta tecnol\u00f3gica para hacer frente a la violencia intrafamiliar durante la cuarentena"},"content":{"rendered":"\n<ul class=\"wp-block-list\"><li><strong>El manual\n\u00abOfelia no est\u00e1 sola\u00bb, ahora digital, describe una serie de pasos a\nseguir para que las mujeres conozcan sus derechos.<\/strong><\/li><\/ul>\n\n\n\n<p class=\"wp-block-paragraph\"><strong>Por: Carlos Ibarra\nSocarr\u00e1s\/ RCN Radio<\/strong><\/p>\n\n\n\n<p class=\"wp-block-paragraph\">SemM\u00e9xico\/ RCN Radio, Colombia. 23 de abril 2020.- La\npresidenta de la Fundaci\u00f3n WWB, Daniela Konietzko, anunci\u00f3 en conjunto con el\nObservatorio para la Equidad de las Mujeres de la Universidad Icesi, ubicado en\nla ciudad de Cali, la digitalizaci\u00f3n de \u201cOfelia no est\u00e1 sola\u201d, un manual que\ndetalla la ruta de atenci\u00f3n que pueden seguir las mujeres que han sido o se\nencuentran en situaci\u00f3n de peligro como v\u00edctimas de violencia intrafamiliar,\nespecialmente en estos tiempos de cuarentena nacional obligatoria.<\/p>\n\n\n\n<p class=\"wp-block-paragraph\">Dicha gu\u00eda que viene en una presentaci\u00f3n estilo historieta\npone en contexto los diferentes tipos de violencia contra las mujeres en\nColombia, resaltando ante todo que son y siempre deben ser condenables por la\njusticia.<\/p>\n\n\n\n<p class=\"wp-block-paragraph\">As\u00ed mismo, describe una serie de pasos a seguir para que las\nmujeres conozcan sus derechos, de tal forma que puedan exigir la garant\u00eda y\nprotecci\u00f3n de \u00e9stos.<\/p>\n\n\n\n<p class=\"wp-block-paragraph\">&nbsp;\u201cSon tres pasos. El\nprimero es el de \u201c\u00a1Te atiendes!\u201d haciendo un llamado a revisar la atenci\u00f3n\nf\u00edsica y psicol\u00f3gica de las mujeres con un especialista en el centro de salud\nm\u00e1s cercano; el segundo es \u201c\u00a1Te Proteges! invitando a reforzar y denunciar las\nsituaciones ante las autoridades competentes. Y el tercero, \u201c\u00a1Te Defiendes!\u201d,\nrecordando la importancia de consultar informaci\u00f3n y capacitaci\u00f3n de las\nacciones jur\u00eddicas\u201d, explic\u00f3 la presidenta de la fundaci\u00f3n.<\/p>\n\n\n\n<p class=\"wp-block-paragraph\">No obstante, Konietzko aclar\u00f3 que la estrategia es fruto de\nun trabajo que se viene realizando desde hace a\u00f1os, en el que se han entregado\nm\u00e1s de 10.000 gu\u00edas a entidades departamentales, municipales y al Gobierno\nNacional.<\/p>\n\n\n\n<p class=\"wp-block-paragraph\">Pero que, \u201cpor la coyuntura nacional, lo que hicimos fue\ndigitalizarlo para poder entregarlo a las instituciones tanto p\u00fablicas como\nprivadas para que puedan distribuirlo dentro de su comunidad\u201d, precis\u00f3.<\/p>\n\n\n\n<p class=\"wp-block-paragraph\"><strong>Cifras durante la\ncuarentena<\/strong><\/p>\n\n\n\n<p class=\"wp-block-paragraph\">Por otra parte, la presidenta de la Fundaci\u00f3n WWB Colombia,\nDaniela Konietzko, denunci\u00f3 que seg\u00fan el reporte la l\u00ednea 155, que se encarga\nde recibir las denuncias y brindar apoyo a las v\u00edctimas de violencia\nintrafamiliar y de g\u00e9nero, entre el 20 y el 30 de marzo se presentaron m\u00e1s de\n313 casos, lo que representa un incremento del 79%.<\/p>\n\n\n\n<p class=\"wp-block-paragraph\"><strong>\u00bfPreocupa la\nextensi\u00f3n de aislamiento obligatorio?<\/strong><\/p>\n\n\n\n<p class=\"wp-block-paragraph\">Daniela Konietzko advirti\u00f3 que la emergencia por la COVID-19\nplantea un escenario de incertidumbre nacional y mundial con relaci\u00f3n a la\nviolencia intrafamiliar, entre otros tipos de agresi\u00f3n contra la mujer, pues\naunque reconoce la importancia de la cuarentena para mitigar la propagaci\u00f3n del\nvirus, se\u00f1al\u00f3 que es una preocupaci\u00f3n m\u00e1s para la fundaci\u00f3n el hecho de que las\nmujeres permanezcan m\u00e1s tiempo junto a sus agresores.<\/p>\n\n\n\n<p class=\"wp-block-paragraph\">&nbsp;\u201cEstamos tratando de\nestar al d\u00eda, conociendo cu\u00e1les son las necesidades y las realidades de esta\npoblaci\u00f3n, que, en nuestro caso como fundaci\u00f3n, es especialmente de mujeres en\nsituaci\u00f3n socioecon\u00f3mica vulnerable\u201d, indic\u00f3.<\/p>\n\n\n\n<p class=\"wp-block-paragraph\">Adem\u00e1s, explic\u00f3 que otro objetivo de la estrategia es\nsensibilizar y transmitir que no es un mensaje solamente para la poblaci\u00f3n\nfemenina. \u201cLos hombres tambi\u00e9n tienen hermanas, primas, madres (hijas,\nfamiliares y conocidas) \u2026 Cualquier persona en Colombia, seg\u00fan la Constituci\u00f3n,\npuede denunciar un acto de violencia contra las mujeres\u201d, puntualiz\u00f3.<\/p>\n\n\n\n<p class=\"wp-block-paragraph\">En la p\u00e1gina web www.fundacionwwbcolombia.org puede\nencontrar m\u00e1s informaci\u00f3n de utilidad sobre c\u00f3mo denunciar este tipo de casos\nde violencia intrafamiliar, y dando clic en el siguiente v\u00ednculo podr\u00e1\nencontrar el manual de \u201cOfelia No Est\u00e1 Sola\u201d.<\/p>\n","protected":false},"excerpt":{"rendered":"<p>El manual \u00abOfelia no est\u00e1 sola\u00bb, ahora digital, describe una serie de pasos a seguir para que las mujeres conozcan sus derechos.<\/p>\n","protected":false},"author":3,"featured_media":19720,"comment_status":"open","ping_status":"open","sticky":false,"template":"","format":"standard","meta":{"_monsterinsights_skip_tracking":false,"footnotes":""},"categories":[691,135],"tags":[],"class_list":["post-19719","post","type-post","status-publish","format-standard","has-post-thumbnail","category-691","category-emergencia-sanitaria-covid-19"],"_links":{"self":[{"href":"https:\/\/redsemlac.com\/semmexico\/wp-json\/wp\/v2\/posts\/19719","targetHints":{"allow":["GET"]}}],"collection":[{"href":"https:\/\/redsemlac.com\/semmexico\/wp-json\/wp\/v2\/posts"}],"about":[{"href":"https:\/\/redsemlac.com\/semmexico\/wp-json\/wp\/v2\/types\/post"}],"author":[{"embeddable":true,"href":"https:\/\/redsemlac.com\/semmexico\/wp-json\/wp\/v2\/users\/3"}],"replies":[{"embeddable":true,"href":"https:\/\/redsemlac.com\/semmexico\/wp-json\/wp\/v2\/comments?post=19719"}],"version-history":[{"count":0,"href":"https:\/\/redsemlac.com\/semmexico\/wp-json\/wp\/v2\/posts\/19719\/revisions"}],"wp:featuredmedia":[{"embeddable":true,"href":"https:\/\/redsemlac.com\/semmexico\/wp-json\/wp\/v2\/media\/19720"}],"wp:attachment":[{"href":"https:\/\/redsemlac.com\/semmexico\/wp-json\/wp\/v2\/media?parent=19719"}],"wp:term":[{"taxonomy":"category","embeddable":true,"href":"https:\/\/redsemlac.com\/semmexico\/wp-json\/wp\/v2\/categories?post=19719"},{"taxonomy":"post_tag","embeddable":true,"href":"https:\/\/redsemlac.com\/semmexico\/wp-json\/wp\/v2\/tags?post=19719"}],"curies":[{"name":"wp","href":"https:\/\/api.w.org\/{rel}","templated":true}]}}