{"id":19704,"date":"2020-04-23T18:30:58","date_gmt":"2020-04-23T18:30:58","guid":{"rendered":"https:\/\/redsemlac.com\/semmexico\/?p=19704"},"modified":"2023-07-21T15:27:02","modified_gmt":"2023-07-21T20:27:02","slug":"opinion-470","status":"publish","type":"post","link":"https:\/\/redsemlac.com\/semmexico\/opinion-470\/","title":{"rendered":"R\u00e1faga"},"content":{"rendered":"\n<h2 class=\"wp-block-heading\"> El Batall\u00f3n de las Batas Blancas, merece el reconocimiento nacional  <\/h2>\n\n\n\n<p class=\"wp-block-paragraph\"><strong>* Salvan vidas y peligran las suyas<\/strong><\/p>\n\n\n\n<p class=\"wp-block-paragraph\"><strong>Jorge Herrera Valenzuela<\/strong><\/p>\n\n\n\n<p class=\"wp-block-paragraph\">SemM\u00e9xico, 23 de abril, 2020.- Nadie puede predecir\nla fecha de terminaci\u00f3n de la pandemia que tiene semiparalizado al mundo, sin\nque nuestro hermoso M\u00e9xico quede excluido. Las cifras de contagiados, de las\npersonas fallecidas y de las hospitalizadas, por ahora, se cuentas por decenas de\nmiles en Europa, en Latinoam\u00e9rica, en Asia, en Estados Unidos de Am\u00e9rica y en\nCanad\u00e1. Tambi\u00e9n comento que muchos libraron la muerte y miles m\u00e1s dieron\nresultado negativo. <\/p>\n\n\n\n<p class=\"wp-block-paragraph\">En el trayecto recorrido, a partir del pasado marzo,\nhemos atestiguado varios aspectos indicativos de la solidaridad de los\nmexicanos para permanecer en sus domicilios, los que acatan las medidas\nsanitarias y no arrojan al piso los cubrebocas que se les proporcionan. Tambi\u00e9n\nsupimos que en Villahermosa, Tabasco, las personas se formaron guardando la\ndistancia de 1.50 metros, entre s\u00ed, para recibir alimentos. <\/p>\n\n\n\n<p class=\"wp-block-paragraph\">Por supuesto que el n\u00famero de irresponsables,\nautodeclarados inmunes, es considerable. El s\u00e1bado de la semana anterior, en la\nAvenida Ju\u00e1rez, Ciudad de M\u00e9xico, era un d\u00eda \u201cnormal\u201d de viandantes y, como\ndec\u00eda mi abuelita, \u201ccaminaban campantes, como si nada\u201d. Entiendo que hay muchos\nque salen a trabajar, porque de lo contrario no hay dinero para que coma la\nfamilia; otros est\u00e1n prestando servicios imprescindibles, pero hay quienes no\nmiden las consecuencias del peligro que corren y convertirse en portadores del\ncontagio.<\/p>\n\n\n\n<p class=\"wp-block-paragraph\"><strong>Salvan vidas y peligran las suyas<\/strong><\/p>\n\n\n\n<p class=\"wp-block-paragraph\">Pues bien, antes de abordar otro punto importante de\nlo que estamos viviendo, les comento sobre el grav\u00edsimo problema que se afronta\ny se confronta en los hospitales (de gobierno) donde son atendidos tanto los\ncontagiados como los no infectados por el coronavirus que se presentan a un\nexamen previo. El siguiente paso es la hospitalizaci\u00f3n de los pacientes y\nestablecer un cuidado muy especial, en virtud del peligro que se presenta desde\nel primer contacto con el enfermo.<\/p>\n\n\n\n<p class=\"wp-block-paragraph\">En los primeros d\u00edas la pandemia parec\u00eda muy benigna\nal conocerse los contados casos de contagiados. Las autoridades sanitarias\nsubestimaron la situaci\u00f3n e informaron que estaban preparadas, capacitadas y\ncon equipos, para atender inmediatamente a los pacientes. En Palacio Nacional\nse le rest\u00f3 trascendencia a la pandemia e inclusive se invitaba a las personas\npara que salieran a comer a los restaurantes. El presidente en una de sus\n\u201cma\u00f1aneras\u201d mostr\u00f3 unas estampitas religiosas que lo proteg\u00edan, \u201ces un\ndetente\u201d, dijo. El gobernador de Puebla, el morenista Luis Miguel Barbosa,\nafirm\u00f3 que a los pobres, como \u00e9l, no les afecta el coronavirus.<\/p>\n\n\n\n<p class=\"wp-block-paragraph\">Al paso de los d\u00edas y de las semanas, el n\u00famero de\nafectados por el coronavirus se empez\u00f3 a contar por miles y el n\u00famero de\nmuertos lamentablemente se elevar\u00e1. De los hospitales oficiales, del IMSS, del\nISSSTE y de la Secretar\u00eda de Salud, salieron las demandas de cubrebocas,\nguantes, batas, trajes especiales, para el personal de salud, las personas\nresponsables de las camillas y de limpieza, as\u00ed como para el personal\nadministrativo. Tambi\u00e9n demandaron equipo y material m\u00e9dico, sobre todos los\nventiladores indispensables para la atenci\u00f3n de los infectados. <\/p>\n\n\n\n<p class=\"wp-block-paragraph\">No pasaron muchos d\u00edas en que se inform\u00f3 que el\npersonal m\u00e9dico no solo estaba exponiendo su vida sino que no recib\u00eda el m\u00ednimo\napoyo. Han muerto varios m\u00e9dicos, otros dos asesinados y varios atacados, al\nigual que no hay seguridad para todos los auxiliares. En hospitales\ngubernamentales los doctores y las enfermeras han denunciado que tuvieron que\nadquirir, por cuenta propia, cubrebocas y guantes. El gobernador de Michoac\u00e1n\ndijo que echaba a la basura lo que enviaron para el personal m\u00e9dico, porque\nverdaderamente no serv\u00edan. Las paredes de un hospital al norte de La Paz, Baja\nCalifornia Sur, tapizadas con carteles, empezando en la entrada uno lee: \u201d<strong>Hospital No Apto Para COVID-19<\/strong>\u201d y dos\nm\u00e1s: \u201c<strong>No Contamos Con Los Insumos<\/strong>\u201d y\n\u201c<strong>\u00bfC\u00f3mo Te Curo Si el Gobierno No Me\nCuida?<\/strong>\u201d.<\/p>\n\n\n\n<p class=\"wp-block-paragraph\">Esto \u00faltimo lo reporte\u00f3 (para el diario digital\nRelevante.mx) Socorro Valdez Guerrero, quien precis\u00f3 que los hechos ocurrieron\nen el Hospital \u201cDr. Ad\u00e1n G. Velarde y Oaxaca\u201d, en Santa Rosal\u00eda. No trato de\nse\u00f1alar errores burocr\u00e1ticos, son las denuncias m\u00faltiples que se difunden en\nlas redes sociales en torno al trabajo que hacen miles de mexicanos, expuestos,\ncada segundo del d\u00eda, al contagio. Por ello, desde este espacio, invito a que\nhaya solidaridad y pugnemos por un reconocimiento nacional en el campo federal,\nen los Estados, en los municipios y en la Ciudad de M\u00e9xico. <\/p>\n\n\n\n<p class=\"wp-block-paragraph\">Es lo menos que podemos hacer los mexicanos por ese ej\u00e9rcito\nal que califico y denomino <strong>El Batall\u00f3n de\nlas Batas Blancas<\/strong>, integrado por los miles de m\u00e9dicos, doctoras,\nenfermeras, enfermeros, afanadoras, camilleros, personal administrativo y voluntarios.\nLa totalidad la forman civiles, militares y navales, especializados en cada una\nde las tareas. Ni un solo elemento, mujer u hombre, joven o adulto, activo o\njubilado, desatendi\u00f3 el llamado para dar atenci\u00f3n, asistencia, afecto y calor a\nlos que desgraciadamente fueron mortalmente atacados por el virus.<\/p>\n\n\n\n<p class=\"wp-block-paragraph\">\u00bfD\u00f3nde est\u00e1n los socios del Club de Leones, los del\nRotary Internacional, de los banqueros, los industriales, los comerciantes y\ntodas las organizaciones que dicen hacer servicio social? Prepar\u00e9monos para el\nd\u00eda en que se ponga la bandera blanca, el s\u00edmbolo de que termin\u00f3 la pandemia,\npara rendir el homenaje a quienes luchan por salvar vidas, sin importarles\nexponer las suyas. <\/p>\n\n\n\n<p class=\"wp-block-paragraph\"><strong>No toque de queda ni multas<\/strong><\/p>\n\n\n\n<p class=\"wp-block-paragraph\">Despu\u00e9s de que el\ngobernador Enrique Alfaro Ram\u00edrez anunci\u00f3 que en el Estado de Jalisco se\nimpon\u00eda como obligatorio permanecer en sus casas, salvo para ir a comprar\nalimentos o medicinas, as\u00ed como por cuestiones laborales. Se impondr\u00e1 multa y\ntal vez haya arrestos por horas a quienes no justifiquen andar en la calle. La\nmedida es para evitar que haya m\u00e1s contagios, pues sucede que quien es\ncontagiado no lo sabe hasta que les brotan los s\u00edntomas y para entonces ya\ntambi\u00e9n fue foco de infecci\u00f3n. <\/p>\n\n\n\n<p class=\"wp-block-paragraph\">La disposici\u00f3n del\ngobernador jalisciense no cay\u00f3 nada bien a su colega, la Jefa de Gobierno de la\nCiudad de M\u00e9xico, doctora Claudia Sheinbaum Pardo, quien, sin mencionar a\nAlfaro, dijo: \u201cSomos una Ciudad democr\u00e1tica, no vamos a hacer un toque de\nqueda, vamos a tomar nuevas medidas\u201d. Se sabe que &nbsp;no se impondr\u00e1n multas ni detenciones para la\ngente que contin\u00fae circulando por las calles de \u201cla democr\u00e1tica Capital del\nPa\u00eds\u201d.<\/p>\n\n\n\n<p class=\"wp-block-paragraph\"><strong>jherrerav@live.com.mx<\/strong><\/p>\n","protected":false},"excerpt":{"rendered":"<p>El Batall\u00f3n de las Batas Blancas, merece el reconocimiento nacional <\/p>\n","protected":false},"author":3,"featured_media":19705,"comment_status":"open","ping_status":"open","sticky":false,"template":"","format":"standard","meta":{"_monsterinsights_skip_tracking":false,"footnotes":""},"categories":[691,94,107],"tags":[],"class_list":["post-19704","post","type-post","status-publish","format-standard","has-post-thumbnail","category-691","category-jorge-herrera-valenzuela","category-rafaga"],"_links":{"self":[{"href":"https:\/\/redsemlac.com\/semmexico\/wp-json\/wp\/v2\/posts\/19704","targetHints":{"allow":["GET"]}}],"collection":[{"href":"https:\/\/redsemlac.com\/semmexico\/wp-json\/wp\/v2\/posts"}],"about":[{"href":"https:\/\/redsemlac.com\/semmexico\/wp-json\/wp\/v2\/types\/post"}],"author":[{"embeddable":true,"href":"https:\/\/redsemlac.com\/semmexico\/wp-json\/wp\/v2\/users\/3"}],"replies":[{"embeddable":true,"href":"https:\/\/redsemlac.com\/semmexico\/wp-json\/wp\/v2\/comments?post=19704"}],"version-history":[{"count":0,"href":"https:\/\/redsemlac.com\/semmexico\/wp-json\/wp\/v2\/posts\/19704\/revisions"}],"wp:featuredmedia":[{"embeddable":true,"href":"https:\/\/redsemlac.com\/semmexico\/wp-json\/wp\/v2\/media\/19705"}],"wp:attachment":[{"href":"https:\/\/redsemlac.com\/semmexico\/wp-json\/wp\/v2\/media?parent=19704"}],"wp:term":[{"taxonomy":"category","embeddable":true,"href":"https:\/\/redsemlac.com\/semmexico\/wp-json\/wp\/v2\/categories?post=19704"},{"taxonomy":"post_tag","embeddable":true,"href":"https:\/\/redsemlac.com\/semmexico\/wp-json\/wp\/v2\/tags?post=19704"}],"curies":[{"name":"wp","href":"https:\/\/api.w.org\/{rel}","templated":true}]}}