{"id":19702,"date":"2020-04-23T18:25:30","date_gmt":"2020-04-23T18:25:30","guid":{"rendered":"https:\/\/redsemlac.com\/semmexico\/?p=19702"},"modified":"2023-07-21T15:27:02","modified_gmt":"2023-07-21T20:27:02","slug":"opinion-469","status":"publish","type":"post","link":"https:\/\/redsemlac.com\/semmexico\/opinion-469\/","title":{"rendered":"Entresemana"},"content":{"rendered":"\n<h2 class=\"wp-block-heading\"> Provocador <\/h2>\n\n\n\n<p class=\"wp-block-paragraph\"><strong>* \u00bfEs buena\nprensa la que aplaude?<\/strong><\/p>\n\n\n\n<p class=\"wp-block-paragraph\"><strong>Mois\u00e9s\nS\u00e1nchez Lim\u00f3n<\/strong><\/p>\n\n\n\n<p class=\"wp-block-paragraph\">SemM\u00e9xico, 23 de abril, 2020.- Al reportero Andr\u00e9s Manuel se le fue la\nnota, mal reportero\u2026<\/p>\n\n\n\n<p class=\"wp-block-paragraph\">Y es que, mire usted, hablar de periodistas ya no es asunto de\nperiodistas porque al gremio, desde el p\u00falpito del Sal\u00f3n de la Tesorer\u00eda, en\nPalacio Nacional, se nos ha descalificado, insultado, calumniado e incluso\nacusado de golpista, un adjetivo fuerte cuyo objetivo entra\u00f1a el sin\u00f3nimo de\ntraici\u00f3n. <\/p>\n\n\n\n<p class=\"wp-block-paragraph\">Y no se trata de responder al licenciado L\u00f3pez Obrador en los mismos\nt\u00e9rminos porque justo es lo que busca como un buen provocador callejero,\naplicar esas lecciones aprendidas como promotor y beneficiario de la industria\nde la protesta.<\/p>\n\n\n\n<p class=\"wp-block-paragraph\">S\u00ed, de esa actividad que le gener\u00f3 ping\u00fces ganancias de las que no hay\nhuella porque los dineros producto de esa presi\u00f3n fueron en efectivo, o cheque\nal portador, como ocurri\u00f3 con el llamado \u201c\u00c9xodo por la Democracia\u201d.<\/p>\n\n\n\n<p class=\"wp-block-paragraph\">Aquella marcha a pie que inici\u00f3 en noviembre de 1991 y concluy\u00f3 en el\nZ\u00f3calo de la capital del pa\u00eds en enero de 1992, am\u00e9n de lograr le atendieran\ndesde la Secretar\u00eda de Gobernaci\u00f3n, entonces a cargo de Fernando Guti\u00e9rrez\nBarrios, la demanda de anular comicios en varios municipios tabasque\u00f1os, le\nreditu\u00f3 la cabeza del entonces gobernador Salvador Neme Castillo y un apoyo\necon\u00f3mico cuyo monto fue ponderado en varios millones de pesos; por cierto, en\nla entrega le faltaron 24 millones de pesos, por lo que regres\u00f3 a la regencia\ndel Distrito Federal a cobrarlos porque, adujo, se los deb\u00edan.<\/p>\n\n\n\n<p class=\"wp-block-paragraph\">Y ni qu\u00e9 decir de la Caravana por la Democracia en abril de 1995\ncuando presion\u00f3 al entonces presidente Ernesto Zedillo para que pidiera\nlicencia a la gubernatura Roberto Madrazo Pintado, que reci\u00e9n hab\u00eda tomado\nposesi\u00f3n del cargo en enero de 1994. L\u00f3pez Obrador presumi\u00f3 cajas con supuestos\ndocumentos que demostrar\u00edan el fraude en la elecci\u00f3n de gobernador.<\/p>\n\n\n\n<p class=\"wp-block-paragraph\">Instaladas en el Z\u00f3calo capitalino, dichas cajas nunca fueron abiertas\n\u00edntegramente, pero en realidad no ten\u00edan pruebas. Pero, \u00bfsabe usted quien debi\u00f3\nrenunciar al cargo porque no pudo convencer a Roberto Madrazo para que dejara\nla gubernatura y diera pauta que L\u00f3pez Obrador participara en una elecci\u00f3n\nextraordinaria? Esteban Moctezuma Barrag\u00e1n fue obligado a renunciar a la\nSecretar\u00eda de Gobernaci\u00f3n; hoy es secretario de Educaci\u00f3n P\u00fablica en el\ngabinete de la 4T. Favor con favor se paga.<\/p>\n\n\n\n<p class=\"wp-block-paragraph\">La informaci\u00f3n es cierta, documentada e incluso corroborada por\ntestigos de la entrega de aquellos dineros que salieron de la regencia del\nentonces Departamento del Distrito Federal, a cargo del hoy desaparecido Manuel\nCamacho Sol\u00eds, pero cuya presencia en el equipo del <em>se\u00f1orpresidente<\/em> est\u00e1 en la persona de Marcelo Ebrard, el\nvicepresidente con cargo de secretario de Relaciones Exteriores.<\/p>\n\n\n\n<p class=\"wp-block-paragraph\">\u00bfY sabe usted quienes informaron de esos periplos, bloqueos y cierres\nde pozos petroleros, llamados a la resistencia civil para no pagar el servicio\nde energ\u00eda el\u00e9ctrica en Tabasco y manifestaciones callejeras encabezadas por\nAndr\u00e9s Manuel? S\u00ed, este periodismo que se practica en M\u00e9xico y que en esos\ntiempos de las administraciones de Carlos Salinas de Gortari y de Ernesto\nZedillo Ponce de Le\u00f3n lograba sacudirse censuras oficiales y autocensuras de\nlos due\u00f1os de los grandes medios de comunicaci\u00f3n impresa y electr\u00f3nica.<\/p>\n\n\n\n<p class=\"wp-block-paragraph\">\u00a1Vaya memoria selectiva la del licenciado en ciencias pol\u00edticas Andr\u00e9s\nManuel!<\/p>\n\n\n\n<p class=\"wp-block-paragraph\">El hoy <em>se\u00f1orpresidente<\/em>\ncumple con el objetivo de desprestigiar y restar credibilidad a los periodistas\nde estos tiempos frente al ciudadano que escucha y lee noticias, que observa\nim\u00e1genes de pol\u00edticos cuyos desencuentros cada d\u00eda se enfatizan m\u00e1s entre\nbuenos y malos, entre los que militan con disciplina draconiana en la columna\nlopezobradorista y aquellos a los que el propio licenciado Andr\u00e9s Manuel\ndescalifica y llama conservadores y golpistas que a\u00f1oran los tiempos reci\u00e9n\npasados porque son se\u00f1oritingos y machachones que robaban y se olvidaron de los\npobres.<\/p>\n\n\n\n<p class=\"wp-block-paragraph\">As\u00ed, este cap\u00edtulo que ayer vivi\u00f3 el periodismo nacional \u2013no la\nindustria editorial, no los peri\u00f3dicos, no las televisoras ni las estaciones\nradiof\u00f3nicas ni las grandes plataformas digitales\u2014 en la conferencia ma\u00f1anera,\nembona en la estrategia de la doctrina de Joseph Goebbels (\u201cmiente, miente,\nmiente que algo quedar\u00e1, cuanto m\u00e1s grande sea una mentira m\u00e1s gente la\ncreer\u00e1\u201d) para desarmar al enemigo, al opositor de mayor peso rest\u00e1ndole\ncredibilidad.<\/p>\n\n\n\n<p class=\"wp-block-paragraph\">Porque, veamos un ejemplo que puede ser simplista, pero es\naleccionador de esa mec\u00e1nica que se despliega en redes sociales y, por citar un\ncaso, en Facebook ha llegado al grado de considerar a L\u00f3pez Obrador como un ser\ndivino. Comentaba con mi amigo Miguel \u00c1ngel S\u00e1nchez de Armas de esa devoci\u00f3n\nrayana en el fanatismo hacia Andr\u00e9s Manuel, a quien he comparado con el Ni\u00f1o\nFidencio, un personaje del que hace poco public\u00f3 un art\u00edculo; si, aquel\npersonaje que, en la terminal del ferrocarril en Espinazo, Nuevo Le\u00f3n, hac\u00eda\nmilagros e incluso el entonces presidente Plutarco El\u00edas Calles fue a\nconsultar.<\/p>\n\n\n\n<p class=\"wp-block-paragraph\">Pero, vaya, el tema es que el <em>se\u00f1orpresidente<\/em>\ncuenta con personeros y oficiosos, a quienes llamo mercenarios del periodismo\nporque, lo citaba ayer Joaqu\u00edn L\u00f3pez-D\u00f3riga no se les conoce, por lo menos no en\nun medio de comunicaci\u00f3n, aunque modesto pero profesional, una sola nota\npublicada.<\/p>\n\n\n\n<p class=\"wp-block-paragraph\">El caso es que el licenciado en ciencias pol\u00edticas, algo pudo haber\naprendido de bases te\u00f3ricas de periodismo que se daban en el tronco com\u00fan en\naquellos a\u00f1os en que estuvo matriculado en la Facultad de Ciencias Pol\u00edticas y\nSociales de la UNAM. No, definitivamente lo \u00fanico que aprendi\u00f3 fue la\nestrategia de la protesta y la descalificaci\u00f3n callejera del opositor, del\ncontrincante.<\/p>\n\n\n\n<p class=\"wp-block-paragraph\">Ah\u00ed sus adjetivos, ah\u00ed la mec\u00e1nica de desprestigiar a los periodistas,\neditorialistas, columnistas, analistas y reporteros de la infanter\u00eda que no\ncomulgan con su gobierno, que llegan a hacerle preguntas inc\u00f3modas.<\/p>\n\n\n\n<p class=\"wp-block-paragraph\">C\u00f3mo lograr que aterricen sin chistar sus propuestas, ideas llevadas a\nla pr\u00e1ctica en obras como el Tren Maya o la refiner\u00eda de Dos Bocas y el\nAeropuerto Felipe \u00c1ngeles en la terminal a\u00e9rea militar de Santa Luc\u00eda. Simple,\nla gente debe creerle porque sus cr\u00edticos son rapaces, bandidos, chayoteros,\nfaltos de \u00e9tica, conservadores, fif\u00eds, golpistas.<\/p>\n\n\n\n<p class=\"wp-block-paragraph\">Lo peor son estos malditos periodistas que no lo dejan gobernar pero\nque, margen aparte de las propias estructuras e intereses personales, son\nelemento toral del contrapeso frente al poder p\u00fablico, el m\u00e1ximo poder feudal\nque ha desplegado el objetivo de cambiar a M\u00e9xico, pero sin plan, ayuno de\nproyecto de pa\u00eds.<\/p>\n\n\n\n<p class=\"wp-block-paragraph\"><strong>As\u00ed, cuando a Andr\u00e9s Manuel le plantearon -sembraron\nuna pregunta, perversamente, de por qu\u00e9 \u201c<\/strong>los lunes el\nvocero Jes\u00fas Ram\u00edrez o usted pudi\u00e9ramos tambi\u00e9n tener el pulso de las noticias\npara conocer qu\u00e9 noticias son falsas o qu\u00e9 noticias son verdaderas, tanto en la\nprensa escrita, tanto en la radio y la televisi\u00f3n. Si pudiera ser viable, esa\nser\u00eda mi pregunta. Le agradezco\u201d.<\/p>\n\n\n\n<p class=\"wp-block-paragraph\"><strong>&#8212;<\/strong><strong>Pero se cae eso por su propio peso \u2013respondi\u00f3 L\u00f3pez Obrador&#8211;. Eso no\nest\u00e1 teniendo \u00e9xito; incluso, no s\u00e9 si ustedes lo han notado, pero veo que le\nhan bajado, a lo mejor yo no estoy tan al tanto, pero ya no hay tantas noticias\nfalsas porque como que se les est\u00e1 revirtiendo, como que tienen un efecto de\nb\u00fameran, ya no hay tantas, y eso hay que agradecerlo. Adem\u00e1s, a lo mejor ya se\nles est\u00e1 acabando el dinero o ya no quieren seguir pagando&nbsp;<em>bots<\/em>, porque eso cuesta,\npero si lo est\u00e1n haciendo porque quieren actuar de manera responsable,\nbienvenido, qu\u00e9 bueno ese cambio de actitud.<\/strong><\/p>\n\n\n\n<p class=\"wp-block-paragraph\"><strong>Pero no, no\ncreo que haga falta. Poco a poco, esos excesos se van a ir haciendo a un lado,\nya la gente no les cree a quienes mienten, a quienes exageran. \u00bfUstedes creen\nque no aburre abrir un peri\u00f3dico,&nbsp;<em>\u00bfEl\nUniversal, por ejemplo, o el&nbsp;Reforma,&nbsp;y no encontraran nada bueno del\ngobierno?<\/em> Todo malo, todo malo; pero no s\u00f3lo las notas, los\narticulistas supuestamente independientes, todos.<\/strong><\/p>\n\n\n\n<p class=\"wp-block-paragraph\"><strong>Antes,\nen&nbsp;<em>El Universal<\/em>&nbsp;se\npresum\u00eda de que ten\u00edan una l\u00ednea editorial gobiernista, pero sus articulistas\neran independientes, hab\u00eda pluralidad en los editoriales, porque escrib\u00eda un\ndirigente de oposici\u00f3n, alg\u00fan escritor destacado verdaderamente independiente,\nlos moneros. Ya no queda nada, solo los moneros, creo que todav\u00eda est\u00e1 Helio\nFlores, s\u00ed est\u00e1, pero los articulistas, los que escriben la editorial, puro\nconservador.<\/strong><\/p>\n\n\n\n<p class=\"wp-block-paragraph\"><strong>Y del&nbsp;<em>Reforma<\/em>&nbsp;ya ni\nhablamos, lo mismo&nbsp;<em>TV\nAzteca<\/em>&nbsp;y lo mismo&nbsp;<em>Televisa<\/em>&nbsp;y\n\u00bfc\u00f3mo se llama,&nbsp;<em>Exc\u00e9lsior<\/em>,\nel director de&nbsp;<em>Exc\u00e9lsior?,&nbsp;<\/em>como\nel director de&nbsp;<em>Milenio<\/em>,\nno s\u00e9 si todav\u00eda es director de&nbsp;<em>Milenio,<\/em>&nbsp;Mar\u00edn.<\/strong><\/p>\n\n\n\n<p class=\"wp-block-paragraph\">S\u00ed, el diagn\u00f3stico del <em>se\u00f1orpresidente<\/em>\nes que, a sus cr\u00edticos, a quienes piensan diferente a \u00e9l, a los periodistas del\ncontrapeso del poder se les est\u00e1 revirtiendo lo que piensan, dicen y escriben.\nMalo, malo. \u00bfEs buena prensa la que aplaude?, le pregunt\u00f3 una colega sonorense\nal licenciado L\u00f3pez Obrador y \u00e9ste se sali\u00f3 por la tangente. Perdi\u00f3 la nota.<\/p>\n\n\n\n<p class=\"wp-block-paragraph\">\u00bfPara qu\u00e9 enojarse?, \u00bfpara qu\u00e9 pensar en desplegados y responderle? Seamos\ncontrapeso del poder. Aquellos que arrastren pecados cometidos en los tiempos\nde vino y rosas, sabr\u00e1n dirimir diferencias con su conciencia; no es mi papel\njuzgar al colega pecador. \u00a1Vaya con el reportero Andr\u00e9s Manuel! Impresionante\nsu forma de volar la nota y practicar el amarillismo. Conste.<\/p>\n\n\n\n<p class=\"wp-block-paragraph\"><a href=\"mailto:sanchezlimon@gmail.com\">sanchezlimon@gmail.com<\/a><\/p>\n\n\n\n<p class=\"wp-block-paragraph\"><a href=\"http:\/\/www.entresemana.mx\">www.entresemana.mx<\/a><\/p>\n\n\n\n<p class=\"wp-block-paragraph\"><strong>@msanchezlimon<\/strong><\/p>\n","protected":false},"excerpt":{"rendered":"<p>Provocador<\/p>\n","protected":false},"author":3,"featured_media":15805,"comment_status":"open","ping_status":"open","sticky":false,"template":"","format":"standard","meta":{"_monsterinsights_skip_tracking":false,"footnotes":""},"categories":[691,105,83],"tags":[],"class_list":["post-19702","post","type-post","status-publish","format-standard","has-post-thumbnail","category-691","category-entresemana","category-moises-sanchez-limon"],"_links":{"self":[{"href":"https:\/\/redsemlac.com\/semmexico\/wp-json\/wp\/v2\/posts\/19702","targetHints":{"allow":["GET"]}}],"collection":[{"href":"https:\/\/redsemlac.com\/semmexico\/wp-json\/wp\/v2\/posts"}],"about":[{"href":"https:\/\/redsemlac.com\/semmexico\/wp-json\/wp\/v2\/types\/post"}],"author":[{"embeddable":true,"href":"https:\/\/redsemlac.com\/semmexico\/wp-json\/wp\/v2\/users\/3"}],"replies":[{"embeddable":true,"href":"https:\/\/redsemlac.com\/semmexico\/wp-json\/wp\/v2\/comments?post=19702"}],"version-history":[{"count":0,"href":"https:\/\/redsemlac.com\/semmexico\/wp-json\/wp\/v2\/posts\/19702\/revisions"}],"wp:featuredmedia":[{"embeddable":true,"href":"https:\/\/redsemlac.com\/semmexico\/wp-json\/wp\/v2\/media\/15805"}],"wp:attachment":[{"href":"https:\/\/redsemlac.com\/semmexico\/wp-json\/wp\/v2\/media?parent=19702"}],"wp:term":[{"taxonomy":"category","embeddable":true,"href":"https:\/\/redsemlac.com\/semmexico\/wp-json\/wp\/v2\/categories?post=19702"},{"taxonomy":"post_tag","embeddable":true,"href":"https:\/\/redsemlac.com\/semmexico\/wp-json\/wp\/v2\/tags?post=19702"}],"curies":[{"name":"wp","href":"https:\/\/api.w.org\/{rel}","templated":true}]}}