{"id":19553,"date":"2020-04-20T18:29:44","date_gmt":"2020-04-20T18:29:44","guid":{"rendered":"https:\/\/redsemlac.com\/semmexico\/?p=19553"},"modified":"2023-07-21T15:26:06","modified_gmt":"2023-07-21T20:26:06","slug":"opinion-459","status":"publish","type":"post","link":"https:\/\/redsemlac.com\/semmexico\/opinion-459\/","title":{"rendered":"Alfa Omega"},"content":{"rendered":"\n<h2 class=\"wp-block-heading\">La \u00daltima Invasi\u00f3n Naval-Militar Yanqui a M\u00e9xico<\/h2>\n\n\n\n<p class=\"wp-block-paragraph\"><strong>* Azueta y Uribe, h\u00e9roes nacionales<\/strong><\/p>\n\n\n\n<p class=\"wp-block-paragraph\"><strong>Jorge Herrera Valenzuela<\/strong><\/p>\n\n\n\n<p class=\"wp-block-paragraph\">SemM\u00e9xico, 20 de abril, 2020.- El 9 de abril de\n1914, Jueves Santo, el buque USS Dolphin de bandera norteamericana estaba\nanclado en aguas mexicanas, frente al Puerto de Tampico y de \u00e9l bajaron diez\nmarinos y a bordo de una lancha se dirig\u00edan a Puerto Iturbide cuando los\ninterceptaron federales que los llevaron hasta unas oficinas para interrogarlos.\nLos estadounidenses dijeron que iban a comprar gasolina para el barco, sin\nintenciones de permanecer en ese lugar. La detenci\u00f3n dur\u00f3 una hora y en\napariencia el incidente no pas\u00f3 a mayores.<\/p>\n\n\n\n<p class=\"wp-block-paragraph\">Ese suceso fue uno de los dos argumentos que manej\u00f3\nel presidente <strong>Woodrow Wilson<\/strong> para\ndisponer que sus marinos llegaran al Puerto de Veracruz, porque los\nnorteamericanos estaban \u201cofendidos\u201d por la arbitraria retenci\u00f3n de sus\nconnacionales. El segundo, que el gobierno de Estados Unidos de Am\u00e9rica\ndesplaz\u00f3 a sus buques para impedir que armas alemanas llegaran a territorio\nmexicano para los federales; el armamento proced\u00eda de Alemania en el barco\nYpiranga.<\/p>\n\n\n\n<p class=\"wp-block-paragraph\">Baste a\u00f1adir, en este comentario, que por esos d\u00edas\nlas relaciones diplom\u00e1ticas, entre los dos gobiernos, no eran nada cordiales,\ndebido a que el usurpador <strong>Victoriano\nHuerta <\/strong>para ocupar la Presidencia de M\u00e9xico, cont\u00f3 con el apoyo del\nembajador <strong>Henry Lane Wilson<\/strong>,\nmediante El Pacto de la Embajada. Sin embargo, el presidente W. Wilson no\nreconoci\u00f3 a Huerta y simpatizaba con <strong>Venustiano\nCarranza.<\/strong><\/p>\n\n\n\n<p class=\"wp-block-paragraph\">Para el mediod\u00eda del 14 de abril, hace 99 a\u00f1os, los\nmarinos norteamericanos ya ocupaban las oficinas de la Aduana y empezaban a\ndesplazarse por las calles del Puerto, para cumplir la orden presidencial de\nocupar la Ciudad. Tres buques estaban anclados frente a nuestras costas, los\ntres de bandera gringa con matr\u00edculas USSFlorida, USSUtah y USSPraire.&nbsp; Todos los ocupantes de esas embarcaciones\nestaban bajo las \u00f3rdenes de los comandantes <strong>Frank Friday Fletcher, Henry Thomas Mayo y Charles T. Badger<\/strong>. Para\nlos d\u00edas siguientes hasta las aguas del Golfo de M\u00e9xico arribaron una veintena\ndebarcos norteamericanos, as\u00ed como\ndos acorazados brit\u00e1nicos y uno espa\u00f1ol.<\/p>\n\n\n\n<p class=\"wp-block-paragraph\"><strong>Azueta y Uribe, h\u00e9roes nacionales<\/strong><\/p>\n\n\n\n<p class=\"wp-block-paragraph\">El mismo d\u00eda de la invasi\u00f3n injustificada, pues W.\nWilson procedi\u00f3 en forma violenta y por una descarga visceral, se escenificaron\nlos primeros encuentros entre los invasores y los cadetes de la gloriosa y\nheroica Escuela Naval Militar. Cabe mencionar que las fuerzas federales,\nenviadas por Huerta, para recoger el armamento alem\u00e1n, simplemente tocaron\nretirada. <\/p>\n\n\n\n<p class=\"wp-block-paragraph\">De acuerdo con las cr\u00f3nicas period\u00edsticas para las\n12:30 horas de ese Jueves Santo, los j\u00f3venes cadetes marinos estaban\nestrat\u00e9gicamente ubicados y con la orden&nbsp;\nde repeler a los invasores. Entre ellos figuraron, el acapulque\u00f1o Teniente\nT\u00e1ctico de Artiller\u00eda <strong>Jos\u00e9 Azueta <\/strong>(Luis\nFelipe Jos\u00e9 Azueta Abad) y <strong>Virgilio\nUribe Robles<\/strong>, originario del Distrito Federal, con escasos 18 a\u00f1os de edad\ny 19 meses como alumno. Los dos cayeron heridos de muerte en las calles\nporte\u00f1as.<\/p>\n\n\n\n<p class=\"wp-block-paragraph\">Azueta era hijo del Comodoro <strong>Manuel Azueta Perillos<\/strong>, quien prepar\u00f3 y dirigi\u00f3 a los defensores de\nla Patria, como est\u00e1n considerados los mencionados marinos. Azueta muri\u00f3, a los\n19 a\u00f1os, al ser herido por el norteamericano <strong>Joseph G. Harner. <\/strong>Jos\u00e9 recibi\u00f3 la atenci\u00f3n de los doctores Roberto\nReyes Barreiro y Luis Moya, pero no sobrevivi\u00f3. El comandante Fletcher se\nentrevist\u00f3 con el comodoro Azueta para disculparse (?) y ofrecerle servicios\nm\u00e9dicos, pero el marino mexicano no acept\u00f3. El fallecimiento sucedi\u00f3 el 10 de\nmayo de ese 1921. Antes de morir, Azueta recibi\u00f3 honores navales, una medalla y\nel ascenso a Capit\u00e1n Segundo T\u00e1ctico de Artiller\u00eda.<\/p>\n\n\n\n<p class=\"wp-block-paragraph\">Hab\u00eda cumplido 16 a\u00f1os cuando <strong>Virgilio Uribe<\/strong>, jovencito f\u00edsicamente d\u00e9bil ingres\u00f3 a la Escuela\nNaval Militar y pas\u00f3 satisfactoriamente los ex\u00e1menes. Era un destacado alumno,\npor lo que al morir se decret\u00f3 que su nombre encabezara toda lista de cadetes.\nRecibi\u00f3 un tiro en la frente y su muerte fue instant\u00e1nea, cont\u00f3 su compa\u00f1ero de\narmas Carlos Mel\u00e9ndez. Virgilio tambi\u00e9n recibi\u00f3 honores, en su caso p\u00f3stumos, y\nse le ascendi\u00f3 a Subteniente de la Armada.<\/p>\n\n\n\n<p class=\"wp-block-paragraph\">Preciso a muy buenas amigas y buenos amigos que no\nsoy historiador, tampoco cronista, sino un amante de la Historia Patria. Recabo\ncomo reportero en diferentes fuentes los datos para redactar comentarios de\neste tipo. <\/p>\n\n\n\n<p class=\"wp-block-paragraph\"><strong>Inicia el programa Aprende en Casa<\/strong><\/p>\n\n\n\n<p class=\"wp-block-paragraph\">El lunes 20 de\nabril quedar\u00e1 registrado como una fecha hist\u00f3rica en el \u00e1mbito de la educaci\u00f3n\np\u00fablica. Con motivo de la pandemia continuar\u00e1n cerradas las puertas de las\nescuelas oficiales de preescolar, primaria, secundaria y bachillerato. <strong>La SEP implement\u00f3 el Programa Aprende en\nCasa <\/strong>para que los alumnos y los estudiantes puedan concluir el ciclo\nescolar como est\u00e1 calendarizado.Profesoras\ny profesores impartir\u00e1n sus clases por medio de Internet, mediante WhatsApp. El\nalumno buscar\u00e1 el archivo correspondiente e imprimir\u00e1 el material, habr\u00e1 clases\ncon videos y se formular\u00e1n cuestionarios para que ni\u00f1as y ni\u00f1os investiguen y\nescriban las respuestas. Los alumnos, de las ciudades capitales (la de M\u00e9xico,\nGuadalajara, Puebla, Monterrey, Saltillo, entre otras) tendr\u00e1n menos problemas\nque los de las rancher\u00edas y pueblos sin las comunicaciones adecuadas. <\/p>\n\n\n\n<p class=\"wp-block-paragraph\">Esperemos que haya\nbuenos resultados y no empezar a lanzar cr\u00edticas infundadas.<\/p>\n\n\n\n<p class=\"wp-block-paragraph\"><strong>Falleci\u00f3 Nacho Pichardo P.<\/strong><\/p>\n\n\n\n<p class=\"wp-block-paragraph\">Conoc\u00ed a <strong>Nacho Pichardo Pagaza <\/strong>en los finales de\nla d\u00e9cada de los 50. Empezaba el toluque\u00f1o su carrera pol\u00edtica en el Partido\nRevolucionario Institucional, el ahora vapuleado PRI. La Direcci\u00f3n Nacional\nJuvenil estaba en manos del profesor y licenciado <strong>Miguel Osorio Marb\u00e1n. <\/strong>Fue la etapa m\u00e1s fruct\u00edfera para el partido\npor la formaci\u00f3n de quienes ser\u00edan integrantes de gabinetes presidenciales,\ngobernadores, senadores, diputados y diplom\u00e1ticos. A ella perteneci\u00f3 mi amigo\nel licenciado Jos\u00e9 Ignacio Pichardo Pagaza, nacido el 13 de noviembre de 1935.\nNacho fue diputado local y federal, director de Finanzas y secretario de\ngobierno con el profesor <strong>Carlos Hank\nGonz\u00e1lez. <\/strong>Subsecretario de Hacienda, titular de la Contralor\u00eda de la\nFederaci\u00f3n y de la secretar\u00eda de Energ\u00eda. <\/p>\n\n\n\n<p class=\"wp-block-paragraph\">Embajador en Espa\u00f1a\ny en los Pa\u00edses Bajos. Nacho muri\u00f3 al ser intervenido quir\u00fargicamente, el pasado\nd\u00eda 14. En nuestro \u00faltimo encuentro, me obsequi\u00f3 su libro \u201cAnatom\u00eda de un\nGobierno Singular. Seis A\u00f1os con Carlos Hank 1969-1975\u201d y escribi\u00f3 \u201cPara Jorge\nHerrera Valenzuela, amigo antiguo y muy querido, a quien respeto y admiro\u201d.<\/p>\n\n\n\n<p class=\"wp-block-paragraph\"><strong>Javier Sol\u00eds, impresionante carrera<\/strong><\/p>\n\n\n\n<p class=\"wp-block-paragraph\">Panadero,\ncarnicero, pepenador, lavador de coches, carga canastas, aficionado al boxeo, cantante\nen los festivales escolares y de carpas. Todo eso fue <strong>El Rey del Bolero Ranchero<\/strong>, quien respondi\u00f3 al nombre art\u00edstico de <strong>Javier Sol\u00eds <\/strong>y en su acta de nacimiento\naparece como Gabriel Siria Levario, originario del Distrito Federal. Despu\u00e9s de\nuna vida nada f\u00e1cil, pues qued\u00f3 hu\u00e9rfano a los 8 a\u00f1os de edad y su infancia revela\ndatos dram\u00e1ticos. Joven, atractivo, buena voz, aseguraba que \u201cla vocaci\u00f3n del\ncantante era, por hambre\u201d. La ma\u00f1ana del 19 de abril de 1966, a las 7:00 de la\nma\u00f1ana la XEW fue el primer medio que dio la noticia del fallecimiento del\nint\u00e9rprete de \u201cSombras\u201d y un considerable rol de canciones. Empez\u00f3 en el Teatro\nSal\u00f3n Obrero, a invitaci\u00f3n de Manuel Garay; estuvo 4 a\u00f1os en la variedad del\nBar Azteca (antes Ni\u00f1o Perdido, hoy Eje Central L\u00e1zaro C\u00e1rdenas, y Fray\nServando) en la Capital del Pa\u00eds. Realmente su carrera art\u00edstica comienza en\n1950 cuando graba con el Tr\u00edo Los Galantes. Film\u00f3 m\u00e1s de una docena de\npel\u00edculas y lo seguimos recordando junto con su viuda Blanca Estela y sus hijos\nGabriela y Gabriel.<\/p>\n\n\n\n<p class=\"wp-block-paragraph\"><strong>P.D.<\/strong> Al abrir la\nagenda de efem\u00e9rides de mi estimado Francisco Fonseca Notario, me encuentro que\nel 17 de abril \u2013de diferentes a\u00f1os&#8211;se registraron un deceso y tres\nnacimientos, que cito en orden cronol\u00f3gico\u2026En el lejano 1695, despu\u00e9s de muchos\nsufrimientos muere la <strong>D\u00e9cima Musa<\/strong>,\nla muy mexicana <strong>Sor Juana In\u00e9s de la\nCruz, <\/strong>a los 44 a\u00f1os de edad. Naci\u00f3 en San Miguel Nepantla, municipio de\nTepetlixpa, Estado de M\u00e9xico y se llam\u00f3 Juana In\u00e9s de Asbaje y Ram\u00edrez de\nSantillana\u2026 Los coahuilenses se sienten orgullosos porque tienen como paisanos\na la familia de actores Hermanos Soler. Pues bien, <strong>Domingo D\u00edaz Pav\u00eda, <\/strong>en las carteleras<strong> Domingo Soler, <\/strong>naci\u00f3 en Saltillo en 1901\u2026 En el Distrito Federal\nen 1902 naci\u00f3 uno de los m\u00e1s ilustres mexicanos, destacado poeta y excelente\ntitular de la SEP, <strong>Don Jaime Torres\nBodet<\/strong>, quien tambi\u00e9n hizo carrera diplom\u00e1tica, fue secretario de Relaciones\nExteriores y director general de la UNESCO; falleci\u00f3 a los 72 a\u00f1os<strong>\u2026 <\/strong>Costa Rica fue la tierra natal de una\ngran artista, superovacionada como cantante y que aplaudimos como <strong>Chavela Vargas<\/strong>, quien naci\u00f3 en 1919 y\nvivi\u00f3 93 a\u00f1os. En el pasaporte su nombre oficial: Mar\u00eda Isabel Anita Carmen\nVargas Lizano. &nbsp;&nbsp;<\/p>\n\n\n\n<p class=\"wp-block-paragraph\"><strong>jherrerav@live.com.mx<\/strong> <\/p>\n","protected":false},"excerpt":{"rendered":"<p>La \u00daltima Invasi\u00f3n Naval-Militar Yanqui a M\u00e9xico<\/p>\n","protected":false},"author":3,"featured_media":19554,"comment_status":"open","ping_status":"open","sticky":false,"template":"","format":"standard","meta":{"_monsterinsights_skip_tracking":false,"footnotes":""},"categories":[691,94,110],"tags":[],"class_list":["post-19553","post","type-post","status-publish","format-standard","has-post-thumbnail","category-691","category-jorge-herrera-valenzuela","category-la-opinion-columnas"],"_links":{"self":[{"href":"https:\/\/redsemlac.com\/semmexico\/wp-json\/wp\/v2\/posts\/19553","targetHints":{"allow":["GET"]}}],"collection":[{"href":"https:\/\/redsemlac.com\/semmexico\/wp-json\/wp\/v2\/posts"}],"about":[{"href":"https:\/\/redsemlac.com\/semmexico\/wp-json\/wp\/v2\/types\/post"}],"author":[{"embeddable":true,"href":"https:\/\/redsemlac.com\/semmexico\/wp-json\/wp\/v2\/users\/3"}],"replies":[{"embeddable":true,"href":"https:\/\/redsemlac.com\/semmexico\/wp-json\/wp\/v2\/comments?post=19553"}],"version-history":[{"count":0,"href":"https:\/\/redsemlac.com\/semmexico\/wp-json\/wp\/v2\/posts\/19553\/revisions"}],"wp:featuredmedia":[{"embeddable":true,"href":"https:\/\/redsemlac.com\/semmexico\/wp-json\/wp\/v2\/media\/19554"}],"wp:attachment":[{"href":"https:\/\/redsemlac.com\/semmexico\/wp-json\/wp\/v2\/media?parent=19553"}],"wp:term":[{"taxonomy":"category","embeddable":true,"href":"https:\/\/redsemlac.com\/semmexico\/wp-json\/wp\/v2\/categories?post=19553"},{"taxonomy":"post_tag","embeddable":true,"href":"https:\/\/redsemlac.com\/semmexico\/wp-json\/wp\/v2\/tags?post=19553"}],"curies":[{"name":"wp","href":"https:\/\/api.w.org\/{rel}","templated":true}]}}