{"id":19539,"date":"2020-04-18T00:01:33","date_gmt":"2020-04-18T00:01:33","guid":{"rendered":"https:\/\/redsemlac.com\/semmexico\/?p=19539"},"modified":"2023-07-21T15:26:07","modified_gmt":"2023-07-21T20:26:07","slug":"discriminan-y-violentan-a-mujer-y-su-bebe-recien-operada-en-guerrero-por-miedo-a-contagio-por-coronavirus","status":"publish","type":"post","link":"https:\/\/redsemlac.com\/semmexico\/discriminan-y-violentan-a-mujer-y-su-bebe-recien-operada-en-guerrero-por-miedo-a-contagio-por-coronavirus\/","title":{"rendered":"Discriminan y violentan a mujer  y su beb\u00e9 reci\u00e9n operada en Guerrero por miedo a contagio por coronavirus"},"content":{"rendered":"\n<p class=\"wp-block-paragraph\"><strong>Josefina Aguilar Pastor\u00a0<\/strong><\/p>\n\n\n\n<p class=\"wp-block-paragraph\">SemM\u00e9xico. Chilpancingo, Guerrero, 17 de abril de 2020.-&nbsp;&nbsp;Derivado de la psicosis generada por la pandemia sanitaria, habitantes&nbsp;del poblado La Barra de Tecoanapa del municipio de Marquelia del estado de Guerrero, pusieron en riesgo la vida de una bebe reci\u00e9n operada y humillaron a la madre.<\/p>\n\n\n\n<p class=\"wp-block-paragraph\">Lizeth Ariana Camacho, es una habitante de la localidad de&nbsp;La Barra de Tecoanapa, perteneciente al municipio de Marquelia, ubicado en la regi\u00f3n de la Costa Chica, en d\u00edas pasados, tuvo que trasladarse a la Ciudad de M\u00e9xico, donde operar\u00edan a su peque\u00f1a hija de unos cuantos meses de edad, intervenci\u00f3n que&nbsp;&nbsp;result\u00f3 exitosa.<\/p>\n\n\n\n<p class=\"wp-block-paragraph\">Este jueves, regres\u00f3 a su comunidad, donde los lugare\u00f1os, habr\u00edan colocado un filtro por la contingencia sanitaria del COVID-19, al preguntarle de donde ven\u00eda, le impidieron el paso en un primer momento. Ella les explic\u00f3 por un par de horas, por qu\u00e9 tuvo que viajar, les habl\u00f3 de la enfermedad de su peque\u00f1a, pero sobre todo, de que ninguna de las dos, estaba contagiada de coronavirus.<\/p>\n\n\n\n<p class=\"wp-block-paragraph\">Finalmente, para dejarla entrar al pueblo, los lugare\u00f1os&nbsp;la obligaron a caminar por la playa bajo los rayos del sol con su peque\u00f1a en brazos y&nbsp; sus maletas. No la dejaron llegar a su hogar, la recluyeron en una casa en construcci\u00f3n, llena de polvo, sin luz, y sin lo indispensable para atender a su ni\u00f1a reci\u00e9n operada.<\/p>\n\n\n\n<p class=\"wp-block-paragraph\">Lizeth Ariana dijo que su hija estuvo a punto de morir por la debilidad y deshidrataci\u00f3n al ser expuesta al sol, en plena recuperaci\u00f3n de su operaci\u00f3n.<\/p>\n\n\n\n<p class=\"wp-block-paragraph\">En su cuenta de Facebook personal narr\u00f3: \u201cHay dios m\u00edo no puedo creer que llegando a mi pueblo nos humillaran y trataran como perros llegando a mi pueblo con mi beb\u00e9 reci\u00e9n operada nos no nos dejaran pasar por dios venimos de M\u00e9xico pero eso no quiere decir que estuvimos donde esta el virus creen que si as\u00ed hubiera sido no ya mi beb\u00e9 se hubiera muerto esta operada sus defensas est\u00e1n d\u00e9biles r\u00e1pido le hubiera dado y matado esa enfermedad del COVID-19\u201d. (sic)<\/p>\n\n\n\n<p class=\"wp-block-paragraph\">\u201cNo sean ignorantes entiendo su miedo por lo que ven en la tele pero no se crean todo porque se van a morir pero de hambre, la gente de M\u00e9xico que se est\u00e1 quedando sin trabajo, toman sus medidas para poder salir a sacar para comer aqu\u00ed que todav\u00eda no hay nada est\u00e1n tomando medidas para no dejar pasar, cuando en verdad quieran salir a buscar comida ya no lo van a poder hacer porque en verdad estar\u00e1 peor la cosa que dios no lo quiera no sea as\u00ed\u201d. (sic)<\/p>\n\n\n\n<p class=\"wp-block-paragraph\">\u201cPero bueno todo lo que se hace se paga y esto fue lo peor que me pudieron hacer as\u00ed como me apoyaron para llevarme a mi hija gracias y as\u00ed como me hicieron caminar por la playa con el sol caliente mis maletas y mi hija en brazos y todav\u00eda vigil\u00e1ndome para que no me fuera a casa de mi familia sino a una casa en construcci\u00f3n llena de polvo y sin luz, se pasaron, en vez que los mate yo seg\u00fan ellos del virus, primero iban a matar a mi hija de una infecci\u00f3n por el polvo y el sol est\u00e1n mal Barra de Tecuanapa est\u00e1n mal\u201d.&nbsp;&nbsp;(sic)<\/p>\n\n\n\n<p class=\"wp-block-paragraph\">Hasta este viernes, se desconoc\u00eda si alguna autoridad estatal o municipal, habr\u00eda intervenido en este caso.<\/p>\n","protected":false},"excerpt":{"rendered":"<p>Hasta este viernes, se desconoc\u00eda si alguna autoridad estatal o municipal, habr\u00eda intervenido en este caso.<\/p>\n","protected":false},"author":3,"featured_media":19540,"comment_status":"open","ping_status":"open","sticky":false,"template":"","format":"standard","meta":{"_monsterinsights_skip_tracking":false,"footnotes":""},"categories":[691,54],"tags":[],"class_list":["post-19539","post","type-post","status-publish","format-standard","has-post-thumbnail","category-691","category-mujeres"],"_links":{"self":[{"href":"https:\/\/redsemlac.com\/semmexico\/wp-json\/wp\/v2\/posts\/19539","targetHints":{"allow":["GET"]}}],"collection":[{"href":"https:\/\/redsemlac.com\/semmexico\/wp-json\/wp\/v2\/posts"}],"about":[{"href":"https:\/\/redsemlac.com\/semmexico\/wp-json\/wp\/v2\/types\/post"}],"author":[{"embeddable":true,"href":"https:\/\/redsemlac.com\/semmexico\/wp-json\/wp\/v2\/users\/3"}],"replies":[{"embeddable":true,"href":"https:\/\/redsemlac.com\/semmexico\/wp-json\/wp\/v2\/comments?post=19539"}],"version-history":[{"count":0,"href":"https:\/\/redsemlac.com\/semmexico\/wp-json\/wp\/v2\/posts\/19539\/revisions"}],"wp:featuredmedia":[{"embeddable":true,"href":"https:\/\/redsemlac.com\/semmexico\/wp-json\/wp\/v2\/media\/19540"}],"wp:attachment":[{"href":"https:\/\/redsemlac.com\/semmexico\/wp-json\/wp\/v2\/media?parent=19539"}],"wp:term":[{"taxonomy":"category","embeddable":true,"href":"https:\/\/redsemlac.com\/semmexico\/wp-json\/wp\/v2\/categories?post=19539"},{"taxonomy":"post_tag","embeddable":true,"href":"https:\/\/redsemlac.com\/semmexico\/wp-json\/wp\/v2\/tags?post=19539"}],"curies":[{"name":"wp","href":"https:\/\/api.w.org\/{rel}","templated":true}]}}