{"id":19524,"date":"2020-04-17T22:25:37","date_gmt":"2020-04-17T22:25:37","guid":{"rendered":"https:\/\/redsemlac.com\/semmexico\/?p=19524"},"modified":"2023-07-21T15:26:07","modified_gmt":"2023-07-21T20:26:07","slug":"demandan-mujeres-ser-consideradas-en-programas-de-apoyo-financiero","status":"publish","type":"post","link":"https:\/\/redsemlac.com\/semmexico\/demandan-mujeres-ser-consideradas-en-programas-de-apoyo-financiero\/","title":{"rendered":"Demandan mujeres ser consideradas en programas de apoyo financiero"},"content":{"rendered":"\n<ul class=\"wp-block-list\"><li><strong>En carta p\u00fablica destacan los efectos de la crisis, cuando el cuerpo labora sin descanso ni efectiva remuneraci\u00f3n <\/strong><\/li><\/ul>\n\n\n\n<ul class=\"wp-block-list\"><li><strong>No queremos perder lo construido ni quedar al margen del rescate econ\u00f3mico<\/strong><\/li><\/ul>\n\n\n\n<p class=\"wp-block-paragraph\"><strong>Lorena Vaniezcot<\/strong><\/p>\n\n\n\n<p class=\"wp-block-paragraph\">SemM\u00e9xico,\nOaxaca, 17 de abril, 2020.- Cerca de un centenar de mujeres, feministas y\nsujetos productivos solicitaron ser consideradas dentro de la poblaci\u00f3n susceptible\npara la obtenci\u00f3n de recursos econ\u00f3micos, crediticios, becas, recursos\nalimentarios, tecnol\u00f3gicos, y\/o de capacitaci\u00f3n, de acuerdo a las necesidades y\ndemandas espec\u00edficas de cada una, como parte del Programa de Incentivos y\nApoyos para la Estabilidad Econ\u00f3mica, presentado por el Gobernador Alejandro\nMurat ante la emergencia sanitaria.<\/p>\n\n\n\n<p class=\"wp-block-paragraph\">En\nuna carta dirigida al mandatario estatal explican que las mujeres estamos\ninsertas en todos los espacios y cadena productiva de la actividad econ\u00f3mica\ndel estado, y sostenedoras de la vida y la econom\u00eda de cuidados (trabajo dom\u00e9stico\nno remunerado que en el 2018 represent\u00f3 el 23.5 % del Producto Interno Bruto nacional\nde acuerdo con el INEGI).<\/p>\n\n\n\n<p class=\"wp-block-paragraph\">La carta inicia con una cita de la CEPAL sobre c\u00f3mo la mayor\u00eda de las mujeres trabajan en la econom\u00eda informal, donde el seguro m\u00e9dico es pr\u00e1cticamente inexistente o inadecuado y los ingresos no est\u00e1n garantizados. Como no son destinatarias de los rescates, dependen financieramente de ellas mismas. Para muchas de las mujeres, esto no se trata solo de una cuesti\u00f3n sanitaria; sino de la  desigualdad de g\u00e9nero (unwomen.org\/ONU 09-marzo-2020)<\/p>\n\n\n\n<p class=\"wp-block-paragraph\">Se\ntrata de mujeres empresarias, emprendedoras, productoras de bienes y servicios,\nde alimentos y productos del campo, dedicadas a la transformaci\u00f3n,\nindustrializaci\u00f3n, comercializaci\u00f3n, educaci\u00f3n para la salud, el consumo sano y\nresponsable, artesanas, organizadas en colectivas,\ncooperativas, agrupaciones de la sociedad civil organizada que se ven\nimpactadas por las medidas de prevenci\u00f3n ante la pandemia de COVID 19.<\/p>\n\n\n\n<p class=\"wp-block-paragraph\">Explican\nal mandatario que de acuerdo con la CEPAL, el trabajo de las mujeres no\nremunerado representa el 23.5 % del PIB y que en todo el mundo, las mujeres representan el&nbsp;70 %&nbsp;de quienes\ntrabajan en los sectores sanitarios y sociales, y hacen&nbsp;el triple&nbsp;del trabajo\nde cuidados no remunerado en comparaci\u00f3n con los hombres.&nbsp;<\/p>\n\n\n\n<p class=\"wp-block-paragraph\">Recuerdan en buena\nparte de la\ninfraestructura y cadena productiva econ\u00f3mica local generadora de bienes y\nservicios, se encuentra sostenida por una amplia poblaci\u00f3n de mujeres quienes\nrealizan actividades y triples jornadas, de manera multifuncional y diversa,\ndentro de la econom\u00eda clasificada como \u201cformal\u201d, \u201cno formal\u201d e \u201cinformal\u201d, sin que\npor ello abandonen la triple jornada llamada \u201ceconom\u00eda de cuidados\u201d.<\/p>\n\n\n\n<p class=\"wp-block-paragraph\">Las\nmedidas sanitarias adoptadas como el #Qu\u00e9dateEnCasa, ha provocado un nivel de\ndesprotecci\u00f3n que atenta contra la esencial dignidad y seguridad humana en su\nm\u00e1s amplio sentido, hablando de vida comunitaria, relaciones econ\u00f3micas, n\u00facleo\nfamiliar y poblaciones vulnerables, cada \u201chogar\u201d deber\u00e1 v\u00e9rselas para implementar\ndichas medidas, de acuerdo a sus necesidades, con trabajo o sin el, con\ningresos econ\u00f3micos o sin ellos, respetando la pol\u00edtica sanitaria del #Qu\u00e9dateEnCasa,\ny ello, el \u201cqu\u00e9\u201d y el \u201ccomo\u201d, va de la mano de lo que cada hogar, cada jefa de\nfamilia, pueda pagar y sostener<\/p>\n\n\n\n<p class=\"wp-block-paragraph\">La\ncarta firmada por m\u00e1s de setenta mujeres se\u00f1ala que el aislamiento impuesto\nmantiene cerrados los espacios de comercializaci\u00f3n de sus productos:\nartesanales, sanos, frescos, producidos por oaxaque\u00f1as, peque\u00f1as empresas\nfamiliares, PYMES, cooperativas, colectivas, etc., provocando una p\u00e9rdida\nincalculable, cuando la mercanc\u00eda es perecedera; cuando es material artesanal,\nque se maltrata, rompe, desgasta; cuando se paga transporte y acarreo, renta,\nluz, gas, agua, permisos.<\/p>\n\n\n\n<p class=\"wp-block-paragraph\">Y\nhacen hincapi\u00e9 en los efectos de la crisis, cuando el cuerpo labora sin\ndescanso ni efectiva remuneraci\u00f3n, \u201cuna crisis de la condici\u00f3n humana, que no\nviven -en estas dimensiones- los grandes supermercados de cadenas nacionales\ny\/o trasnacionales, quienes tienen preeminencia para seguir funcionando y\nabiertos al p\u00fablico\u201d.<\/p>\n\n\n\n<p class=\"wp-block-paragraph\">Crisis\nde \u201cenormes proporciones\u201d que enfrentan las mujeres empresarias, artesanas,\ncomercializadoras, promotoras, productoras de bienes y servicios, jefas de\nfamilia por dos razones: <\/p>\n\n\n\n<p class=\"wp-block-paragraph\">La\nprimera porque la econom\u00eda depende del flujo de ingreso diario y segundo porque\nnos enfrenta de manera obligada a tomar la terrible determinaci\u00f3n, a sabiendas\nde sus consecuencias, de abandonar el trabajo remunerado, dejar de salir a\nvender, o dejar de producir, o dejar de ir a trabajar, para dedicar ese tiempo\na permanecer dentro de casa y dedicarnos al cuidado de las hijas(os) y personas\nmayores, atender labores de la casa, a ocuparnos de la responsabilidad y la vigilancia\nde esa familia, que no salga a la calle, vigilar el cumplimiento del #Qu\u00e9dateEnCasa.\n<\/p>\n\n\n\n<p class=\"wp-block-paragraph\">Qu\u00e9\nel principal desaf\u00edo de quienes esto suscriben es no formar parte de las pr\u00f3ximas\nestad\u00edsticas\/cifras de la poblaci\u00f3n m\u00e1s precarizada (violentada econ\u00f3micamente)\ndurante el tiempo que dure esta pandemia y pol\u00edtica sanitaria.<\/p>\n\n\n\n<p class=\"wp-block-paragraph\">Queremos,\nse\u00f1alan, sostener nuestra econom\u00eda local\/familiar, no perder lo ya construido, ni\nquedar al margen de las presentes pol\u00edticas gubernamentales del rescate\necon\u00f3mico emergente planteado en d\u00edas pasados por el gobernador Murat Hinojosa\ny podamos estar en posibilidades de enfrentar, con dignidad, estabilidad\nemocional y las menores p\u00e9rdidas, esta crisis de alcance mundial.<\/p>\n\n\n\n<p class=\"wp-block-paragraph\">Quienes\nfirman esta carta demandan su inclusi\u00f3n en las acciones de pol\u00edtica p\u00fablica en\nel \u00e1mbito financiero planteado por el gobierno como un programa de rescate\nemergente, para contar con recursos econ\u00f3micos y\/o apoyos necesarios para el sostenimiento\nde nuestra actividad econ\u00f3mica\/productiva, y por consiguiente de nuestro n\u00facleo\nfamiliar, que impacte, por a\u00f1adidura, en atenuar \u2013m\u00ednimamente- la violencia\/tensi\u00f3n\nen la pareja que por una evidente falta de corresponsabilidad de g\u00e9nero e\ninequitativa distribuci\u00f3n del tiempo, poder y econom\u00eda, se ha exacerbado,\nmonstruosamente, con la implementaci\u00f3n del #Qu\u00e9dateEnCasa. <\/p>\n\n\n\n<p class=\"wp-block-paragraph\">Luego\nagregan que del programa anunciado por el gobernador no existe una convocatoria\np\u00fablica ni se conocen las reglas de operaci\u00f3n y lineamientos para acceder a los\nprogramas anunciados por el mandatario oaxaque\u00f1o: como el fondo de 100 millones\nde pesos para preservar fuentes de empleo, cr\u00e9ditos en condiciones\npreferenciales; el cr\u00e9dito a trav\u00e9s de BanOaxaca para generar liquidez; el\nprograma temporal de empleo para pagar\/cubrir actividades laborales al 50 %.<\/p>\n\n\n\n<p class=\"wp-block-paragraph\">As\u00ed\ncomo el Becate para capacitaci\u00f3n de trabajadoras inactivas; la Plataforma en\nL\u00ednea para la comercializaci\u00f3n en l\u00ednea de nuestros productos; el programa de\ndescuento de impuesto a la n\u00f3mina y el programa de apoyo del DIF. De canastas\nalimentarias para nuestras familias.<\/p>\n\n\n\n<p class=\"wp-block-paragraph\">La\ncarta es suscrita, entre otras por Laura Susana Ch\u00eda P\u00e9rez, Erika Lil\u00ed D\u00edaz\nCruz, Aurea Ceja Alban\u00e9s, Lidia Gaspar, Guadalupe Reyes y setenta firmas m\u00e1s.<\/p>\n\n\n\n<p class=\"wp-block-paragraph\">SEM\/lv\/sj<\/p>\n","protected":false},"excerpt":{"rendered":"<p>En una carta dirigida al mandatario estatal explican que las mujeres estamos insertas en todos los espacios y cadena productiva de la actividad econ\u00f3mica del estado, y sostenedoras de la vida y la econom\u00eda de cuidados <\/p>\n","protected":false},"author":3,"featured_media":19525,"comment_status":"open","ping_status":"open","sticky":false,"template":"","format":"standard","meta":{"_monsterinsights_skip_tracking":false,"footnotes":""},"categories":[691,54],"tags":[],"class_list":["post-19524","post","type-post","status-publish","format-standard","has-post-thumbnail","category-691","category-mujeres"],"_links":{"self":[{"href":"https:\/\/redsemlac.com\/semmexico\/wp-json\/wp\/v2\/posts\/19524","targetHints":{"allow":["GET"]}}],"collection":[{"href":"https:\/\/redsemlac.com\/semmexico\/wp-json\/wp\/v2\/posts"}],"about":[{"href":"https:\/\/redsemlac.com\/semmexico\/wp-json\/wp\/v2\/types\/post"}],"author":[{"embeddable":true,"href":"https:\/\/redsemlac.com\/semmexico\/wp-json\/wp\/v2\/users\/3"}],"replies":[{"embeddable":true,"href":"https:\/\/redsemlac.com\/semmexico\/wp-json\/wp\/v2\/comments?post=19524"}],"version-history":[{"count":0,"href":"https:\/\/redsemlac.com\/semmexico\/wp-json\/wp\/v2\/posts\/19524\/revisions"}],"wp:featuredmedia":[{"embeddable":true,"href":"https:\/\/redsemlac.com\/semmexico\/wp-json\/wp\/v2\/media\/19525"}],"wp:attachment":[{"href":"https:\/\/redsemlac.com\/semmexico\/wp-json\/wp\/v2\/media?parent=19524"}],"wp:term":[{"taxonomy":"category","embeddable":true,"href":"https:\/\/redsemlac.com\/semmexico\/wp-json\/wp\/v2\/categories?post=19524"},{"taxonomy":"post_tag","embeddable":true,"href":"https:\/\/redsemlac.com\/semmexico\/wp-json\/wp\/v2\/tags?post=19524"}],"curies":[{"name":"wp","href":"https:\/\/api.w.org\/{rel}","templated":true}]}}