{"id":19475,"date":"2020-04-16T22:46:00","date_gmt":"2020-04-16T22:46:00","guid":{"rendered":"https:\/\/redsemlac.com\/semmexico\/?p=19475"},"modified":"2023-07-21T15:26:08","modified_gmt":"2023-07-21T20:26:08","slug":"pandemia-revertiria-3-anos-de-progreso-en-la-reduccion-de-la-mortalidad-infantil","status":"publish","type":"post","link":"https:\/\/redsemlac.com\/semmexico\/pandemia-revertiria-3-anos-de-progreso-en-la-reduccion-de-la-mortalidad-infantil\/","title":{"rendered":"Pandemia revertir\u00eda 3 a\u00f1os de progreso en la reducci\u00f3n de la mortalidad infantil"},"content":{"rendered":"\n<p class=\"wp-block-paragraph\"><strong>* La crisis de salud podr\u00eda\nconvertirse en una crisis a los derechos de la ni\u00f1ez<\/strong><\/p>\n\n\n\n<p class=\"wp-block-paragraph\"><strong>* 1.500 millones de ni\u00f1as, ni\u00f1os y\nj\u00f3venes de 188 pa\u00edses fuera de la escuela<\/strong><\/p>\n\n\n\n<p class=\"wp-block-paragraph\"><strong>Redacci\u00f3n<\/strong><\/p>\n\n\n\n<p class=\"wp-block-paragraph\">SemM\u00e9xico\/NoticiasONU,\nNueva York. 16 de abril, 2020.- El impacto socioecon\u00f3mico del COVID-19, y de\nlas medidas de contenci\u00f3n y mitigaci\u00f3n que los gobiernos han implementado en\ntodo el mundo, es potencialmente catastr\u00f3fico para millones de ni\u00f1as y ni\u00f1os. Lo\nque comenz\u00f3 como una crisis de salud corre el riesgo de convertirse en una\ncrisis m\u00e1s amplia de los derechos de la ni\u00f1ez.<\/p>\n\n\n\n<p class=\"wp-block-paragraph\">As\u00ed\nlo se\u00f1ala el informe&nbsp;\u201cImpacto de COVID-19 en los ni\u00f1os\u201d&nbsp;presentado\nhoy por el Secretario General de las Naciones Unidas, Ant\u00f3nio Guterres, en\ndonde se confirma que hasta el momento, 188 pa\u00edses han impuesto el cierre de\nescuelas en todo el mundo, afectando a m\u00e1s de 1.500 millones de ni\u00f1as, ni\u00f1os y\nj\u00f3venes.<\/p>\n\n\n\n<p class=\"wp-block-paragraph\">De\nacuerdo con el documento, casi 369 millones de ni\u00f1as y ni\u00f1os en 143 pa\u00edses que\nnormalmente dependen de la comida escolar para una fuente confiable de\nnutrici\u00f3n diaria, ahora deben buscar otras opciones.<\/p>\n\n\n\n<p class=\"wp-block-paragraph\">Adem\u00e1s,\ncientos de miles podr\u00edan morir este a\u00f1o, en comparaci\u00f3n con un escenario previo\na la pandemia, como resultado de la recesi\u00f3n mundial que se avecina. Esto\nrevertir\u00eda en un solo a\u00f1o los progreso de los \u00faltimos 2 a 3 a\u00f1os en la\nreducci\u00f3n de la mortalidad infantil.<\/p>\n\n\n\n<p class=\"wp-block-paragraph\">Si\nbien el impacto directo de la infecci\u00f3n por COVID-19 en la salud de este sector\nde la poblaci\u00f3n ha sido mucho m\u00e1s leve que en otros grupos de edad, los n\u00fameros\nque reflejan el impacto de esta pandemia en otras \u00e1reas de la vida de las ni\u00f1as\ny los ni\u00f1os merecen la misma atenci\u00f3n.<\/p>\n\n\n\n<p class=\"wp-block-paragraph\">En\neste sentido, el Secretario General de las Naciones Unidas, Ant\u00f3nio Guterres, ha\nse\u00f1alado que atravesamos por una crisis universal de escala sin precedente en\ndonde todas las ni\u00f1as, ni\u00f1os y adolescentes en todos los pa\u00edses se ven\nafectados.&nbsp;<\/p>\n\n\n\n<p class=\"wp-block-paragraph\">\u201cAlgunos\nni\u00f1os est\u00e1n destinados a asumir los mayores costos. Entre los que se ver\u00e1n\ngravemente afectados est\u00e1n los que viven en barrios marginales, campos de\nrefugiados y desplazados y zonas de conflicto activo. Ni\u00f1as y ni\u00f1os con\ndiscapacidad, y los que viven en instituciones y centros de detenci\u00f3n\u201d, se\u00f1ala\nGuterres.&nbsp;<\/p>\n\n\n\n<p class=\"wp-block-paragraph\">Por\nello, el jefe de la ONU hace un llamado a actuar con urgencia y colectivamente\npara mitigar los costos para los menores: \u201cLa pandemia es una prueba de nuestra\nsolidaridad: dentro de las comunidades locales, la comunidad de investigaci\u00f3n\ncient\u00edfica y la comunidad de naciones. Los ni\u00f1os ofrecen una causa com\u00fan que\npuede avivar un mayor sentido de uni\u00f3n entre las personas\u201d.&nbsp;<\/p>\n\n\n\n<p class=\"wp-block-paragraph\">En\neste sentido, el Secretario General hace un llamado a los gobiernos para\nimplementar medidas urgentes para contrarrestar los impactos de la pandemia de\nCOVID-19.&nbsp;<\/p>\n\n\n\n<p class=\"wp-block-paragraph\">Implementar\no ampliar la asistencia social a las familias, preferiblemente a trav\u00e9s de\nsubsidios universales para las y los ni\u00f1os.<\/p>\n\n\n\n<p class=\"wp-block-paragraph\">Asegurar\nlas cadenas de suministro de alimentos y los mercados locales de alimentos,\npara proteger a los menores de una crisis de seguridad alimentaria.<\/p>\n\n\n\n<p class=\"wp-block-paragraph\">Priorizar\nla continuidad de los servicios centrados en el ni\u00f1o, como la escolarizaci\u00f3n,\nlos programas de nutrici\u00f3n, la atenci\u00f3n materna y neonatal, los servicios de\ninmunizaci\u00f3n, los servicios de salud sexual y reproductiva, el tratamiento del\nVIH, la salud mental y los servicios psicosociales.<\/p>\n\n\n\n<p class=\"wp-block-paragraph\">Establecer\nprotecciones espec\u00edficas para las y los ni\u00f1os vulnerables, incluidos los\nmigrantes, los desplazados, los refugiados, las minor\u00edas, los habitantes de\nbarrios marginales, los ni\u00f1os con discapacidades, los ni\u00f1os atrapados en\nconflictos armados y los ni\u00f1os en instituciones.<\/p>\n\n\n\n<p class=\"wp-block-paragraph\">Brindar\napoyo pr\u00e1ctico a los padres y cuidadores, incluyendo c\u00f3mo hablar sobre la\npandemia con las ni\u00f1as y los ni\u00f1os, c\u00f3mo manejar su propia salud mental y la\nsalud mental de sus hijos, y herramientas para ayudar a apoyar el aprendizaje\nde sus hijos.<\/p>\n\n\n\n<p class=\"wp-block-paragraph\">Priorizar\nla restauraci\u00f3n de los servicios para este sector de la poblaci\u00f3n, ya que las\nmedidas de cierre disminuyan.<\/p>\n\n\n\n<p class=\"wp-block-paragraph\">Aseg\u00farese\nde que las ni\u00f1as, ni\u00f1os, adolescentes y j\u00f3venes tengan acceso a las pruebas, el\ntratamiento y las vacunas de COVID-19 cuando est\u00e9n disponibles.<\/p>\n\n\n\n<p class=\"wp-block-paragraph\">Finalmente,\nel Secretario General de las Naciones Unidas se\u00f1ala que esta pandemia es\ntambi\u00e9n una oportunidad sin precedentes para la solidaridad internacional para\nlas ni\u00f1as, ni\u00f1os y la humanidad, y una oportunidad para transformar la forma en\nque fomentamos e invertimos en la generaci\u00f3n joven.<\/p>\n\n\n\n<p class=\"wp-block-paragraph\">SEM\/sj<\/p>\n","protected":false},"excerpt":{"rendered":"<p>1.500 millones de ni\u00f1as, ni\u00f1os y j\u00f3venes de 188 pa\u00edses fuera de la escuela<\/p>\n","protected":false},"author":3,"featured_media":19476,"comment_status":"open","ping_status":"open","sticky":false,"template":"","format":"standard","meta":{"_monsterinsights_skip_tracking":false,"footnotes":""},"categories":[691,53],"tags":[],"class_list":["post-19475","post","type-post","status-publish","format-standard","has-post-thumbnail","category-691","category-internacional"],"_links":{"self":[{"href":"https:\/\/redsemlac.com\/semmexico\/wp-json\/wp\/v2\/posts\/19475","targetHints":{"allow":["GET"]}}],"collection":[{"href":"https:\/\/redsemlac.com\/semmexico\/wp-json\/wp\/v2\/posts"}],"about":[{"href":"https:\/\/redsemlac.com\/semmexico\/wp-json\/wp\/v2\/types\/post"}],"author":[{"embeddable":true,"href":"https:\/\/redsemlac.com\/semmexico\/wp-json\/wp\/v2\/users\/3"}],"replies":[{"embeddable":true,"href":"https:\/\/redsemlac.com\/semmexico\/wp-json\/wp\/v2\/comments?post=19475"}],"version-history":[{"count":0,"href":"https:\/\/redsemlac.com\/semmexico\/wp-json\/wp\/v2\/posts\/19475\/revisions"}],"wp:featuredmedia":[{"embeddable":true,"href":"https:\/\/redsemlac.com\/semmexico\/wp-json\/wp\/v2\/media\/19476"}],"wp:attachment":[{"href":"https:\/\/redsemlac.com\/semmexico\/wp-json\/wp\/v2\/media?parent=19475"}],"wp:term":[{"taxonomy":"category","embeddable":true,"href":"https:\/\/redsemlac.com\/semmexico\/wp-json\/wp\/v2\/categories?post=19475"},{"taxonomy":"post_tag","embeddable":true,"href":"https:\/\/redsemlac.com\/semmexico\/wp-json\/wp\/v2\/tags?post=19475"}],"curies":[{"name":"wp","href":"https:\/\/api.w.org\/{rel}","templated":true}]}}