{"id":19271,"date":"2020-04-13T20:01:19","date_gmt":"2020-04-13T20:01:19","guid":{"rendered":"https:\/\/redsemlac.com\/semmexico\/?p=19271"},"modified":"2023-07-21T15:23:47","modified_gmt":"2023-07-21T20:23:47","slug":"opinion-444","status":"publish","type":"post","link":"https:\/\/redsemlac.com\/semmexico\/opinion-444\/","title":{"rendered":"Juego de Palabras"},"content":{"rendered":"\n<h2 class=\"wp-block-heading\">La verdadera cara de los agresores<\/h2>\n\n\n\n<ul class=\"wp-block-list\"><li><strong>Aumentan las llamadas de auxilio<\/strong><\/li><\/ul>\n\n\n\n<p class=\"wp-block-paragraph\"><strong>Yaneth Ang\u00e9lica Tamayo \u00c1valos<\/strong><\/p>\n\n\n\n<p class=\"wp-block-paragraph\">SemM\u00e9xico, 13 de abril 2020.- En M\u00e9xico el 66.1 % de\nlas mujeres han sufrido al menos un incidente de violencia emocional,\necon\u00f3mica, f\u00edsica, sexual o discriminaci\u00f3n a lo largo de su vida en al menos un\n\u00e1mbito y ejercida por cualquier agresor.<\/p>\n\n\n\n<p class=\"wp-block-paragraph\">De este porcentaje el 49 % es por violencia\nemocional, el 41.3 % por violencia sexual, el 34 % por violencia f\u00edsica y el 29\n% restante por violencia econ\u00f3mica o patrimonial o discriminaci\u00f3n en el\ntrabajo, seg\u00fan datos de la ENDIREH 2016.<\/p>\n\n\n\n<p class=\"wp-block-paragraph\">Ahora bien, estas cifras sin duda han cambiado a lo\nlargo de los a\u00f1os ya que tan solo los casos por feminicidios y los cuales no\naparecen en la encuesta han aumentado, por lo que es muy posible que en la\nactualizaci\u00f3n de la ENDIREH se eleven significativamente estos datos.<\/p>\n\n\n\n<p class=\"wp-block-paragraph\">Especialmente con el aislamiento provocado por la\npandemia, en donde incluso ser\u00eda interesante conocer, las causas que\nprevalecieron para que agresores pasivos -por as\u00ed llamarlos-, detonaran los\nn\u00fameros por agresiones m\u00e1s intensas en contra de sus v\u00edctimas.<\/p>\n\n\n\n<p class=\"wp-block-paragraph\">Tan solo en el periodo comprendido del 1 de enero al\n5 de abril del presente a\u00f1o, se han cometido 550 feminicidios en el pa\u00eds, de\nlos cuales 45 son feminicidios infantiles (registros de Frida Guerrera); y, de\nfebrero a marzo seg\u00fan datos de la Fiscal\u00eda General, aument\u00f3 en un 25 % las\nllamadas de auxilio por violencia de g\u00e9nero.<\/p>\n\n\n\n<p class=\"wp-block-paragraph\">Lo cual significa que, en el corto periodo de\nfebrero a marzo, la tasa antes registrada aproximadamente aument\u00f3 a un 99.1 % y\nsolo por cuestiones de aislamiento por contingencia sanitaria.<\/p>\n\n\n\n<p class=\"wp-block-paragraph\">Todo esto parece confirmar, que \u201cnuevos agresores\u201d\npor as\u00ed llamarlos, han revelado sus reales intensiones y se han sumado a otros\nagresores constantes, elevado las incidencias por violencia intrafamiliar; como\nejemplo se tienen reportes en donde las v\u00edctimas refieren que sus parejas jam\u00e1s\nlas hab\u00edan agredido y que, a partir de la medida de aislamiento, sus vidas y\nlas de sus infantes se han tornado violentas, entre humillaciones, gritos y\ngolpes.&nbsp; <\/p>\n\n\n\n<p class=\"wp-block-paragraph\">Pero esto no es nuevo, si se toma en cuenta que la\nviolencia de g\u00e9nero es un fen\u00f3meno escalable y que en algunos casos es\nnormalizado; que las incidencias sean m\u00e1s violentas o perceptibles no quiere\ndecir que los agresores act\u00faan de forma espont\u00e1nea, es muy probable que previo\na estas denuncias ya hubiese acciones violentas, pero de baja intensidad.<\/p>\n\n\n\n<p class=\"wp-block-paragraph\">De manera que, las restricciones de movimiento, la\nincertidumbre generalizada, la ansiedad, el estr\u00e9s, entre otros factores, han\nservido como estimulo para que los agresores respondan de forma un m\u00e1s violenta\nque de lo habitual. Situaci\u00f3n que le es aplicable a los agresores constantes\n-refiri\u00e9ndome a los que d\u00e9 forma permanente ocasionan da\u00f1o a sus v\u00edctimas-. <\/p>\n\n\n\n<p class=\"wp-block-paragraph\">Aqu\u00ed vale la pena decir, que en situaciones de\nemergencia existe una mayor presencia de violencia intrafamiliar y de g\u00e9nero,\nque afecta principalmente a adolescentes, infantes y mujeres que se ven\nobligados a convivir con sus agresores, debido al aumento de tensiones en el\nhogar.<\/p>\n\n\n\n<p class=\"wp-block-paragraph\">Dichas situaciones se sostienen por fuerzas\necon\u00f3micas e instituciones sociales, que se expresan con la intimidaci\u00f3n, la\ncoerci\u00f3n y la violencia f\u00edsica, pero tambi\u00e9n por la dominaci\u00f3n que se ejerce\nsobre la v\u00edctima con su consentimiento o su complicidad, lo que impide que las\npersonas violentadas se reconozcan como tal y esto \u00faltimo es lo que genera que\nla violencia de g\u00e9nero escale.<\/p>\n\n\n\n<p class=\"wp-block-paragraph\">Para finalizar, se debe mencionar que las acciones\nimpuestas en fases de emergencia aumentan el aislamiento de mujeres v\u00edctimas;\nen el caso que nos ocupa, no solo es un aislamiento como medida restrictiva,\nsino que los agresores imponen un aislamiento a\u00fan m\u00e1s interno, porque una vez\nque las v\u00edctimas se encuentran encerradas con sus agresores se favorece el\ncontrol que se tiene sobre ellas y eso les obstaculiza el contacto con redes de\napoyo, que les impiden denunciar y resguardarse en lugares m\u00e1s seguros.<\/p>\n\n\n\n<p class=\"wp-block-paragraph\">Por ello es importante, que en momentos de crisis\ncomo la que hoy se vive, existan planes emergentes de apoyo que favorezcan\nentornos seguros y garanticen medidas de protecci\u00f3n a v\u00edctimas durante la\ncrisis. De tal forma que la poblaci\u00f3n tenga la certeza de que ninguna persona\nque sufra violencia de g\u00e9nero e intrafamiliar se le va negar la protecci\u00f3n y el\nacceso a la justicia. <\/p>\n","protected":false},"excerpt":{"rendered":"<p>La verdadera cara de los agresores<\/p>\n","protected":false},"author":3,"featured_media":19272,"comment_status":"open","ping_status":"open","sticky":false,"template":"","format":"standard","meta":{"_monsterinsights_skip_tracking":false,"footnotes":""},"categories":[691,103,93],"tags":[],"class_list":["post-19271","post","type-post","status-publish","format-standard","has-post-thumbnail","category-691","category-juego-de-palabras","category-yaneth-tamayo-avalos"],"_links":{"self":[{"href":"https:\/\/redsemlac.com\/semmexico\/wp-json\/wp\/v2\/posts\/19271","targetHints":{"allow":["GET"]}}],"collection":[{"href":"https:\/\/redsemlac.com\/semmexico\/wp-json\/wp\/v2\/posts"}],"about":[{"href":"https:\/\/redsemlac.com\/semmexico\/wp-json\/wp\/v2\/types\/post"}],"author":[{"embeddable":true,"href":"https:\/\/redsemlac.com\/semmexico\/wp-json\/wp\/v2\/users\/3"}],"replies":[{"embeddable":true,"href":"https:\/\/redsemlac.com\/semmexico\/wp-json\/wp\/v2\/comments?post=19271"}],"version-history":[{"count":0,"href":"https:\/\/redsemlac.com\/semmexico\/wp-json\/wp\/v2\/posts\/19271\/revisions"}],"wp:featuredmedia":[{"embeddable":true,"href":"https:\/\/redsemlac.com\/semmexico\/wp-json\/wp\/v2\/media\/19272"}],"wp:attachment":[{"href":"https:\/\/redsemlac.com\/semmexico\/wp-json\/wp\/v2\/media?parent=19271"}],"wp:term":[{"taxonomy":"category","embeddable":true,"href":"https:\/\/redsemlac.com\/semmexico\/wp-json\/wp\/v2\/categories?post=19271"},{"taxonomy":"post_tag","embeddable":true,"href":"https:\/\/redsemlac.com\/semmexico\/wp-json\/wp\/v2\/tags?post=19271"}],"curies":[{"name":"wp","href":"https:\/\/api.w.org\/{rel}","templated":true}]}}