{"id":19267,"date":"2020-04-13T19:52:34","date_gmt":"2020-04-13T19:52:34","guid":{"rendered":"https:\/\/redsemlac.com\/semmexico\/?p=19267"},"modified":"2023-07-21T15:23:47","modified_gmt":"2023-07-21T20:23:47","slug":"opinion-443","status":"publish","type":"post","link":"https:\/\/redsemlac.com\/semmexico\/opinion-443\/","title":{"rendered":"Alfa Omega"},"content":{"rendered":"\n<h2 class=\"wp-block-heading\"><strong>Vamos a remontar los estragos de la pandemia<\/strong><\/h2>\n\n\n\n<ul class=\"wp-block-list\"><li><strong>Prepararse para lo que viene<\/strong><\/li><\/ul>\n\n\n\n<p class=\"wp-block-paragraph\"><strong>Jorge Herrera Valenzuela<\/strong><\/p>\n\n\n\n<p class=\"wp-block-paragraph\">SemM\u00e9xico, 13 de abril, 2020.- Ahora, como ya lo\nhemos demostrado en otras desgracias nacionales, la poblaci\u00f3n mexicana debe\nprepararse para lo que vendr\u00e1 una vez que haya pasado la pandemia del\nendemoniado coronavirus. Semanas o meses todav\u00eda ser\u00e1n de mantenernos en\nestricta vigilancia sanitaria, salvo los miles de irresponsables que\nabarrotaron los mercados de productos del mar en la Ciudad de M\u00e9xico, en Puebla\ny en Guadalajara.<\/p>\n\n\n\n<p class=\"wp-block-paragraph\">Es necesario proyectar c\u00f3mo vamos a reencauzar\nnuestra vida, las relaciones laborales, el peque\u00f1o, mediano o grande comercio,\nporque a la par de los estragos causados por el mencionado virus, tenemos la\ncrisis econ\u00f3mica, as\u00ed como el acoso oficial para que nadie deje de pagar sus\nimpuestos y rinda la declaraci\u00f3n anual, a efecto de no detener la marcha de las\nsimb\u00f3licas obras llamadas refiner\u00eda Dos Bocas, aeropuerto Santa Luc\u00eda y Tren\nMaya, as\u00ed como el rescate de Pemex. <\/p>\n\n\n\n<p class=\"wp-block-paragraph\">Lo que antes eran d\u00edas de descanso, de ir a la\nplaya, de cumplir los cat\u00f3licos con los rituales de la Semana Santa que termina\neste s\u00e1bado, durante muchos siglos llamado S\u00e1bado de Gloria, esta semana del\nlunes 6 al s\u00e1bado 11 de marzo, se transform\u00f3 totalmente y se interrumpieron\ntradiciones como la que llevaba 177 a\u00f1os de celebrarse, la escenificaci\u00f3n de <strong>La Pasi\u00f3n y Crucifixi\u00f3n<\/strong>, en el Cerro de\nla Estrella, en Iztapalapa, al Sur de la Ciudad de M\u00e9xico y a donde se daban\ncita m\u00e1s de dos millones de almas procedentes de todo M\u00e9xico, de Latinoam\u00e9rica\ny de Europa, as\u00ed como de norteamericanos. <\/p>\n\n\n\n<p class=\"wp-block-paragraph\">Las playas guerrerenses, Puerto Vallarta, Canc\u00fan y\nlas de todo nuestro litoral, estuvieron vac\u00edas. Los hoteles y restaurantes\ncerraron. Se imagina usted lo que dejaron de ganar miles de trabajadores\neventuales: \u00bfmeseros, cantineros, cocineros, garroteros, lavaplatos, encargados\nde limpieza? Paralizados los paseos en lancha, los alquileres de equipos de\nbuceo, en fin, un mundo de gente sin obtener ingresos. Y los due\u00f1os de los\nestablecimientos sin apoyo de los gobiernos, porque \u201cprimero los pobres\u201d.<\/p>\n\n\n\n<p class=\"wp-block-paragraph\">Paralelamente en este 2020 que registrar\u00e1 la\nhistoria la pandemia que deja decenas de miles de muertos en corto tiempo, en\ntodos los pa\u00edses afectados se paralizaron las actividades, comerciales,\nindustriales y tur\u00edsticas. Las p\u00e9rdidas son multimillonarias en d\u00f3lares, en\npesos, en euros y en la moneda que usted quiera. Millones de personas est\u00e1n sin\nempleo, increment\u00e1ndose el n\u00famero de familias en extrema pobreza. Varios\ngobiernos ya anunciaron como apoyar\u00e1n a salvar esa situaci\u00f3n, mientras que en\nM\u00e9xico no hay planes concretos, salvo los del inter\u00e9s personal del presidente.<\/p>\n\n\n\n<p class=\"wp-block-paragraph\">Frente a la grave situaci\u00f3n que se afrontar\u00e1, los\ndirigentes de los diferentes organismos encabezados por el Consejo Coordinador\nEmpresarial, trabajan para que la econom\u00eda nacional no entre a una recesi\u00f3n de\nla que dif\u00edcilmente se saldr\u00eda en poco tiempo. Los empresarios no cuentan con\nla simpat\u00eda de L\u00f3pez Obrador, a quienes les ha aplicado ofensivos\ncalificativos, luego de obligarlos a \u201ccomprar voluntariamente \u201ccachitos\u201d de\nloter\u00eda\u201d para reunir 2,500 millones de pesos. La rifa del avi\u00f3n presidencial ya\nno ser\u00e1 tal, simplemente porque la aeronave no es del gobierno.<\/p>\n\n\n\n<p class=\"wp-block-paragraph\">Bueno, pero mi comentario est\u00e1 enfocado a que la\nsolidaridad de las y los mexicanos se mantenga con tal firmeza que podamos\nsalir avante en esta prueba de fuego. Tenemos un gobierno sin pies ni cabeza\npor decisi\u00f3n de m\u00e1s de treinta millones de electores, los cuales deben de\nseguir gozando este tramo de la Cuarta Transformaci\u00f3n.<\/p>\n\n\n\n<p class=\"wp-block-paragraph\"><strong>Pregunta para meditar:<\/strong><\/p>\n\n\n\n<p class=\"wp-block-paragraph\">\u00bfCu\u00e1nto costar\u00e1, y en qu\u00e9 t\u00e9rminos, el apoyo de\nDonald Trump a M\u00e9xico en torno la pol\u00edtica comercial del petr\u00f3leo?<\/p>\n\n\n\n<p class=\"wp-block-paragraph\"><strong>P.D. <\/strong>Tres acontecimientos ocurridos\nen un 10 de abril est\u00e1n registrados, entre una docena m\u00e1s; dos nacionales y uno\ninternacional\u2026Hace 108 iniciaba su primer viaje el supermoderno trasatl\u00e1ntico <strong>Titanic<\/strong> hacia Nueva York, partiendo de\nSouthampton. Todo era felicidad y los 1317 pasajeros disfrutaban la comida, la\nm\u00fasica y asist\u00edan a los casinos. La tripulaci\u00f3n la integraron 891 marinos,\nquienes naufragaron al estrellarse el barco contra un iceberg la madruga del 15\nde abril. Murieron 1496 y 717 lograron salvarse&#8230; En el a\u00f1o 1919, en el d\u00eda\ncitado, fue arteramente asesinado el general <strong>Emiliano Zapata<\/strong> al hacer su entrada a la Hacienda de Chinameca,\nEstado de Morelos. El l\u00edder agrarista fue traicionado por las fuerzas federales\nal mando del general Jes\u00fas Guajardo, quien lo enga\u00f1\u00f3 dici\u00e9ndole que se hab\u00eda\ndisgustado con Venustiano y quer\u00eda hablar con \u00e9l, la cita fue para darle\nmuerte\u2026En este siglo, el 10 de abril de 2010 do\u00f1a <strong>Silvia Pinal<\/strong> asumi\u00f3 la secretar\u00eda general de la Asociaci\u00f3n Nacional\nde Actores, sucediendo en el cargo a la guapa morelense <strong>Lilia Arag\u00f3n del Rivero<\/strong>, quien fue la primera mujer que lider\u00f3 a\nlos actores. Curiosamente ambas fueron diputadas federales.<\/p>\n\n\n\n<p class=\"wp-block-paragraph\"><strong>jherrerav@live.com.mx<\/strong> &nbsp;&nbsp;<\/p>\n","protected":false},"excerpt":{"rendered":"<p>Vamos a remontar los estragos de la pandemia<\/p>\n","protected":false},"author":3,"featured_media":19268,"comment_status":"open","ping_status":"open","sticky":false,"template":"","format":"standard","meta":{"_monsterinsights_skip_tracking":false,"footnotes":""},"categories":[691,94,110],"tags":[],"class_list":["post-19267","post","type-post","status-publish","format-standard","has-post-thumbnail","category-691","category-jorge-herrera-valenzuela","category-la-opinion-columnas"],"_links":{"self":[{"href":"https:\/\/redsemlac.com\/semmexico\/wp-json\/wp\/v2\/posts\/19267","targetHints":{"allow":["GET"]}}],"collection":[{"href":"https:\/\/redsemlac.com\/semmexico\/wp-json\/wp\/v2\/posts"}],"about":[{"href":"https:\/\/redsemlac.com\/semmexico\/wp-json\/wp\/v2\/types\/post"}],"author":[{"embeddable":true,"href":"https:\/\/redsemlac.com\/semmexico\/wp-json\/wp\/v2\/users\/3"}],"replies":[{"embeddable":true,"href":"https:\/\/redsemlac.com\/semmexico\/wp-json\/wp\/v2\/comments?post=19267"}],"version-history":[{"count":0,"href":"https:\/\/redsemlac.com\/semmexico\/wp-json\/wp\/v2\/posts\/19267\/revisions"}],"wp:featuredmedia":[{"embeddable":true,"href":"https:\/\/redsemlac.com\/semmexico\/wp-json\/wp\/v2\/media\/19268"}],"wp:attachment":[{"href":"https:\/\/redsemlac.com\/semmexico\/wp-json\/wp\/v2\/media?parent=19267"}],"wp:term":[{"taxonomy":"category","embeddable":true,"href":"https:\/\/redsemlac.com\/semmexico\/wp-json\/wp\/v2\/categories?post=19267"},{"taxonomy":"post_tag","embeddable":true,"href":"https:\/\/redsemlac.com\/semmexico\/wp-json\/wp\/v2\/tags?post=19267"}],"curies":[{"name":"wp","href":"https:\/\/api.w.org\/{rel}","templated":true}]}}