{"id":19263,"date":"2020-04-13T19:48:51","date_gmt":"2020-04-13T19:48:51","guid":{"rendered":"https:\/\/redsemlac.com\/semmexico\/?p=19263"},"modified":"2023-07-21T15:23:47","modified_gmt":"2023-07-21T20:23:47","slug":"morelos-44","status":"publish","type":"post","link":"https:\/\/redsemlac.com\/semmexico\/morelos-44\/","title":{"rendered":"Una mujer y seis hombres los decesos por COVID 19 en Morelos"},"content":{"rendered":"\n<ul class=\"wp-block-list\"><li><strong>Se ha confirmado el caso de un menor<\/strong><\/li><li><strong>#Qu\u00e9dateEnCasa reiteran autoridades sanitarias<\/strong><\/li><\/ul>\n\n\n\n<p class=\"wp-block-paragraph\"><strong>Estrella\u00a0Pedroza<\/strong><\/p>\n\n\n\n<p class=\"wp-block-paragraph\">SemM\u00e9xico, Cuernavaca, Mor., 13 de abril, 2020.- De\nlos hasta hoy siete decesos provocados por el COVID 19 en la entidad, uno\ncorresponde a una mujer de 53 a\u00f1os, quien presentaba, adem\u00e1s, problemas\ncolaterales.<\/p>\n\n\n\n<p class=\"wp-block-paragraph\">As\u00ed lo inform\u00f3, el secretario de Salud, Marco&nbsp;Antonio\nCant\u00fa Cuevas,&nbsp;quien explic\u00f3 que avanza a siete el n\u00famero de defunciones y\nse han confirmado otros 30 casos y existen al menos cien m\u00e1s como sospechosos.<\/p>\n\n\n\n<p class=\"wp-block-paragraph\">El fallecimiento de la paciente se registr\u00f3 en el\nmunicipio de&nbsp;Jojutla.<\/p>\n\n\n\n<p class=\"wp-block-paragraph\">El funcionario estatal, detall\u00f3 que&nbsp;entre los\n\u00faltimos casos confirmados figura un menor de 12 a\u00f1os y&nbsp;fue detectado en\nhospitales de la jurisdicci\u00f3n sanitaria n\u00famero uno.<\/p>\n\n\n\n<p class=\"wp-block-paragraph\">Las autoridades insistieron a la poblaci\u00f3n para que\nse queden en casa durante la contingencia sanitaria para evitar contagios.<\/p>\n\n\n\n<p class=\"wp-block-paragraph\">SEM\/ep\/sj<\/p>\n","protected":false},"excerpt":{"rendered":"<p>#Qu\u00e9dateEnCasa reiteran autoridades sanitarias<\/p>\n","protected":false},"author":3,"featured_media":19265,"comment_status":"open","ping_status":"open","sticky":false,"template":"","format":"standard","meta":{"_monsterinsights_skip_tracking":false,"footnotes":""},"categories":[691,135],"tags":[],"class_list":["post-19263","post","type-post","status-publish","format-standard","has-post-thumbnail","category-691","category-emergencia-sanitaria-covid-19"],"_links":{"self":[{"href":"https:\/\/redsemlac.com\/semmexico\/wp-json\/wp\/v2\/posts\/19263","targetHints":{"allow":["GET"]}}],"collection":[{"href":"https:\/\/redsemlac.com\/semmexico\/wp-json\/wp\/v2\/posts"}],"about":[{"href":"https:\/\/redsemlac.com\/semmexico\/wp-json\/wp\/v2\/types\/post"}],"author":[{"embeddable":true,"href":"https:\/\/redsemlac.com\/semmexico\/wp-json\/wp\/v2\/users\/3"}],"replies":[{"embeddable":true,"href":"https:\/\/redsemlac.com\/semmexico\/wp-json\/wp\/v2\/comments?post=19263"}],"version-history":[{"count":0,"href":"https:\/\/redsemlac.com\/semmexico\/wp-json\/wp\/v2\/posts\/19263\/revisions"}],"wp:featuredmedia":[{"embeddable":true,"href":"https:\/\/redsemlac.com\/semmexico\/wp-json\/wp\/v2\/media\/19265"}],"wp:attachment":[{"href":"https:\/\/redsemlac.com\/semmexico\/wp-json\/wp\/v2\/media?parent=19263"}],"wp:term":[{"taxonomy":"category","embeddable":true,"href":"https:\/\/redsemlac.com\/semmexico\/wp-json\/wp\/v2\/categories?post=19263"},{"taxonomy":"post_tag","embeddable":true,"href":"https:\/\/redsemlac.com\/semmexico\/wp-json\/wp\/v2\/tags?post=19263"}],"curies":[{"name":"wp","href":"https:\/\/api.w.org\/{rel}","templated":true}]}}