{"id":19258,"date":"2020-04-13T18:50:44","date_gmt":"2020-04-13T18:50:44","guid":{"rendered":"https:\/\/redsemlac.com\/semmexico\/?p=19258"},"modified":"2023-07-21T15:23:47","modified_gmt":"2023-07-21T20:23:47","slug":"opinion-442","status":"publish","type":"post","link":"https:\/\/redsemlac.com\/semmexico\/opinion-442\/","title":{"rendered":"Botella al Mar"},"content":{"rendered":"\n<h2 class=\"wp-block-heading\">Cobard\u00eda<\/h2>\n\n\n\n<ul class=\"wp-block-list\"><li><strong>Mandato<\/strong><\/li><\/ul>\n\n\n\n<p class=\"wp-block-paragraph\"><strong>Martha Canseco Gonz\u00e1lez<\/strong><\/p>\n\n\n\n<p class=\"wp-block-paragraph\">SemM\u00e9xico, 13 de abril, 2020.- Hace algunos meses\nentrevist\u00e9 a seis mujeres que encontraron en el Centro de Justicia para Mujeres\nde Hidalgo, soluci\u00f3n a los problemas de violencia que viv\u00edan de manera\ncotidiana a manos de sus parejas, s\u00ed, esos que juraron quererlas y cuidarlas.<\/p>\n\n\n\n<p class=\"wp-block-paragraph\">Una de ellas, quien acudi\u00f3 en busca de ayuda luego\nde la primera agresi\u00f3n f\u00edsica, por supuesto sufr\u00eda de otros tipos de violencia,\nme coment\u00f3 que ya divorciada pudo platicar tranquilamente con su ex marido y le\npregunt\u00f3: &#8211; \u00bfpor qu\u00e9 me pegaste? -, \u00e9l respondi\u00f3, &#8211; no s\u00e9, no s\u00e9 porque \u2013.<\/p>\n\n\n\n<p class=\"wp-block-paragraph\">He estado releyendo a Rita Segato, \u201cEstructuras\nElementales de la Violencia\u201d y nuevamente encuentro en esas l\u00edneas con una\nnitidez pasmosa la ra\u00edz de este problema. Dice Rita, as\u00ed como existe la\nexpresi\u00f3n \u201cel arte por el arte\u201d, as\u00ed se puede definir la violencia contra las\nmujeres, \u201cla violencia por la violencia\u201d. Al referirse a la violaci\u00f3n se\u00f1ala:<\/p>\n\n\n\n<p class=\"wp-block-paragraph\">\u201cLa violaci\u00f3n no es consecuencia de patolog\u00edas individuales, ni en el otro extremo, un resultado autom\u00e1tico de la dominaci\u00f3n masculina ejercida por los hombres sino un MANDATO. Mandato, hace referencia al imperativo y a la condici\u00f3n necesaria, para la reproducci\u00f3n del g\u00e9nero como estructura de relaciones entre posiciones marcadas por un diferencial jer\u00e1rquico. SE TRATA DE UN ACTO NECESARIO EN LOS CICLOS REGULARES DE RESTAURACI\u00d3N DE ESE PODER\u201d.<\/p>\n\n\n\n<p class=\"wp-block-paragraph\">Por eso la afirmaci\u00f3n de las feministas de que la\nviolencia machista, es eminentemente una cuesti\u00f3n de voluntad, que se acabar\u00e1\nen muy buena medida cuando los agresores decidan dejar de violentar ya sea para\ndominar y controlar o para dejar clara una posici\u00f3n de poder.<\/p>\n\n\n\n<p class=\"wp-block-paragraph\">Esta reflexi\u00f3n viene al tintero por lo que est\u00e1\nocurriendo al interior de cientos de hogares mexicanos debido al confinamiento\nforzado por el COVID-19. Como nunca la violencia contra mujeres, ni\u00f1as y ni\u00f1os\nva en aumento. Por supuesto \u00e9ste es un acto de monumental y enorme cobard\u00eda por\nparte de los agresores machistas. \u00a1Hoy m\u00e1s que nunca los hombres deber\u00edan\nsentir verg\u00fcenza de sus pares, de sus compinches, de sus compadritos!<\/p>\n\n\n\n<p class=\"wp-block-paragraph\">Mi amiga Martha Spiers, me hizo llegar el texto del\nescritor brit\u00e1nico, Nate White, quien explica por qu\u00e9 Donald Trump es tan\nimpopular en Gran Breta\u00f1a y creo que Trump es la personificaci\u00f3n por excelencia\nde un agresor machista. <\/p>\n\n\n\n<p class=\"wp-block-paragraph\">\u201cHay reglas no habladas en esto- las reglas de Queensberry de la decencia b\u00e1sica- y Trump las rompe todas. \u00c9l golpea hacia abajo- lo que un caballero nunca deber\u00eda hacer- y cada golpe que apunta lo dirige por debajo del cintur\u00f3n. A \u00e9l le gusta patear a los vulnerables o sin voz- y los patea cuando est\u00e1n en el piso\u201d.<\/p>\n\n\n\n<p class=\"wp-block-paragraph\">As\u00ed el machismo mexicano. \u00c9sta aldeana forma de ser\nest\u00e1 aprovechando el confinamiento, cuando mujeres, ni\u00f1as y ni\u00f1os no tienen a\nd\u00f3nde ir, cuando es m\u00e1s dif\u00edcil recibir ayuda, para golpear por la espalda y en\nel piso, \u00a1Cobardes, mil veces cobardes!<\/p>\n\n\n\n<p class=\"wp-block-paragraph\">Por eso tiene toda la raz\u00f3n Bel\u00e9n Sanz,\nrepresentante de ONU Mujeres en M\u00e9xico, quien en entrevista con el Centro de\nInformaci\u00f3n de las Naciones Unidas en M\u00e9xico y al referirse a la prevenci\u00f3n de\nla violencia de g\u00e9nero se\u00f1al\u00f3:<\/p>\n\n\n\n<p class=\"wp-block-paragraph\">\u201cTambi\u00e9n nos parece important\u00edsimo que la sociedad en su conjunto aproveche esta oportunidad para redistribuir las responsabilidades al interior del hogar. Tenemos datos que nos indican que aquellos hogares donde las tareas de cuidado no remunerado se distribuyen entre hombres y mujeres entre las personas que tienen responsabilidades en el cuidado del hogar, esos hogares son hogares con menos \u00edndices de violencia, esto contribuye a un mayor nivel de armon\u00eda y de paz al interior de los hogares\u201d <\/p>\n\n\n\n<p class=\"wp-block-paragraph\">Por todo esto, ya es tiempo de que los hombres se\nmanifiesten clara y abiertamente contra la violencia de g\u00e9nero y lo hagan\ninterpelando a sus pares, y digo interpelar porque esta acci\u00f3n exige del otro\nuna reparaci\u00f3n, repuesta o cambio.<\/p>\n\n\n\n<p class=\"wp-block-paragraph\">\u00a1Entiendan! Las mujeres no necesitamos que nadie nos\ndefienda, porque al hacerlo nos ponen nuevamente en una posici\u00f3n de\nvulnerabilidad, lo que necesitamos y de manera urgente es que los agresores\nmachistas dejen de una vez por todas de violentarnos, as\u00ed nadie tendr\u00e1 que\ndefendernos. \u00a1de eso se trata todo!<\/p>\n\n\n\n<p class=\"wp-block-paragraph\">botellalmar2017@gmailcom<\/p>\n","protected":false},"excerpt":{"rendered":"<p>Cobard\u00eda<\/p>\n","protected":false},"author":3,"featured_media":9095,"comment_status":"open","ping_status":"open","sticky":false,"template":"","format":"standard","meta":{"_monsterinsights_skip_tracking":false,"footnotes":""},"categories":[691,98,84],"tags":[],"class_list":["post-19258","post","type-post","status-publish","format-standard","has-post-thumbnail","category-691","category-botella-al-mar","category-martha-canseco"],"_links":{"self":[{"href":"https:\/\/redsemlac.com\/semmexico\/wp-json\/wp\/v2\/posts\/19258","targetHints":{"allow":["GET"]}}],"collection":[{"href":"https:\/\/redsemlac.com\/semmexico\/wp-json\/wp\/v2\/posts"}],"about":[{"href":"https:\/\/redsemlac.com\/semmexico\/wp-json\/wp\/v2\/types\/post"}],"author":[{"embeddable":true,"href":"https:\/\/redsemlac.com\/semmexico\/wp-json\/wp\/v2\/users\/3"}],"replies":[{"embeddable":true,"href":"https:\/\/redsemlac.com\/semmexico\/wp-json\/wp\/v2\/comments?post=19258"}],"version-history":[{"count":0,"href":"https:\/\/redsemlac.com\/semmexico\/wp-json\/wp\/v2\/posts\/19258\/revisions"}],"wp:featuredmedia":[{"embeddable":true,"href":"https:\/\/redsemlac.com\/semmexico\/wp-json\/wp\/v2\/media\/9095"}],"wp:attachment":[{"href":"https:\/\/redsemlac.com\/semmexico\/wp-json\/wp\/v2\/media?parent=19258"}],"wp:term":[{"taxonomy":"category","embeddable":true,"href":"https:\/\/redsemlac.com\/semmexico\/wp-json\/wp\/v2\/categories?post=19258"},{"taxonomy":"post_tag","embeddable":true,"href":"https:\/\/redsemlac.com\/semmexico\/wp-json\/wp\/v2\/tags?post=19258"}],"curies":[{"name":"wp","href":"https:\/\/api.w.org\/{rel}","templated":true}]}}