{"id":19256,"date":"2020-04-13T17:42:23","date_gmt":"2020-04-13T17:42:23","guid":{"rendered":"https:\/\/redsemlac.com\/semmexico\/?p=19256"},"modified":"2023-07-21T15:23:47","modified_gmt":"2023-07-21T20:23:47","slug":"opinion-441","status":"publish","type":"post","link":"https:\/\/redsemlac.com\/semmexico\/opinion-441\/","title":{"rendered":"Miradas de reportero"},"content":{"rendered":"\n<h2 class=\"wp-block-heading\"><strong>Reuni\u00f3n urgente de 100 cient\u00edficos sociales <\/strong><\/h2>\n\n\n\n<ul class=\"wp-block-list\"><li><strong>Proponen evitar una\ncrisis pol\u00edtica y fisuras en la estructura institucional<\/strong><\/li><\/ul>\n\n\n\n<p class=\"wp-block-paragraph\"><strong>Rogelio Hern\u00e1ndez L\u00f3pez<\/strong><\/p>\n\n\n\n<p class=\"wp-block-paragraph\">SemM\u00e9xico, 13 de abril, 2020.- No pod\u00eda pasar\ndesapercibido ese primer encuentro virtual del 9 de abril porque enlaz\u00f3 a m\u00e1s\nde cien expertos en econom\u00eda y disciplinas afines de corrientes diferentes. Fue\nconvocada con premura para reflexionar \u201csobre la desafiante coyuntura actual\u201d y\nporque uno de sus consensos principales fue promover la calma, \u201cno entrar a un\nenfrentamiento verbal que pudiera minimizar el impacto de una visi\u00f3n de\nconjunto\u201d.<\/p>\n\n\n\n<p class=\"wp-block-paragraph\">En esa reuni\u00f3n virtual, realizada por medio de la\nplataforma Webinar, los ponentes m\u00e1s destacados fueron Santiago Levy, Carlos\nSales, Juan Carlos Moreno Brid y Jos\u00e9 \u00c1ngel Pescador Osuna. Otro consenso fue\ninsistir al presidente L\u00f3pez Obrador promover un gran acuerdo \u201cque permita\nenfrentar con relativa eficacia y en un plazo mayor en el que \u00e9l est\u00e1\ninsistiendo, la soluci\u00f3n a la crisis sanitaria, econ\u00f3mica, pol\u00edtica y social\u201d.\nDe lograrse ese pacto, calculan, podr\u00eda \u201clograrse la normalidad en 1 a\u00f1o y\nmedio\u201d.<\/p>\n\n\n\n<p class=\"wp-block-paragraph\">Uno de los expositores, Jos\u00e9 \u00c1ngel Pescador Osuna,\nconfirm\u00f3 la realizaci\u00f3n de esa sesi\u00f3n virtual: \u201cla iniciativa &#8212;inform\u00f3\u2014fue de\nintegrantes de aquel grupo de unos 58 economistas, de todas las tendencias, llamado\n<strong><em>Huatusco<\/em><\/strong>. Hace a\u00f1os que yo no participaba y ahora me asombr\u00f3 que por\nla v\u00eda digital fu\u00e9semos m\u00e1s de cien los participantes, con un espectro amplio\nde formaciones. Se not\u00f3 que se ha extendido la preocupaci\u00f3n por el futuro del\npa\u00eds\u201d.<\/p>\n\n\n\n<p class=\"wp-block-paragraph\"><strong>Evitar la sobre politizaci\u00f3n<\/strong><\/p>\n\n\n\n<p class=\"wp-block-paragraph\">Este reportero solicit\u00f3 a Pescador Osuna que le\ncompartiera sus notas personales de esa que fue la primera sesi\u00f3n colectiva en\nl\u00ednea, de 9 programadas. El exsecretario de educaci\u00f3n p\u00fablica resalt\u00f3 en un\ntexto los consensos:<\/p>\n\n\n\n<p class=\"wp-block-paragraph\"><em>Por supuesto, yo me solidaric\u00e9 con las propuestas de\nese grupo de casi 100 cient\u00edficos sociales; reunidos v\u00eda internet que\npropusieron entre muchas otras cosas (las siguientes):<\/em><\/p>\n\n\n\n<p class=\"wp-block-paragraph\"><em>1. Debe entenderse mucho mejor y no solo de manera\nretorica el v\u00ednculo, salud y econom\u00eda y que de seguir las cosas como van\npodr\u00edan agregar un componente pol\u00edtico.<\/em><\/p>\n\n\n\n<p class=\"wp-block-paragraph\"><em>2. Los mercados internacionales no le est\u00e1n creyendo\na M\u00e9xico y hay muchos indicadores que prueban esta situaci\u00f3n. <\/em><\/p>\n\n\n\n<p class=\"wp-block-paragraph\"><em>3. Para que haya un aumento en la recaudaci\u00f3n tributaria\nse requiere mayor crecimiento econ\u00f3mico y esto es algo que est\u00e1 muy lejano en\nel horizonte econ\u00f3mico actual.<\/em><\/p>\n\n\n\n<p class=\"wp-block-paragraph\"><em>4. Se requiere una cirug\u00eda mayor en el caso de PEMEX\ny no gastar recursos que podr\u00edan ser aprovechados para apoyar algunas empresas\nque si lo merecen y que garantizan la ocupaci\u00f3n los pr\u00f3ximos meses.<\/em><\/p>\n\n\n\n<p class=\"wp-block-paragraph\"><em>5. Tiene que lograrse una coordinaci\u00f3n entre todas\nla fuerzas sociales, pol\u00edticas y econ\u00f3micas para tener un programa econ\u00f3mico\nviable, evitar fisuras en la estructura institucional en el pa\u00eds, dejar de\nbuscar a los emisarios del pasado para explicar la crisis del futuro, al menos\ncon el tiempo que se fijen las acciones de corto y mediano plazo a fin de\nvolver a la normalidad (1 a\u00f1o, 18 meses).<\/em><\/p>\n\n\n\n<p class=\"wp-block-paragraph\"><strong>Clamor por un pacto<\/strong><\/p>\n\n\n\n<p class=\"wp-block-paragraph\">Pescador Osuna a\u00f1adi\u00f3 en su resumen varios\ncomentarios personales:<\/p>\n\n\n\n<p class=\"wp-block-paragraph\">\u201cYa no hay muchas diferencias entre todas las\nfuerzas que est\u00e1n haciendo un llamado al gobierno de la rep\u00fablica para integrar\neste pacto\u201d y refiri\u00f3 la carta, ya conocida, que difundieron el 3 de abril 27\nintelectuales y personajes como Cuauht\u00e9moc C\u00e1rdenas, Rolando Cordera, Enrique\nProvencio, aparte de los llamados de sindicatos empresariales, gobernadores,\npartidos opositores.<\/p>\n\n\n\n<p class=\"wp-block-paragraph\">\u201cLo que me agrada es que parece que hoy\narticulistas, comentaristas de todos los medios, incluyendo las redes sociales\ntan diversas, coinciden en el planteamiento que se le pretende hacer al\npresidente L\u00f3pez Obrador por un frente amplio de defensa de la naci\u00f3n\u201d.<\/p>\n\n\n\n<p class=\"wp-block-paragraph\">\u201cParece que en el corto plazo se impondr\u00e1 el\nconsenso neokeynesiano que apunta hacia la ortodoxia econ\u00f3mica para salir de\nuna crisis tan profunda como en la que M\u00e9xico estar\u00e1 los pr\u00f3ximos meses\u201d.<\/p>\n\n\n\n<p class=\"wp-block-paragraph\"><strong>La corriente Huatusco<\/strong><\/p>\n\n\n\n<p class=\"wp-block-paragraph\">Los convocantes principales de este encuentro\nvirtual estuvieron adscritos en un frente amplio similar que se form\u00f3 en 2003\npor iniciativa de Javier Beristain, exrector del Instituto tecnol\u00f3gico Aut\u00f3nomo\nde M\u00e9xico (ITAM). &nbsp;En esa su primera\nreuni\u00f3n presencial con 54 economistas le llamaron <strong>\u201cEl esp\u00edritu Huatusco\u201d.<\/strong><\/p>\n\n\n\n<p class=\"wp-block-paragraph\">El columnista Jorge A. Ch\u00e1vez Presa describi\u00f3, en\nuna de sus columnas, la composici\u00f3n del Grupo Huatusco \u201c\u2026 economistas de todo\nel espectro: desde los j\u00f3venes hasta los maduros, los de &#8216;izquierda&#8217; y los de\n&#8216;derecha&#8217;, los &#8216;acad\u00e9micos&#8217; y los &#8216;pol\u00edticos&#8217;, los &#8216;te\u00f3ricos&#8217; y los\n&#8216;pragm\u00e1ticos&#8217;, (unidos) para revisar experiencias, analizar resultados,\nexplorar nuevas posibilidades y ratificar principios para un conjunto de\npol\u00edticas p\u00fablicas a favor del crecimiento, que faciliten el aprovechamiento\neficiente de los recursos y promuevan la equidad en la distribuci\u00f3n de\noportunidades\u00bb.<\/p>\n\n\n\n<p class=\"wp-block-paragraph\">El encuentro del 9 de abril, seg\u00fan los datos de\nPescador Osuna, super\u00f3 en n\u00famero a quienes originaron el grupo. Esta vez\nsuperaron el centenar y la composici\u00f3n fue igual de plural, de un alto nivel de\ndiversas corrientes de pensamiento de los cient\u00edficos sociales. Las\ntrayectorias de los principales expositores lo reflejan:<\/p>\n\n\n\n<p class=\"wp-block-paragraph\">Santiago Levy, ex directivo del Banco Interamericano\nde Desarrollo (BID), Juan Carlos moreno Brid ex funcionario de la Comisi\u00f3n\nEcon\u00f3mica para Am\u00e9rica Latina y el Caribe (CEPAL), Carlos Leopoldo Sales\nSarrapy, economista por el ITAM director de una empresa de asesor\u00eda financiera\ny Pescador Osuna, maestro normalista, economista por el ITAM doctorante por la\nuniversidad de Stanford y extitular de la Secretar\u00eda de Educaci\u00f3n P\u00fablica.<\/p>\n\n\n\n<p class=\"wp-block-paragraph\">El presidente L\u00f3pez Obrador anticip\u00f3 que este lunes\n13 de abril, en su conferencia matutina ofrecer\u00e1 \u201c<em>un balance general de c\u00f3mo\nvamos y qu\u00e9 sigue<\/em>.\u201d Es seguro que todos los medios de comunicaci\u00f3n convencionales\nparticipar\u00e1n en cadena nacional. Parte de las expectativas radican en saber c\u00f3mo\nest\u00e1 reaccionado el Jefe del Estado a las peticiones de que se enfrente las\ncrisis sanitaria y econ\u00f3mica con un acuerdo nacional y ahora tambi\u00e9n, que se\nevite una crisis pol\u00edtica, como lo propuso este grupo de los cien cient\u00edficos\nsociales.<\/p>\n","protected":false},"excerpt":{"rendered":"<p>Reuni\u00f3n urgente de 100 cient\u00edficos sociales <\/p>\n","protected":false},"author":3,"featured_media":8473,"comment_status":"open","ping_status":"open","sticky":false,"template":"","format":"standard","meta":{"_monsterinsights_skip_tracking":false,"footnotes":""},"categories":[691,106,85],"tags":[],"class_list":["post-19256","post","type-post","status-publish","format-standard","has-post-thumbnail","category-691","category-mirada-de-reportero","category-rogelio-hernandez-lopez"],"_links":{"self":[{"href":"https:\/\/redsemlac.com\/semmexico\/wp-json\/wp\/v2\/posts\/19256","targetHints":{"allow":["GET"]}}],"collection":[{"href":"https:\/\/redsemlac.com\/semmexico\/wp-json\/wp\/v2\/posts"}],"about":[{"href":"https:\/\/redsemlac.com\/semmexico\/wp-json\/wp\/v2\/types\/post"}],"author":[{"embeddable":true,"href":"https:\/\/redsemlac.com\/semmexico\/wp-json\/wp\/v2\/users\/3"}],"replies":[{"embeddable":true,"href":"https:\/\/redsemlac.com\/semmexico\/wp-json\/wp\/v2\/comments?post=19256"}],"version-history":[{"count":0,"href":"https:\/\/redsemlac.com\/semmexico\/wp-json\/wp\/v2\/posts\/19256\/revisions"}],"wp:featuredmedia":[{"embeddable":true,"href":"https:\/\/redsemlac.com\/semmexico\/wp-json\/wp\/v2\/media\/8473"}],"wp:attachment":[{"href":"https:\/\/redsemlac.com\/semmexico\/wp-json\/wp\/v2\/media?parent=19256"}],"wp:term":[{"taxonomy":"category","embeddable":true,"href":"https:\/\/redsemlac.com\/semmexico\/wp-json\/wp\/v2\/categories?post=19256"},{"taxonomy":"post_tag","embeddable":true,"href":"https:\/\/redsemlac.com\/semmexico\/wp-json\/wp\/v2\/tags?post=19256"}],"curies":[{"name":"wp","href":"https:\/\/api.w.org\/{rel}","templated":true}]}}