{"id":19253,"date":"2020-04-13T17:30:23","date_gmt":"2020-04-13T17:30:23","guid":{"rendered":"https:\/\/redsemlac.com\/semmexico\/?p=19253"},"modified":"2023-07-21T15:23:47","modified_gmt":"2023-07-21T20:23:47","slug":"michoacan-31","status":"publish","type":"post","link":"https:\/\/redsemlac.com\/semmexico\/michoacan-31\/","title":{"rendered":"Habr\u00e1 aumento salarial del 60% para personal m\u00e9dico y de enfermer\u00eda en Michoac\u00e1n"},"content":{"rendered":"\n<ul class=\"wp-block-list\"><li><strong>En una primera etapa, el incremento beneficiar\u00e1 a cerca de mil 500 doctores, doctoras, enfermeras y enfermeros que hacen frente a COVID-19<\/strong><\/li><li><strong>Desde hace 12 a\u00f1os, este grupo de trabajadores no hab\u00eda tenido un aumento de sueldo<\/strong><\/li><\/ul>\n\n\n\n<p class=\"wp-block-paragraph\"><strong>Redacci\u00f3n<\/strong><\/p>\n\n\n\n<p class=\"wp-block-paragraph\">SemM\u00e9xico. Morelia, Michoac\u00e1n a 13 de abril de 2020.- A\ntrav\u00e9s de un mensaje el gobernador de Michoac\u00e1n anunci\u00f3 este lunes el\nincremento de un 60 por ciento al sueldo de doctoras, doctores, enfermeras y\nenfermeros que est\u00e1n al frente de la atenci\u00f3n del COVID-19 en Michoac\u00e1n. Afirm\u00f3\nque es acto de justicia y reconocimiento al esfuerzo de las y los trabajadores\nde salud.<\/p>\n\n\n\n<p class=\"wp-block-paragraph\">&nbsp;\u201cLa circunstancia que\nvivimos amerita que replanteemos y revaloremos a sectores clave de la vida\np\u00fablica; me refiero a las miles de m\u00e9dicas, m\u00e9dicos, enfermeras y enfermeros,\nque todos los d\u00edas le hacen frente a este in\u00e9dito y enorme desaf\u00edo de crisis\nsanitaria, por el coronavirus\u201d, expres\u00f3 el mandatario estatal.<\/p>\n\n\n\n<p class=\"wp-block-paragraph\">Tambi\u00e9n detall\u00f3 que el incremento ser\u00e1 posible a partir de\nla homologaci\u00f3n salarial, iniciada hoy en una primera etapa, de casi mil 500\ndoctoras, doctores, enfermeras y enfermeros en todo el estado, quienes est\u00e1n en\nla primera l\u00ednea de batalla contra la pandemia.<\/p>\n\n\n\n<p class=\"wp-block-paragraph\">Agreg\u00f3 que, adem\u00e1s, se iniciar\u00e1 la recodificaci\u00f3n a cerca de\n100 trabajadores, lo que significa que radi\u00f3logos, qu\u00edmicos, cirujanos\ndentistas, psic\u00f3logos, y nutri\u00f3logos, dejar\u00e1n de recibir sueldos por labores\nadministrativas y se reconocer\u00e1, con su salario, su perfil m\u00e9dico.<\/p>\n\n\n\n<p class=\"wp-block-paragraph\">&nbsp;\u201cEstos profesionales\nde la salud no son s\u00f3lo un n\u00famero, tienen rostro; son personas que invirtieron\nmuchos a\u00f1os de su vida al estudio, con un s\u00f3lo prop\u00f3sito: salvar vidas. Y todos\nellos, hoy hacen a un lado sus propios temores para poder salvar vidas en esta\ncontingencia\u00bb, puntualiz\u00f3.<\/p>\n\n\n\n<p class=\"wp-block-paragraph\">Aureoles Conejo reconoci\u00f3 la labor del personal de salud y\nrefrend\u00f3 su compromiso para que tengan insumos, medicamento y mejores\ncondiciones laborales; incluso, adelant\u00f3 la contrataci\u00f3n de personal adicional\npara garantizar el fortalecimiento del sector salud en tiempos de la epidemia.<\/p>\n\n\n\n<p class=\"wp-block-paragraph\">Record\u00f3 que en Michoac\u00e1n, 2 mil 420 doctoras, doctores,\nenfermeras y enfermeros trabajan por contrato y con un salario que no se hab\u00eda\nincrementado desde hace 12 a\u00f1os.<\/p>\n\n\n\n<p class=\"wp-block-paragraph\">Aureoles Conejo insisti\u00f3 en la solicitud al Gobierno de la\nRep\u00fablica para que apoye a los estados con el env\u00edo de insumos, medicamentos y\nmaterial de protecci\u00f3n urgentes, que necesita la poblaci\u00f3n para esta\nemergencia.<\/p>\n\n\n\n<p class=\"wp-block-paragraph\">Y reiter\u00f3 el llamado a las y los michoacanos para que\ncoadyuven con el personal de salud y asuman con responsabilidad esta emergencia\nqued\u00e1ndose en casa, para evitar la propagaci\u00f3n incontrolada del COVID-19 y as\u00ed\ncuidar que no colapsen los hospitales.<\/p>\n\n\n\n<p class=\"wp-block-paragraph\">SEM\/IL<\/p>\n","protected":false},"excerpt":{"rendered":"<p>La circunstancia que vivimos amerita replantear y revalorar a sectores clave, de la vida p\u00fablica, afirma el gobernador Aureoles Conejo<\/p>\n","protected":false},"author":3,"featured_media":19254,"comment_status":"open","ping_status":"open","sticky":false,"template":"","format":"standard","meta":{"_monsterinsights_skip_tracking":false,"footnotes":""},"categories":[691,135],"tags":[],"class_list":["post-19253","post","type-post","status-publish","format-standard","has-post-thumbnail","category-691","category-emergencia-sanitaria-covid-19"],"_links":{"self":[{"href":"https:\/\/redsemlac.com\/semmexico\/wp-json\/wp\/v2\/posts\/19253","targetHints":{"allow":["GET"]}}],"collection":[{"href":"https:\/\/redsemlac.com\/semmexico\/wp-json\/wp\/v2\/posts"}],"about":[{"href":"https:\/\/redsemlac.com\/semmexico\/wp-json\/wp\/v2\/types\/post"}],"author":[{"embeddable":true,"href":"https:\/\/redsemlac.com\/semmexico\/wp-json\/wp\/v2\/users\/3"}],"replies":[{"embeddable":true,"href":"https:\/\/redsemlac.com\/semmexico\/wp-json\/wp\/v2\/comments?post=19253"}],"version-history":[{"count":0,"href":"https:\/\/redsemlac.com\/semmexico\/wp-json\/wp\/v2\/posts\/19253\/revisions"}],"wp:featuredmedia":[{"embeddable":true,"href":"https:\/\/redsemlac.com\/semmexico\/wp-json\/wp\/v2\/media\/19254"}],"wp:attachment":[{"href":"https:\/\/redsemlac.com\/semmexico\/wp-json\/wp\/v2\/media?parent=19253"}],"wp:term":[{"taxonomy":"category","embeddable":true,"href":"https:\/\/redsemlac.com\/semmexico\/wp-json\/wp\/v2\/categories?post=19253"},{"taxonomy":"post_tag","embeddable":true,"href":"https:\/\/redsemlac.com\/semmexico\/wp-json\/wp\/v2\/tags?post=19253"}],"curies":[{"name":"wp","href":"https:\/\/api.w.org\/{rel}","templated":true}]}}