{"id":19245,"date":"2020-04-13T16:31:18","date_gmt":"2020-04-13T16:31:18","guid":{"rendered":"https:\/\/redsemlac.com\/semmexico\/?p=19245"},"modified":"2023-07-21T15:23:47","modified_gmt":"2023-07-21T20:23:47","slug":"jalisco-31","status":"publish","type":"post","link":"https:\/\/redsemlac.com\/semmexico\/jalisco-31\/","title":{"rendered":"Juezas y magistradas crean gu\u00eda Protecci\u00f3n Judicial en tiempos de Pandemia"},"content":{"rendered":"\n<ul class=\"wp-block-list\"><li><strong>La  gu\u00eda espec\u00edfica acciones que se  pueden realizar ante juzgados del pa\u00eds en caso de estar en situaci\u00f3n de violencia<\/strong><\/li><li><strong>Fue creada por primera vez ante la emergencia sanitaria por el COVID19<\/strong><\/li><\/ul>\n\n\n\n<p class=\"wp-block-paragraph\"><strong>Analy S. Nu\u00f1o<\/strong><\/p>\n\n\n\n<p class=\"wp-block-paragraph\">SemM\u00e9xico,\nGuadalajara, Jal., 13 de abril, 2020.- Con\ninformaci\u00f3n sistematizada de todo el pa\u00eds, la Asociaci\u00f3n Mexicana de\nMujeres Juezas y Magistradas (AMMJUM) public\u00f3 la Gu\u00eda de actuaci\u00f3n para saber qu\u00e9 hacer y d\u00f3nde acudir si vives violencia\nde g\u00e9nero en \u00e9poca de Covid-19, Protecci\u00f3n Judicial en tiempos de Pandemia.<\/p>\n\n\n\n<p class=\"wp-block-paragraph\">La gu\u00eda disponible en la p\u00e1gina oficial de la\nasociaci\u00f3n civil encabezada por la magistrada del Poder Judicial de la Federaci\u00f3n en Materia\nCivil, Martha Muro Arellano, recaba informaci\u00f3n respecto a los t\u00e9rminos de los\nacuerdos judiciales para llevar casos de violencia de g\u00e9nero, las acciones que\nse pueden realizar ante juzgados locales y c\u00f3mo operan las guardias, adem\u00e1s de los\nn\u00fameros de emergencia y ubicaciones de los centros de justicia para las\nmujeres. <\/p>\n\n\n\n<p class=\"wp-block-paragraph\">\u201cLa\nexperiencia de otros pa\u00edses frente al COVID-19, evidencia que el aislamiento\naumenta el riesgo de violencia dom\u00e9stica, especialmente contra las mujeres, los\nni\u00f1os y las ni\u00f1as. A continuaci\u00f3n, te proporcionamos una gu\u00eda clasificada por\nestado en la que podr\u00e1s encontrar informaci\u00f3n importante si te encuentras en\nalguna situaci\u00f3n de violencia y requieres apoyo\u201d, se\u00f1ala la p\u00e1gina.<\/p>\n\n\n\n<p class=\"wp-block-paragraph\">La\nGu\u00eda creada por primera vez ante la emergencia sanitaria por el COVID19,\ndetalla que en este periodo de contingencia, la mayor\u00eda de los juzgados decretaron\nguardias para que se puedan atender asuntos de urgencia, como medidas y \u00f3rdenes\nde protecci\u00f3n y juicios de alimentos.<\/p>\n\n\n\n<p class=\"wp-block-paragraph\">Acciones que puedes realizar ante juzgados locales:<\/p>\n\n\n\n<p class=\"wp-block-paragraph\">&#8211;\nSolicitar \u00f3rdenes de protecci\u00f3n y medidas legales puntuales: incluye medidas\ncautelares penales y civiles. Se decretan por un tiempo determinado para, entre\notras cosas, asegurar la vida y seguridad de las personas. Algunos ejemplos\npueden ser: separaci\u00f3n inmediata del domicilio, prohibici\u00f3n de acercarse a\nciertas personas o lugares, medidas especiales de protecci\u00f3n para tus hijos e\nhijas, etc.<\/p>\n\n\n\n<p class=\"wp-block-paragraph\">&#8211;\nDe los de juicios de alimentos: consignaci\u00f3n y entrega de billetes de dep\u00f3sito\nque derivan de los procesos para garantizar cuidados y atenci\u00f3n a los ni\u00f1os,\nni\u00f1as y adolescentes, principalmente<\/p>\n\n\n\n<p class=\"wp-block-paragraph\">En\nel rubro de tel\u00e9fonos de emergencia y\nservicios de atenci\u00f3n urgente,&nbsp;se encuentran l\u00edneas telef\u00f3nicas\nverificadas para hacer frente a la violencia de g\u00e9nero, refugios e institutos locales\nde atenci\u00f3n a la mujer, as\u00ed como otros medios de apoyo.<\/p>\n\n\n\n<p class=\"wp-block-paragraph\">Mientras que el apartado de Centros de Justicia para\nlas Mujeres,se informa que \u201cson lugares donde se concentran\ndiferentes servicios de tipo legal, psicol\u00f3gico y m\u00e9dico. En algunos hay agentes\ndel Ministerio P\u00fablico. Algunos proporcionan refugio temporal u ofrecen ayuda\npara encontrarlo\u201d y se incluye la informaci\u00f3n de cada Centro, como domicilio,\ntel\u00e9fono de contacto y horario.<\/p>\n\n\n\n<p class=\"wp-block-paragraph\">La\ninformaci\u00f3n recabada por juezas y magistradas de todas las regiones de M\u00e9xico\nrespecto a protocolos de actuaci\u00f3n de cada estado y c\u00f3mo operan los servicios\nde atenci\u00f3n para mujeres, est\u00e1 actualizada al primero de abril y re\u00fane los\nmarcos normativos de cada estado.<\/p>\n\n\n\n<p class=\"wp-block-paragraph\">SEM\/asn\/sj<\/p>\n","protected":false},"excerpt":{"rendered":"<p>Fue creada por primera vez ante la emergencia sanitaria por el COVID19<\/p>\n","protected":false},"author":3,"featured_media":19246,"comment_status":"open","ping_status":"open","sticky":false,"template":"","format":"standard","meta":{"_monsterinsights_skip_tracking":false,"footnotes":""},"categories":[691,135],"tags":[],"class_list":["post-19245","post","type-post","status-publish","format-standard","has-post-thumbnail","category-691","category-emergencia-sanitaria-covid-19"],"_links":{"self":[{"href":"https:\/\/redsemlac.com\/semmexico\/wp-json\/wp\/v2\/posts\/19245","targetHints":{"allow":["GET"]}}],"collection":[{"href":"https:\/\/redsemlac.com\/semmexico\/wp-json\/wp\/v2\/posts"}],"about":[{"href":"https:\/\/redsemlac.com\/semmexico\/wp-json\/wp\/v2\/types\/post"}],"author":[{"embeddable":true,"href":"https:\/\/redsemlac.com\/semmexico\/wp-json\/wp\/v2\/users\/3"}],"replies":[{"embeddable":true,"href":"https:\/\/redsemlac.com\/semmexico\/wp-json\/wp\/v2\/comments?post=19245"}],"version-history":[{"count":0,"href":"https:\/\/redsemlac.com\/semmexico\/wp-json\/wp\/v2\/posts\/19245\/revisions"}],"wp:featuredmedia":[{"embeddable":true,"href":"https:\/\/redsemlac.com\/semmexico\/wp-json\/wp\/v2\/media\/19246"}],"wp:attachment":[{"href":"https:\/\/redsemlac.com\/semmexico\/wp-json\/wp\/v2\/media?parent=19245"}],"wp:term":[{"taxonomy":"category","embeddable":true,"href":"https:\/\/redsemlac.com\/semmexico\/wp-json\/wp\/v2\/categories?post=19245"},{"taxonomy":"post_tag","embeddable":true,"href":"https:\/\/redsemlac.com\/semmexico\/wp-json\/wp\/v2\/tags?post=19245"}],"curies":[{"name":"wp","href":"https:\/\/api.w.org\/{rel}","templated":true}]}}