{"id":19240,"date":"2020-04-09T17:50:08","date_gmt":"2020-04-09T17:50:08","guid":{"rendered":"https:\/\/redsemlac.com\/semmexico\/?p=19240"},"modified":"2023-07-21T15:23:47","modified_gmt":"2023-07-21T20:23:47","slug":"ataques-a-enfermeras-violencia-domestica-y-el-impacto-de-la-contingencia-en-las-mujeres-belen-sanz-representante-de-onu-mujeres-en-mexico","status":"publish","type":"post","link":"https:\/\/redsemlac.com\/semmexico\/ataques-a-enfermeras-violencia-domestica-y-el-impacto-de-la-contingencia-en-las-mujeres-belen-sanz-representante-de-onu-mujeres-en-mexico\/","title":{"rendered":"Ataques a enfermeras, violencia dom\u00e9stica y el impacto de la contingencia en las mujeres: Bel\u00e9n Sanz, representante de ONU Mujeres en M\u00e9xico"},"content":{"rendered":"\n<p class=\"wp-block-paragraph\"><strong>Entrevista a Bel\u00e9n Sanz Luque, Representante de ONU Mujeres en M\u00e9xico realizada por el Centro de Informaci\u00f3n de las Naciones Unidas en M\u00e9xico.&nbsp;<\/strong><\/p>\n\n\n\n<ol class=\"wp-block-list\"><li><strong>\u00bfQu\u00e9 puede decir sobre los casos reportados de violencia en contra de mujeres que laboran en el sector salud, especialmente enfermeras?<\/strong><\/li><\/ol>\n\n\n\n<p class=\"wp-block-paragraph\"><strong>Bel\u00e9n Sanz (BS) .-<\/strong>&nbsp;Primero recordar, que las enfermeras hacen parte de la mayor\u00eda del sector de atenci\u00f3n primaria de primera l\u00ednea a las personas que son afectadas por la enfermedad y en este sentido nuestro primer mensaje, nuestra primera acci\u00f3n tiene que ser absoluto agradecimiento y solidaridad hacia la dif\u00edcil tarea que ellas y ellos los enfermeros, los m\u00e9dicos y todo el sector sanitario est\u00e1 teniendo que desplegar para atender esta dif\u00edcil situaci\u00f3n que enfrentamos como humanidad.&nbsp;<\/p>\n\n\n\n<p class=\"wp-block-paragraph\">En el caso de las enfermeras estamos viendo con mucha preocupaci\u00f3n el nivel de discriminaci\u00f3n a la que est\u00e1n expuestas por parte de la sociedad, con acciones que se considerar\u00edan de enorme discriminaci\u00f3n.&nbsp;<\/p>\n\n\n\n<p class=\"wp-block-paragraph\">La propia CONAPRED, que es la Comisi\u00f3n Nacional para la Prevenci\u00f3n de la Discriminaci\u00f3n en M\u00e9xico ha hecho un llamado a detectar cualquier forma de discriminaci\u00f3n hacia las enfermeras y, desde luego, atender esta problem\u00e1tica y nos parece que en este sentido es muy importante que la respuesta que se haga tambi\u00e9n desde el sector salud contemple las condiciones espec\u00edficas que viven las enfermeras y las necesidades que tienen para desplegar su trabajo de la mejor manera.&nbsp;<\/p>\n\n\n\n<p class=\"wp-block-paragraph\">Aqu\u00ed recordar, que tambi\u00e9n las enfermeras tienen una gran responsabilidad en la tarea de cuidados y si no hay una corresponsabilidad del interior de sus hogares para que ellas puedan ejercer su labor sanitaria, pues esta situaci\u00f3n va a agravarse en un mayor peso de responsabilidad sobre ellas y por tanto es importante poner en marcha medidas que reconozcan sus necesidades desde el inicio de los planes de mitigaci\u00f3n.<\/p>\n\n\n\n<ul class=\"wp-block-list\"><li><strong>\u00bfC\u00f3mo afecta la pandemia del coronavirus (COVID-19) a las mujeres mexicanas?<\/strong><\/li><\/ul>\n\n\n\n<p class=\"wp-block-paragraph\"><strong>Bel\u00e9n Sanz (BS) .-<\/strong>&nbsp;Efectivamente una crisis sanitaria como la que nos plantea el COVID-19 es una crisis que tiene un impacto diferenciado en las mujeres y los hombres, en las ni\u00f1as y los ni\u00f1os, y el an\u00e1lisis que hagamos del impacto y sobre todo la respuesta que hay que tener por parte de los pa\u00edses debe considerar estos impactos diferenciados.&nbsp;<\/p>\n\n\n\n<p class=\"wp-block-paragraph\">Algunos de ellos tienen que ver, en primer lugar, con el hecho de que las mujeres son una parte fundamental de los sistemas de salud en todos los pa\u00edses. Estimamos que el 70 por ciento de las personas que trabajan en el sector sanitario especialmente enfermeras son mujeres y por lo tanto est\u00e1n en la primera l\u00ednea de respuesta ante esta situaci\u00f3n sanitaria, ante esta pandemia, y por lo tanto tienen que tener las capacidades y sobre todo los apoyos para poder responder de la mejor manera ante la atenci\u00f3n de los miles de casos que se presentan y esta afectaci\u00f3n, esta situaci\u00f3n espec\u00edfica debe ser considerada.<\/p>\n\n\n\n<p class=\"wp-block-paragraph\">Un segundo \u00e1mbito en el que tenemos que contemplar el impacto de una pandemia como esta es en el impacto econ\u00f3mico. Ya nos han transmitido los analistas de distintas instituciones internacionales el gran impacto que va a tener en la p\u00e9rdida de empleos, en la ralentizaci\u00f3n de la econom\u00eda, en la precarizaci\u00f3n tambi\u00e9n de los empleos existentes, esta pandemia.&nbsp;<\/p>\n\n\n\n<p class=\"wp-block-paragraph\">Aqu\u00ed hay que considerar que las mujeres trabajan predominantemente en el mundo en el sector informal, es decir, trabajos que si bien puede ser remunerados son trabajos que est\u00e1n fuera de la seguridad social y esto la pone en una especial vulnerabilidad, sin dejar de hablar de que las mujeres todav\u00eda ganan un salario inferior al de los hombres por trabajos similares.&nbsp;<\/p>\n\n\n\n<p class=\"wp-block-paragraph\">En este sentido tambi\u00e9n consideramos que es muy importante dimensionar el rol de cuidados que tienen las mujeres en las sociedades en las que vivimos, un rol que se distribuye inequitativamente en la sociedad. Las mujeres ocupan aproximadamente 2.6 veces m\u00e1s tiempo que los hombres a las tareas de cuidar a ni\u00f1os y ni\u00f1as, enfermos, adultos mayores y cuidado del hogar en general.&nbsp;<\/p>\n\n\n\n<p class=\"wp-block-paragraph\">Esto hace que cuando estamos en una situaci\u00f3n como las medidas de confinamiento que han decretado los distintos pa\u00edses para evitar el contagio, precisamente recaiga una mayor tarea de cuidado sobre las mujeres y que esto afecte no s\u00f3lo su capacidad de seguir desempe\u00f1ando sus tareas econ\u00f3micas remuneradas sino un gran peso de trabajo sobre sus hombros.&nbsp;&nbsp;<\/p>\n\n\n\n<p class=\"wp-block-paragraph\">Adicional a esto hay colectivos que son especialmente vulnerables ante esta situaci\u00f3n. En el caso de Am\u00e9rica Latina y en otros pa\u00edses del mundo tambi\u00e9n, pero en Am\u00e9rica Latina y en M\u00e9xico un colectivo que est\u00e1 en especial situaci\u00f3n de vulnerabilidad es el colectivo de las trabajadoras dom\u00e9sticas o trabajadoras del hogar, quienes, como sabemos, en M\u00e9xico han estado hist\u00f3ricamente abandonadas de la seguridad social y que a d\u00eda de hoy con tienen garantizados sus derechos laborales, de tal modo que cuando enfrentamos estas situaciones de confinamiento muchas de ellas se ven ante el riesgo de perder sus empleos, de perder sus salarios, cuando a la vez suelen ser principales proveedoras de los ingresos econ\u00f3micos en sus hogares.&nbsp;<\/p>\n\n\n\n<p class=\"wp-block-paragraph\">Y finalmente, me gustar\u00eda se\u00f1alar que otro de los \u00e1mbitos en los que vemos un enorme impacto de este tipo de pandemia es en un incremento de la violencia dom\u00e9stica hacia las mujeres. Estoy hablando de la violencia que se ejerce al interior de los hogares, que precede a la situaci\u00f3n de crisis, ten\u00edamos amplios \u00edndices de violencia contra las mujeres en el espacio dom\u00e9stico, \u00e9sta se est\u00e1 incrementando en todos los pa\u00edses y por lo tanto tenemos que poner una especial atenci\u00f3n a que la respuesta que damos a esta crisis sea una respuesta que incorpore una perspectiva de g\u00e9nero, que incorpore un an\u00e1lisis cuidadoso de los datos con los que contamos para analizar la situaci\u00f3n de las mujeres y de las ni\u00f1as, y desde luego que esto nos lleve a dar una respuesta que atienda a esas necesidades para que este impacto se minimice en definitiva para que la recuperaci\u00f3n a la que llegaremos, en la que todos y todas trabajaremos, tenga una posibilidad que las mujeres sean, pues, lo menos afectados posible.<\/p>\n\n\n\n<ul class=\"wp-block-list\"><li><strong>\u00bfEn M\u00e9xico se atiende y se prev\u00e9 el tema de la violencia dom\u00e9stica en este periodo de confinamiento?<\/strong><\/li><\/ul>\n\n\n\n<p class=\"wp-block-paragraph\"><strong>Bel\u00e9n Sanz (BS) .-<\/strong>&nbsp;Bueno aqu\u00ed hay varias cuestiones que se\u00f1alar. La primera, como mencion\u00e9 anteriormente, la violencia contra las mujeres y las ni\u00f1as y los ni\u00f1os, tambi\u00e9n hay que decir que en el \u00e1mbito dom\u00e9stico se est\u00e1 exacerbando la violencia que preexist\u00eda o que se acent\u00faa en este momento de confinamiento. \u00bfPor qu\u00e9? Pues por las razones que todos estamos viviendo: hay una situaci\u00f3n de mayor estr\u00e9s, hay una mayor vulnerabilidad econ\u00f3mica ni\u00f1os y ni\u00f1as han dejado de asistir a los colegios o a las escuelas para hacer sus tareas escolares en las casas y por lo tanto hay una estr\u00e9s y esto hay que entenderlo. Los hogares est\u00e1n enfrentando din\u00e1micas que muchas veces no hab\u00edan enfrentado y no hab\u00edamos enfrentado anteriormente.<\/p>\n\n\n\n<p class=\"wp-block-paragraph\">En este sentido, \u00bfqu\u00e9 estamos viendo?, estamos viendo que todos los pa\u00edses donde se han puesto en marcha medidas de confinamiento se han incrementado las llamadas de solicitud de atenci\u00f3n por parte de v\u00edctimas de violencia basada en g\u00e9nero.&nbsp;<\/p>\n\n\n\n<p class=\"wp-block-paragraph\">Hemos visto que tambi\u00e9n ha habido un mayor n\u00famero de reportes, en el caso de China tenemos datos de las estaciones de polic\u00edas que se triplicaron las llamadas de solicitud de apoyo y de protecci\u00f3n. En el caso de Espa\u00f1a de 18 a un 20 por ciento. En el caso de Francia hasta un 30 por ciento, y as\u00ed podr\u00edamos seguir en casi todos los pa\u00edses que est\u00e1n reportando.&nbsp;<\/p>\n\n\n\n<p class=\"wp-block-paragraph\">En el caso de M\u00e9xico todav\u00eda hay que consolidar cifras y este es uno de los temas que tenemos que atender, qu\u00e9 cifras utilizamos para medir este incremento, pero lo que est\u00e1 claro, seg\u00fan los datos que la propia Secretar\u00eda de Gobernaci\u00f3n ha emitido, es que tendr\u00edamos un 25 por ciento aproximado de incremento de llamadas a la l\u00ednea 911 que tiene un cap\u00edtulo para atender a las v\u00edctimas de violencia de g\u00e9nero,&nbsp;&nbsp;y los refugios, o la Red Nacional de Refugios (RNR) nos se\u00f1ala que han recibido al menos un 60 por ciento m\u00e1s de solicitudes de apoyo.&nbsp;<\/p>\n\n\n\n<p class=\"wp-block-paragraph\">Es decir hay un problema, y tenemos que verlo y tenemos que atenderlo. Medidas de prevenci\u00f3n que se est\u00e1n tomando en el caso de M\u00e9xico hemos visto como un paso muy positivo y fundamental ,que lo hemos recomendado desde la cabeza de ONU Mujeres y desde luego desde el Secretario General, es que las medidas de emergencia sanitaria que prev\u00e9n que solo los servicios esenciales deben permanecer, tienen que incluir la atenci\u00f3n a las v\u00edctimas de violencia de g\u00e9nero y la prevenci\u00f3n y la protecci\u00f3n.&nbsp;<\/p>\n\n\n\n<p class=\"wp-block-paragraph\">M\u00e9xico ha incluido la preservaci\u00f3n de los servicios esenciales de atenci\u00f3n y protecci\u00f3n a las v\u00edctimas de violencia de g\u00e9nero en sus medidas de emergencia sanitaria y esto es muy importante.&nbsp;<\/p>\n\n\n\n<p class=\"wp-block-paragraph\">Adem\u00e1s de ello, estamos viendo que tanto el gobierno federal como gobiernos estatales con distintos ejemplos que podemos citar, han puesto atenci\u00f3n a esta problem\u00e1tica, han comunicado que van a poner un esfuerzo redoblado en la capacidad de la l\u00ednea 911 para atender a las v\u00edctimas que puedan requerir y que van a estar requiriendo apoyo.&nbsp;<\/p>\n\n\n\n<p class=\"wp-block-paragraph\">Tambi\u00e9n se est\u00e1 fortaleciendo la capacidad de que los centros de atenci\u00f3n tengan el personal necesario para atender a las v\u00edctimas y desde luego estamos viendo un alto nivel de incidencia de la sociedad civil que est\u00e1 haciendo llamados muy importantes para que estos temas se atiendan.&nbsp;<\/p>\n\n\n\n<p class=\"wp-block-paragraph\">Nos parece importante aqu\u00ed se\u00f1alar que, tanto para el caso de M\u00e9xico como para otros pa\u00edses, las medidas de prevenci\u00f3n son muy importantes, y estas medidas tienen que ver con que toda mujer que se vea en una situaci\u00f3n de violencia sepa a d\u00f3nde acudir, sepa c\u00f3mo llamar y tengan los medios para hacerlo,&nbsp;&nbsp;que se busquen formas innovadoras de buscar este pedido de apoyo, de atenci\u00f3n y de protecci\u00f3n incluyendo mecanismos no tradicionales o no tan tradicionales que incluya plataformas de redes sociales que permitan, o dispositivos que permitan esta atenci\u00f3n, pero tambi\u00e9n nos parece important\u00edsimo que la sociedad en su conjunto aproveche esta oportunidad para redistribuir las responsabilidades al interior del hogar.<\/p>\n\n\n\n<p class=\"wp-block-paragraph\">Tenemos datos que nos indican que aquellos hogares donde las tareas de cuidado no remunerado se distribuyen entre hombres y mujeres entre las personas que tienen responsabilidades en el cuidado del hogar, esos hogares son hogares con menos \u00edndices de violencia, esto contribuye a un mayor nivel de armon\u00eda y de paz al interior de los hogares.&nbsp;<\/p>\n\n\n\n<p class=\"wp-block-paragraph\">En este sentido las medidas de prevenci\u00f3n deben ir acompa\u00f1adas de un llamado a los hombres, ese es el llamado que hacemos a los hombres,&nbsp;&nbsp;para que se comprometan con solidaridad, con responsabilidad a que esta situaci\u00f3n no se presente, no se incremente, sino al contrario, que aprovechemos para redistribuir nuestras tareas al interior del hogar y con ello generar hogares m\u00e1s pac\u00edficos y una sociedad m\u00e1s pac\u00edfica.<\/p>\n\n\n\n<p class=\"wp-block-paragraph\"><strong>4.- \u00bfC\u00f3mo garantizar los derechos de las trabajadoras dom\u00e9sticas en esta crisis sanitaria?<\/strong><\/p>\n\n\n\n<p class=\"wp-block-paragraph\"><strong>Bel\u00e9n Sanz (BS) .-<\/strong>&nbsp;En primer lugar como hemos dicho desde ONU Mujeres, desde la Organizaci\u00f3n Mundial del Trabajo y desde las distintas agencias de Naciones Unidas, el primer elemento a considerar es que las trabajadoras dom\u00e9sticas son trabajadoras de pleno derecho. Tienen que tener una afiliaci\u00f3n a la seguridad social y tienen que tener garantizado su salario como trabajadoras.&nbsp;<\/p>\n\n\n\n<p class=\"wp-block-paragraph\">Es muy importante se\u00f1alar que gracias a un trabajo que hizo la Suprema Corte de Justicia a partir del cual se hizo una reforma a la a la Ley Federal del Trabajo, las trabajadoras del hogar tienen el derecho a tener una cobertura de la seguridad social y por lo tanto los empleadores y las empleadoras de las trabajadoras del hogar tienen una responsabilidad de garantizar su salud cuando est\u00e1n haciendo sus tareas y desde luego su seguridad econ\u00f3mica ante esta situaci\u00f3n. Este es un llamado para que asumamos nuestra responsabilidad como sociedad y como empleadoras y empleadores de trabajadoras del lugar a garantizar que esta situaci\u00f3n les genera una mayor vulnerabilidad de la que han estado sometidas hist\u00f3ricamente.<\/p>\n\n\n\n<p class=\"wp-block-paragraph\"><strong>5.- \u00bfEl confinamiento puede aumentar los casos de embarazos de adolescentes en M\u00e9xico?<\/strong><\/p>\n\n\n\n<p class=\"wp-block-paragraph\"><strong>Bel\u00e9n Sanz (BS) .-<\/strong>&nbsp;Bueno, este es un problema que nos preocupa profundamente y sin duda tambi\u00e9n desde distintas agencias de Naciones Unidas se est\u00e1 dando un apoyo a las autoridades y a la sociedad en su conjunto para garantizar que los derechos sexuales y reproductivos como todos los derechos, son protegidos y garantizados tambi\u00e9n en tiempo de cuarentena,&nbsp;&nbsp;tambi\u00e9n en tiempo de crisis sanitaria.&nbsp;<\/p>\n\n\n\n<p class=\"wp-block-paragraph\">Es muy importante y lo han anunciado las autoridades sanitarias, en M\u00e9xico y en otros pa\u00edses, que se garantice el acceso a todos los dispositivos y medidas que permitan precisamente la prevenci\u00f3n del embarazo, es muy importante que todas las familias, todas las adolescentes y todas las personas en el conjunto de la sociedad se informen sobre las medidas de prevenci\u00f3n del embarazo que existen y que ejerzan una especial vigilancia en un momento en el que enfrentamos crisis de distintas dimensiones y sin duda una es \u00e9sta.&nbsp;<\/p>\n\n\n\n<p class=\"wp-block-paragraph\">Tambi\u00e9n aqu\u00ed quisiera se\u00f1alar que nos preocupa en requiere una acci\u00f3n coordinada el incremento de la violencia sexual que se pueda presentar al interior de los hogares. En este punto tenemos que proteger a nuestros ni\u00f1os y ni\u00f1as, tenemos que garantizar que estas formas de violencia que se pueden expresar, las identificamos de antemano y activamos todas las medidas de solicitud de asistencia que requiramos, incluyendo y he de decir aqu\u00ed, las de solidaridad social con nuestras vecinas, con nuestros vecinos, con nuestros amigos, adem\u00e1s de, por supuesto el llamado a las autoridades, tenemos que detectar cualquier forma de violencia que se presente hacia ni\u00f1os y ni\u00f1as, cualquier forma de violencia sexual y atenderla de la forma m\u00e1s contundente posible para que esta situaci\u00f3n no se presente en este contexto.<\/p>\n\n\n\n<p class=\"wp-block-paragraph\"><strong>6.- \u00bfC\u00f3mo garantizar el acceso a los derechos reproductivos de mujeres embarazadas durante esta contingencia?<\/strong><\/p>\n\n\n\n<p class=\"wp-block-paragraph\"><strong>Bel\u00e9n Sanz (BS) .-<\/strong>&nbsp;&nbsp;Bueno, definitivamente uno de los mensajes que consideramos m\u00e1s importantes que tambi\u00e9n ha transmitido la Secretar\u00eda de Salud del Gobierno de M\u00e9xico, ha sido que la atenci\u00f3n a las mujeres embarazadas no se suspende, sino al contrario: se garantiza el servicio, por supuesto, de las mujeres que se encuentran en esta situaci\u00f3n.&nbsp;<\/p>\n\n\n\n<p class=\"wp-block-paragraph\">Hay un llamado a que las mujeres embarazadas tengan especial cuidado por ser poblaci\u00f3n de riesgo ante esta epidemia, para no exponerse ante esta situaci\u00f3n y lo que nos parece m\u00e1s importante es que puedan informarse sobre cu\u00e1les son los lugares en los que pueden atenderse y, desde luego, garantizar que tienen la atenci\u00f3n adecuada.&nbsp;<\/p>\n\n\n\n<p class=\"wp-block-paragraph\">Desde el Fondo de Poblaci\u00f3n de Naciones Unidas se est\u00e1 apoyando la capacidad de las redes de parteras que existen en el pa\u00eds, que tambi\u00e9n tienen una responsabilidad aqu\u00ed muy importante y han de ser apoyadas para que las mujeres en estado de embarazo que requieren una atenci\u00f3n especial o especializada puedan garantizar esa atenci\u00f3n y desde luego es uno de los temas que tenemos que cuidar en este momento, de crisis y de solidaridad que tenemos que activar.<\/p>\n\n\n\n<p class=\"wp-block-paragraph\"><strong>7.- \u00bfCu\u00e1l es el trabajo que realiza&nbsp;&nbsp;ONU Mujeres en M\u00e9xico durante esta contingencia?<\/strong><\/p>\n\n\n\n<p class=\"wp-block-paragraph\"><strong>Bel\u00e9n Sanz (BS) .-<\/strong>&nbsp;Desde ONU Mujeres seguimos trabajando, trabajamos desde casa pero el equipo est\u00e1 plenamente activo, por una parte en revisar la manera en que los programas que tenemos actualmente en marcha pueden atender y acompa\u00f1ar la respuesta hacia esta crisis.&nbsp;<\/p>\n\n\n\n<p class=\"wp-block-paragraph\">Tenemos proyectos relacionados con el empoderamiento econ\u00f3mico de las mujeres en algunas comunidades en el pa\u00eds, por ejemplo un programa que se denomina \u201cLo hacemos por la igualdad\u201d, donde mujeres que fueron afectadas por los sismos del a\u00f1o 2017 est\u00e1n poniendo en marcha iniciativas productivas, es un programa que apoya la iniciativa privada, es decir Danone Bonafont en M\u00e9xico y estamos apoyando el que ellas tengan una red de informaci\u00f3n en torno a posibles situaciones de violencia, as\u00ed como una conexi\u00f3n con posibles apoyos financieros que se dan en los paquetes de respuesta.&nbsp;<\/p>\n\n\n\n<p class=\"wp-block-paragraph\">Lo mismo estamos haciendo con otros programas existentes en materia de educaci\u00f3n para mujeres que no han conseguido terminar sus estudios pero que est\u00e1n listas para ingresar al mercado laboral y que por lo tanto tienen un rol muy importante en este momento.&nbsp;&nbsp;Tambi\u00e9n estamos dirigiendo informaci\u00f3n hacia ellas para que sean parte tambi\u00e9n de la respuesta.&nbsp;<\/p>\n\n\n\n<p class=\"wp-block-paragraph\">En definitiva todos los proyectos que tenemos, estamos tratando de orientarlos hacia las necesidades que pueda tener la poblaci\u00f3n de mujeres con las cuales trabajamos.&nbsp;<\/p>\n\n\n\n<p class=\"wp-block-paragraph\">Pero adem\u00e1s de eso a nivel de pol\u00edtica p\u00fablica estamos trabajando muy de la mano del gobierno federal y del Instituto Nacional de las Mujeres, por un lado en las medidas y trabajos para la prevenci\u00f3n de la violencia contra las mujeres y para un llamado a la corresponsabilidad en los hogares, en la redistribuci\u00f3n de las tareas de cuidado y desde luego, en la protecci\u00f3n de las trabajadoras del hogar.<\/p>\n\n\n\n<p class=\"wp-block-paragraph\">Asimismo estamos en intercambio para poder determinar el tipo de apoyo que pueda requerir el gobierno en materia de prevenci\u00f3n y atenci\u00f3n a la violencia, incluyendo el redoblar esfuerzos para la capacidad de la l\u00ednea 911, as\u00ed como para posibles apoyos que requieren los refugios para v\u00edctimas de violencia basada en g\u00e9nero que en este momento tambi\u00e9n enfrentan situaciones dif\u00edciles, donde es fundamental garantizar que sus recursos econ\u00f3micos son implementados a la brevedad y que tienen la posibilidad de atender a todas las personas que se enfrenten a una situaci\u00f3n de violencia basada en g\u00e9nero.<\/p>\n\n\n\n<p class=\"wp-block-paragraph\">Finalmente quisiera decir que parte nuestra tarea en este momento como ONU Mujeres tiene que ver con el programa Spotlight que es un programa que tienen 6 agencias de Naciones Unidas y el cual est\u00e1 orientado a eliminar el feminicidio en M\u00e9xico y, por supuesto, a prevenir la violencia.&nbsp;<\/p>\n\n\n\n<p class=\"wp-block-paragraph\">Estamos tambi\u00e9n en articulaci\u00f3n con el gobierno para definir qu\u00e9 medidas deber\u00edamos adelantar en este sentido. Todo esto lo hacemos de la mano de un dialogo muy estrecho con la sociedad civil.&nbsp;&nbsp;Las organizaciones de mujeres son fundamentales en la gesti\u00f3n de una crisis, son las organizaciones que acompa\u00f1an directamente a las v\u00edctimas de violencia, son las organizaciones que pueden ayudarnos a entender cu\u00e1les son las realidades en las comunidades.<\/p>\n\n\n\n<p class=\"wp-block-paragraph\">Este es un llamado tambi\u00e9n a que debemos redoblar nuestros esfuerzos para apoyar a estas organizaciones cuyo trabajo se desenvuelve en contextos muy complejos en muchas ocasiones y con los cuales debemos trabajar para dar una respuesta lo m\u00e1s integral posible ante la situaci\u00f3n que enfrentamos.\u00a0<\/p>\n\n\n\n<figure class=\"wp-block-embed-youtube wp-block-embed is-type-video is-provider-youtube wp-embed-aspect-16-9 wp-has-aspect-ratio\"><div class=\"wp-block-embed__wrapper\">\n<iframe loading=\"lazy\" title=\"Ataques a enfermeras, violencia dom\u00e9stica e impacto de la contingencia en las mujeres: ONU Mujeres\" width=\"696\" height=\"392\" src=\"https:\/\/www.youtube.com\/embed\/96xt6tkYyuU?feature=oembed&#038;enablejsapi=1\" frameborder=\"0\" allow=\"accelerometer; autoplay; clipboard-write; encrypted-media; gyroscope; picture-in-picture; web-share\" referrerpolicy=\"strict-origin-when-cross-origin\" allowfullscreen><\/iframe>\n<\/div><\/figure>\n","protected":false},"excerpt":{"rendered":"<p>Entrevista a Bel\u00e9n Sanz Luque, Representante de ONU Mujeres en M\u00e9xico realizada por el Centro de Informaci\u00f3n de las Naciones Unidas en M\u00e9xico.&nbsp; \u00bfQu\u00e9 puede decir sobre los casos reportados de violencia en contra de mujeres que laboran en el sector salud, especialmente enfermeras? Bel\u00e9n Sanz (BS) .-&nbsp;Primero recordar, que las enfermeras hacen parte de [&hellip;]<\/p>\n","protected":false},"author":3,"featured_media":19241,"comment_status":"open","ping_status":"open","sticky":false,"template":"","format":"standard","meta":{"_monsterinsights_skip_tracking":false,"footnotes":""},"categories":[691,54,1],"tags":[],"class_list":["post-19240","post","type-post","status-publish","format-standard","has-post-thumbnail","category-691","category-mujeres","category-uncategorized"],"_links":{"self":[{"href":"https:\/\/redsemlac.com\/semmexico\/wp-json\/wp\/v2\/posts\/19240","targetHints":{"allow":["GET"]}}],"collection":[{"href":"https:\/\/redsemlac.com\/semmexico\/wp-json\/wp\/v2\/posts"}],"about":[{"href":"https:\/\/redsemlac.com\/semmexico\/wp-json\/wp\/v2\/types\/post"}],"author":[{"embeddable":true,"href":"https:\/\/redsemlac.com\/semmexico\/wp-json\/wp\/v2\/users\/3"}],"replies":[{"embeddable":true,"href":"https:\/\/redsemlac.com\/semmexico\/wp-json\/wp\/v2\/comments?post=19240"}],"version-history":[{"count":0,"href":"https:\/\/redsemlac.com\/semmexico\/wp-json\/wp\/v2\/posts\/19240\/revisions"}],"wp:featuredmedia":[{"embeddable":true,"href":"https:\/\/redsemlac.com\/semmexico\/wp-json\/wp\/v2\/media\/19241"}],"wp:attachment":[{"href":"https:\/\/redsemlac.com\/semmexico\/wp-json\/wp\/v2\/media?parent=19240"}],"wp:term":[{"taxonomy":"category","embeddable":true,"href":"https:\/\/redsemlac.com\/semmexico\/wp-json\/wp\/v2\/categories?post=19240"},{"taxonomy":"post_tag","embeddable":true,"href":"https:\/\/redsemlac.com\/semmexico\/wp-json\/wp\/v2\/tags?post=19240"}],"curies":[{"name":"wp","href":"https:\/\/api.w.org\/{rel}","templated":true}]}}