{"id":19235,"date":"2020-04-09T01:25:01","date_gmt":"2020-04-09T01:25:01","guid":{"rendered":"https:\/\/redsemlac.com\/semmexico\/?p=19235"},"modified":"2023-07-21T15:23:48","modified_gmt":"2023-07-21T20:23:48","slug":"oaxaca-171","status":"publish","type":"post","link":"https:\/\/redsemlac.com\/semmexico\/oaxaca-171\/","title":{"rendered":"Ahora le doli\u00f3 el est\u00f3mago a Vera Carrizal, suspenden audiencia"},"content":{"rendered":"\n<p class=\"wp-block-paragraph\"><strong>* Agresor de artista oaxaque\u00f1a pidi\u00f3\nque lo trasladaran a una cl\u00ednica particular<\/strong><\/p>\n\n\n\n<p class=\"wp-block-paragraph\"><strong>* Conozco a mi agresor, \u201cgoza de buena\nsalud\u201d, dice Mar\u00eda Elena R\u00edos<\/strong><\/p>\n\n\n\n<p class=\"wp-block-paragraph\"><strong>Patricia Brise\u00f1o<\/strong><\/p>\n\n\n\n<p class=\"wp-block-paragraph\">SemM\u00e9xico. Oaxaca, Oax. 08 de abril 2020.- &nbsp;La audiencia de vinculaci\u00f3n a proceso de Juan\nAntonio V.C., se\u00f1alado como probable autor del delito de feminicidio en grado\nde tentativa en agravio de Mar\u00eda Elena R.O., prevista para este mi\u00e9rcoles se\npospuso debido a que imputado fue ingresado a un hospital por un malestar\nabdominal.<\/p>\n\n\n\n<p class=\"wp-block-paragraph\">Por esta raz\u00f3n, el Juzgado de Control reprogram\u00f3 la\ndiligencia para el jueves 9 de abril, a las 11:00 horas, en sus instalaciones\ndel municipio de Huajuapan de Le\u00f3n, en regi\u00f3n Mixteca.<\/p>\n\n\n\n<p class=\"wp-block-paragraph\">Seg\u00fan fuentes de Seguridad P\u00fablica, el m\u00e9dico, Bert\u00edn\nHern\u00e1ndez Garc\u00eda, revis\u00f3 al empresario gasolinero y exdiputado priista,\nsugiriendo llevarlo a un hospital.<\/p>\n\n\n\n<p class=\"wp-block-paragraph\">La abogada del imputado solicit\u00f3 a la cl\u00ednica particular\n\u201cJardines del Sur\u201d para la revisi\u00f3n m\u00e9dica, lugar donde ingres\u00f3 en calidad de\ndetenido, pero alrededor de las 20:00 fue la misma Fiscal\u00eda quien inform\u00f3 el\nreingreso al \u00e1rea de separos.<\/p>\n\n\n\n<p class=\"wp-block-paragraph\">Como se recordar\u00e1 Juan Antonio V.C., se entreg\u00f3 el pasado\nlunes de manera voluntaria en las instalaciones de la Secretar\u00eda de Seguridad\nP\u00fablica del Estado (SSPO), en esa misma fecha se &nbsp;ejecut\u00f3 de la orden de\naprehensi\u00f3n.<\/p>\n\n\n\n<p class=\"wp-block-paragraph\">Tras su aprehensi\u00f3n -proveniente de la causa penal 553\/2019\n&#8211; el principal autor intelectual de rociarle \u00e1cido sulf\u00farico a la saxofonista y\ncomunic\u00f3loga Mar\u00eda Elena R.O., fue llevado a audiencia ante el Juez de Control,\nsin embargo, el hoy imputado solicit\u00f3 acogerse al plazo del t\u00e9rmino\nconstitucional, que venci\u00f3 este mi\u00e9rcoles.<\/p>\n\n\n\n<p class=\"wp-block-paragraph\">Al confirmarse la nueva reprogramaci\u00f3n de la audiencia, la\nvictima a trav\u00e9s de su cuenta de Twitter @_ElenaRios asegur\u00f3 \u201cConozco\nperfectamente a mi agresor est\u00e1 en perfecto estado de salud. Estemos alertas y\nno dejemos que una estrategia basada en artima\u00f1as vulnere el camino hacia la\njusticia que tiene pendiente conmigo y el pueblo de M\u00e9xico.<\/p>\n\n\n\n<p class=\"wp-block-paragraph\">SEM\/pb\/sj<\/p>\n","protected":false},"excerpt":{"rendered":"<p>Conozco a mi agresor, \u201cgoza de buena salud\u201d, dice Mar\u00eda Elena R\u00edos<\/p>\n","protected":false},"author":3,"featured_media":19236,"comment_status":"open","ping_status":"open","sticky":false,"template":"","format":"standard","meta":{"_monsterinsights_skip_tracking":false,"footnotes":""},"categories":[691,47,48],"tags":[],"class_list":["post-19235","post","type-post","status-publish","format-standard","has-post-thumbnail","category-691","category-no-mas-impunidad","category-no-mas-impunidad-no-mas-impunidad"],"_links":{"self":[{"href":"https:\/\/redsemlac.com\/semmexico\/wp-json\/wp\/v2\/posts\/19235","targetHints":{"allow":["GET"]}}],"collection":[{"href":"https:\/\/redsemlac.com\/semmexico\/wp-json\/wp\/v2\/posts"}],"about":[{"href":"https:\/\/redsemlac.com\/semmexico\/wp-json\/wp\/v2\/types\/post"}],"author":[{"embeddable":true,"href":"https:\/\/redsemlac.com\/semmexico\/wp-json\/wp\/v2\/users\/3"}],"replies":[{"embeddable":true,"href":"https:\/\/redsemlac.com\/semmexico\/wp-json\/wp\/v2\/comments?post=19235"}],"version-history":[{"count":0,"href":"https:\/\/redsemlac.com\/semmexico\/wp-json\/wp\/v2\/posts\/19235\/revisions"}],"wp:featuredmedia":[{"embeddable":true,"href":"https:\/\/redsemlac.com\/semmexico\/wp-json\/wp\/v2\/media\/19236"}],"wp:attachment":[{"href":"https:\/\/redsemlac.com\/semmexico\/wp-json\/wp\/v2\/media?parent=19235"}],"wp:term":[{"taxonomy":"category","embeddable":true,"href":"https:\/\/redsemlac.com\/semmexico\/wp-json\/wp\/v2\/categories?post=19235"},{"taxonomy":"post_tag","embeddable":true,"href":"https:\/\/redsemlac.com\/semmexico\/wp-json\/wp\/v2\/tags?post=19235"}],"curies":[{"name":"wp","href":"https:\/\/api.w.org\/{rel}","templated":true}]}}