{"id":19209,"date":"2020-04-08T21:40:44","date_gmt":"2020-04-08T21:40:44","guid":{"rendered":"https:\/\/redsemlac.com\/semmexico\/?p=19209"},"modified":"2023-07-21T15:23:48","modified_gmt":"2023-07-21T20:23:48","slug":"en-michoacan-se-mantienen-guardias-24-7-para-atender-casos-de-violencia-de-genero-por-covid-19","status":"publish","type":"post","link":"https:\/\/redsemlac.com\/semmexico\/en-michoacan-se-mantienen-guardias-24-7-para-atender-casos-de-violencia-de-genero-por-covid-19\/","title":{"rendered":"En Michoac\u00e1n, se mantienen guardias 24\/7 para atender casos de violencia de g\u00e9nero por COVID-19"},"content":{"rendered":"\n<ul class=\"wp-block-list\"><li><strong>Por el\naislamiento social, se ha registrado un incremento del 40 por ciento en las\nllamadas de atenci\u00f3n, orientaci\u00f3n y contenci\u00f3n que recibe Seimujer: Nuria\nGabriela Hern\u00e1ndez<\/strong><\/li><\/ul>\n\n\n\n<p class=\"wp-block-paragraph\"><strong>Redacci\u00f3n <\/strong><\/p>\n\n\n\n<p class=\"wp-block-paragraph\">SemM\u00e9xico. Morelia, Michoac\u00e1n. 08 de abril de 2020.- El\nincremento de llamadas para brindar atenci\u00f3n, orientaci\u00f3n y contenci\u00f3n a\nv\u00edctimas de violencia de g\u00e9nero por el aislamiento, se ha disparado en 40 por\nciento, as\u00ed lo inform\u00f3 la titular de Secretar\u00eda de Igualdad Sustantiva y\nDesarrollo de las Mujeres (Seimujer), Nuria Gabriela Hern\u00e1ndez Abarca. <\/p>\n\n\n\n<p class=\"wp-block-paragraph\">Y es que ante la contingencia sanitaria, quedarse en casa es\nla principal medida de prevenci\u00f3n para reducir los contagios por COVID-19, sin\nembargo, es justamente en este espacio donde las mujeres, ni\u00f1as y ni\u00f1os son m\u00e1s\npropensos a sufrir violencia de g\u00e9nero. <\/p>\n\n\n\n<p class=\"wp-block-paragraph\">As\u00ed lo destac\u00f3 la titular de la dependencia, &nbsp;\u201cAnteriormente atend\u00edamos un promedio de 15 a\n20 llamadas por semana y la mayor\u00eda las recib\u00edamos en periodos vacacionales,\npuentes y fines de semana, ahora estamos atendiendo siete llamadas diariamente\u201d.<\/p>\n\n\n\n<figure class=\"wp-block-image size-large\"><img loading=\"lazy\" decoding=\"async\" width=\"960\" height=\"639\" src=\"https:\/\/redsemlac.com\/semmexico\/wp-content\/uploads\/2020\/04\/michoacan-covid-1.jpg\" alt=\"\" class=\"wp-image-19210\"\/><\/figure>\n\n\n\n<p class=\"wp-block-paragraph\">Por su parte, Hern\u00e1ndez Abarca coment\u00f3 que para atender la\ndemanda se han redoblado las guardias del personal, se tienen activas varias\nl\u00edneas del tel\u00e9fono 44-3582-2082, en las que adem\u00e1s se reciben mensajes de\ntexto y de WhatsApp, al igual que se activ\u00f3 el correo electr\u00f3nico\nseimujeratencion@gmail.com, y a trav\u00e9s de las redes sociales de la Seimujer. <\/p>\n\n\n\n<p class=\"wp-block-paragraph\">&nbsp;\u201cEstamos trabajando\ncon personal capacitado y sensible que las atiende las 24 horas, los siete d\u00edas\nde la semana, adem\u00e1s por redes sociales estamos tambi\u00e9n recibiendo solicitudes\ny junto a las Instancias Municipales de la Mujer estamos redoblando esfuerzos\u201d,\nfinaliz\u00f3. <\/p>\n\n\n\n<p class=\"wp-block-paragraph\">Cabe se\u00f1alar que el gobernador de Michoac\u00e1n, Silvano\nAureoles Conejo en d\u00edas pasados puso en marcha el Protocolo de Atenci\u00f3n para\nMujeres V\u00edctimas de Violencia durante el Periodo de Aislamiento por Covid-19,\nen el que se estableci\u00f3 que se trabajar\u00e1 las 24 horas en la atenci\u00f3n y\nprevenci\u00f3n de la violencia de g\u00e9nero.<\/p>\n\n\n\n<p class=\"wp-block-paragraph\">SEM\/IL<\/p>\n","protected":false},"excerpt":{"rendered":"<p>Por el aislamiento social, se ha registrado un incremento del 40 por ciento en las llamadas de atenci\u00f3n, orientaci\u00f3n y contenci\u00f3n que recibe Seimujer: Nuria Gabriela Hern\u00e1ndez<\/p>\n","protected":false},"author":3,"featured_media":19211,"comment_status":"open","ping_status":"open","sticky":false,"template":"","format":"standard","meta":{"_monsterinsights_skip_tracking":false,"footnotes":""},"categories":[691,135],"tags":[],"class_list":["post-19209","post","type-post","status-publish","format-standard","has-post-thumbnail","category-691","category-emergencia-sanitaria-covid-19"],"_links":{"self":[{"href":"https:\/\/redsemlac.com\/semmexico\/wp-json\/wp\/v2\/posts\/19209","targetHints":{"allow":["GET"]}}],"collection":[{"href":"https:\/\/redsemlac.com\/semmexico\/wp-json\/wp\/v2\/posts"}],"about":[{"href":"https:\/\/redsemlac.com\/semmexico\/wp-json\/wp\/v2\/types\/post"}],"author":[{"embeddable":true,"href":"https:\/\/redsemlac.com\/semmexico\/wp-json\/wp\/v2\/users\/3"}],"replies":[{"embeddable":true,"href":"https:\/\/redsemlac.com\/semmexico\/wp-json\/wp\/v2\/comments?post=19209"}],"version-history":[{"count":0,"href":"https:\/\/redsemlac.com\/semmexico\/wp-json\/wp\/v2\/posts\/19209\/revisions"}],"wp:featuredmedia":[{"embeddable":true,"href":"https:\/\/redsemlac.com\/semmexico\/wp-json\/wp\/v2\/media\/19211"}],"wp:attachment":[{"href":"https:\/\/redsemlac.com\/semmexico\/wp-json\/wp\/v2\/media?parent=19209"}],"wp:term":[{"taxonomy":"category","embeddable":true,"href":"https:\/\/redsemlac.com\/semmexico\/wp-json\/wp\/v2\/categories?post=19209"},{"taxonomy":"post_tag","embeddable":true,"href":"https:\/\/redsemlac.com\/semmexico\/wp-json\/wp\/v2\/tags?post=19209"}],"curies":[{"name":"wp","href":"https:\/\/api.w.org\/{rel}","templated":true}]}}