{"id":19124,"date":"2020-04-07T02:08:27","date_gmt":"2020-04-07T02:08:27","guid":{"rendered":"https:\/\/redsemlac.com\/semmexico\/?p=19124"},"modified":"2023-07-21T15:23:50","modified_gmt":"2023-07-21T20:23:50","slug":"opinion-433","status":"publish","type":"post","link":"https:\/\/redsemlac.com\/semmexico\/opinion-433\/","title":{"rendered":"Palabra de Ant\u00edgona"},"content":{"rendered":"\n<h2 class=\"wp-block-heading\"><strong>AMLO sin un \u00e1pice de la condici\u00f3n femenina<\/strong><\/h2>\n\n\n\n<p class=\"wp-block-paragraph\"><strong>* Funcionarias, inteligentes, lo justifican<\/strong><\/p>\n\n\n\n<p class=\"wp-block-paragraph\"><strong>Sara Lovera<\/strong><\/p>\n\n\n\n<p class=\"wp-block-paragraph\">SemM\u00e9xico, 6 de abril, 2020.- No hay, no existe en\nla cabeza de Andr\u00e9s Manuel L\u00f3pez Obrador ni un \u00e1pice de lo que las funcionarias\nde todo el mundo han intentado durante 30 a\u00f1os. No hay, dec\u00eda, ni un \u00e1pice de\nentendimiento de lo que es la condici\u00f3n femenina, lo que se llama visi\u00f3n de\ng\u00e9nero.<\/p>\n\n\n\n<p class=\"wp-block-paragraph\">Me recuerda a individuos aparentemente inteligentes,\ndizque democr\u00e1ticos, profesores universitarios, gente que llamamos puntales en\nla opini\u00f3n p\u00fablica; los hay en los servicios sociales, m\u00e9dicos, culturales,\necon\u00f3micos. Los hay ocupando rector\u00edas, gubernaturas, puestos de toma de\ndecisiones. Hay tambi\u00e9n mujeres de alto nivel que no comprenden la diferencia,\nla especificidad, la desigualdad.<\/p>\n\n\n\n<p class=\"wp-block-paragraph\">Es imposible. Parece que no hay dato, evidencia que\nhaga comprender. Yo creo que por eso el Presidente nunca puede nombrar a las\nmujeres, para \u00e9l todo es el pueblo. Pueblo el que sin duda le da sentido a su\nexistencia, sin pensar o mencionar al pueblo no podr\u00eda suponer que gobierna.<\/p>\n\n\n\n<p class=\"wp-block-paragraph\">Y dec\u00eda. Las mujeres no son el pueblo. No importa\nque seamos m\u00e1s de la mitad de la poblaci\u00f3n. Saberlas violentadas por los\nintegrantes del pueblo, en el campo o en la ciudad, por los pobres y\nmarginados, se le hace totalmente imposible. Si el pueblo es bueno y hoy\ngobierna, porque las mujeres meten ruido. No las nombra, no permite una sola\npol\u00edtica que ataje su desigualdad.<\/p>\n\n\n\n<p class=\"wp-block-paragraph\">Algunas mujeres de su gabinete, sin duda\ninteligentes, que en otros momentos formaron parte de nuestra comunidad, ahora\nno hacen sino justificarlo.<\/p>\n\n\n\n<p class=\"wp-block-paragraph\">El mejor ejemplo es una pieza difundida por la\nagencia de noticias del gobierno, Notimex, dirigida por una mujer del equipo\ndel presidente, a quien no le ha temblado la mano para despedir a compa\u00f1eras de\nsu gremio. A quienes en concierto con los cambios ha llamado corruptas. <\/p>\n\n\n\n<p class=\"wp-block-paragraph\">Bueno la pieza oficial es fant\u00e1stica. Se refiere a\nlos recursos para los Refugios para mujeres en situaci\u00f3n de violencia. Recursos\nque pasaron de la Secretar\u00eda de Salud a la de Bienestar, recursos aprobados por\nel Congreso en el Presupuesto, recursos peleados por los grupos de mujeres ante\nla emergencia de la violencia contra las mujeres y la urgencia de protegerlas a\nellas y a sus hijos e hijas. Recursos que no han entregado a los refugios que\nhoy atemperan lo que est\u00e1 sucediendo en el obligado y necesario encierro.<\/p>\n\n\n\n<p class=\"wp-block-paragraph\">Pues la nota, difundida como de Notimex por Carmen\nAristegui, aparentemente real, dice que \u201cAcuerdan recursos para mujeres\nviolentadas durante pandemia por COVID-19\u201d, o sea los mismos recursos. S\u00f3lo lo\nque sucede en ese hecho es que se acord\u00f3 desde la Secretar\u00eda de Hacienda que ya\nse pueden usar. Pero antes habr\u00e1 que pasar por un largo proceso. En 2019 los\nrecursos para los albergues se entregaron hasta noviembre y diciembre. No\nmiento si digo que una parte hasta 2020. <\/p>\n\n\n\n<p class=\"wp-block-paragraph\">Y luego afirma lo que no es verdad: \u201cLa C\u00e1mara de\nDiputados y el INMUJERES tambi\u00e9n establecieron la necesidad de contar con un\nsistema de denuncia de casos de cualquier tipo de violencia de g\u00e9nero durante\nla contingencia\u201d, cuando el sistema, tal vez imperfecto, es m\u00e1s lento, pero no\nnuevo o incapaz, pero no ahora, nos deben sus programas hace dos a\u00f1os y los de\nantes se quedaron cortos. Pero la Ley data de 2007, o sea de hace 13 a\u00f1os.<\/p>\n\n\n\n<p class=\"wp-block-paragraph\">Luego enga\u00f1an, dice que \u201cLa C\u00e1mara de Diputados y el\nInstituto Nacional de las Mujeres (INMUJERES) aprobaron que se destine durante\nla pandemia por COVID-19 y lo antes posible, los 405 millones de pesos que se\nautorizaron para este a\u00f1o a los refugios que atienden a las mujeres y ni\u00f1as\nviolentadas\u201d, no entend\u00ed por qu\u00e9 tendr\u00edan que actuar la C\u00e1mara y el INMUJERES,\nen un asunto de Hacienda y la Secretar\u00eda de Bienestar, a pesar de los esfuerzos\nde Gobernaci\u00f3n de manejarlos directamente. Los recursos para los albergues\nsiguen en peligro, de nada podemos dar las gracias. <\/p>\n\n\n\n<p class=\"wp-block-paragraph\">Es verdad que urgen. Las funcionarias estatales han\npedido verdaderas reasignaciones. Como ahora parecen urgentes medidas para proteger\na las mujeres embarazadas, tanto como lo urgente para atender al 80 por ciento\nde mujeres en el comercio informal. La tragedia es que en el presupuesto de\n2020 se cortaron hasta 75 por ciento de los recursos que feministas, diputadas\nfeministas \u2013algunas que hoy justifican esto-, v\u00edctimas y creadoras de los\nalbergues, Secretar\u00edas e Institutos de las mujeres lograron etiquetar en\ntiempos del neoliberalismo. Hoy se esfumaron.<\/p>\n\n\n\n<p class=\"wp-block-paragraph\">Aunque la nota dice que \u201cdiputadas federales que\nintegran el Grupo Plural para la Igualdad Sustantiva, encabezadas por la\npresidenta de la C\u00e1mara de Diputados, Laura Rojas, sostuvieron una\nteleconferencia con la presidenta del INMUJERES, Nadine Gasman, donde se urgi\u00f3\na destinar el presupuesto p\u00fablico para el cuidado de las mujeres y ni\u00f1as que\ndurante la emergencia por el coronavirus sean maltratadas.\u201d, colosal, en ese\ninstituto no hay presupuesto para atender a nadie. S\u00f3lo hace pol\u00edticas y por\nsupuesto tiene proyectos, pero para la cultura de transversalidad. <\/p>\n\n\n\n<p class=\"wp-block-paragraph\">&nbsp;El dinero\npara atender la violencia, hist\u00f3ricamente ha estado y est\u00e1 en la hoy Secretar\u00eda\nde Bienestar antes de Desarrollo Social, v\u00eda INDESOL, y el de los refugios,\nconsiderando a la violencia machista una enfermedad social desastrosa, siempre\nestuvieron en Salud. No extra\u00f1a que vaya ese recurso a Bienestar, lo que\nextra\u00f1a es la manipulaci\u00f3n de la informaci\u00f3n, la mentira y, finalmente, todav\u00eda\nhoy, el manoseo de un dinero que etiquet\u00f3 la C\u00e1mara de Diputados.<\/p>\n\n\n\n<p class=\"wp-block-paragraph\">Lamentablemente la pol\u00edtica p\u00fablica para parar la\nviolencia contra las mujeres es una quimera, es algo que para este gobierno no\nes prioridad y no existe, como antes existi\u00f3, la solidaridad en otras \u00e1reas\ngubernamentales, mujeres con poder que convenc\u00edan, argumentaban frente al\npresidente; negociaban con los secretarios de Estado; buscaban hacer presi\u00f3n,\nestaban en la agenda de las mujeres. Lamentablemente eso desapareci\u00f3 y no hay\nforma de cambiar la situaci\u00f3n.<\/p>\n\n\n\n<p class=\"wp-block-paragraph\">Es claro. La prioridad son los pobres, algunas\nmujeres reciben algo de los repartos presidenciales, finalmente son las pobres\nentre los pobres. No hay esperanza. Desde el primer d\u00eda lo dije, este r\u00e9gimen\nes ciego y sordo, cuando se trata de la mitad de la poblaci\u00f3n: las mujeres.\nTanto c\u00f3mo otros asuntos, incluso aquellos relacionados con la prioridad de las\nprioridades en este momento, conservar la vida y si es posible, el empleo. Veremos.<\/p>\n","protected":false},"excerpt":{"rendered":"<p>AMLO sin un \u00e1pice de la condici\u00f3n femenina<\/p>\n","protected":false},"author":3,"featured_media":9290,"comment_status":"open","ping_status":"open","sticky":false,"template":"","format":"standard","meta":{"_monsterinsights_skip_tracking":false,"footnotes":""},"categories":[691,95,69],"tags":[],"class_list":["post-19124","post","type-post","status-publish","format-standard","has-post-thumbnail","category-691","category-palabra-de-antigona","category-sara-lovera"],"_links":{"self":[{"href":"https:\/\/redsemlac.com\/semmexico\/wp-json\/wp\/v2\/posts\/19124","targetHints":{"allow":["GET"]}}],"collection":[{"href":"https:\/\/redsemlac.com\/semmexico\/wp-json\/wp\/v2\/posts"}],"about":[{"href":"https:\/\/redsemlac.com\/semmexico\/wp-json\/wp\/v2\/types\/post"}],"author":[{"embeddable":true,"href":"https:\/\/redsemlac.com\/semmexico\/wp-json\/wp\/v2\/users\/3"}],"replies":[{"embeddable":true,"href":"https:\/\/redsemlac.com\/semmexico\/wp-json\/wp\/v2\/comments?post=19124"}],"version-history":[{"count":0,"href":"https:\/\/redsemlac.com\/semmexico\/wp-json\/wp\/v2\/posts\/19124\/revisions"}],"wp:featuredmedia":[{"embeddable":true,"href":"https:\/\/redsemlac.com\/semmexico\/wp-json\/wp\/v2\/media\/9290"}],"wp:attachment":[{"href":"https:\/\/redsemlac.com\/semmexico\/wp-json\/wp\/v2\/media?parent=19124"}],"wp:term":[{"taxonomy":"category","embeddable":true,"href":"https:\/\/redsemlac.com\/semmexico\/wp-json\/wp\/v2\/categories?post=19124"},{"taxonomy":"post_tag","embeddable":true,"href":"https:\/\/redsemlac.com\/semmexico\/wp-json\/wp\/v2\/tags?post=19124"}],"curies":[{"name":"wp","href":"https:\/\/api.w.org\/{rel}","templated":true}]}}