{"id":19089,"date":"2020-04-06T22:31:40","date_gmt":"2020-04-06T22:31:40","guid":{"rendered":"https:\/\/redsemlac.com\/semmexico\/?p=19089"},"modified":"2023-07-21T15:23:51","modified_gmt":"2023-07-21T20:23:51","slug":"opinion-431","status":"publish","type":"post","link":"https:\/\/redsemlac.com\/semmexico\/opinion-431\/","title":{"rendered":"Eliminar aguinaldos y bajar salarios"},"content":{"rendered":"\n<h2 class=\"wp-block-heading\"><strong>Ninguna autoridad puede eliminar los aguinaldos o bajar salarios de los servidores p\u00fablicos nada m\u00e1s as\u00ed porque s\u00ed<\/strong><\/h2>\n\n\n\n<p class=\"wp-block-paragraph\"><strong>Manuel Fuentes<\/strong><\/p>\n\n\n\n<p class=\"wp-block-paragraph\">SemM\u00e9xico\/LaSillaRota, 6 de abril, 2020.- En su\ninforme trimestral realizado el cinco de abril en Palacio Nacional Andr\u00e9s\nManuel L\u00f3pez Obrador, en su car\u00e1cter de presidente de la Rep\u00fablica, anunci\u00f3:\n\u00ab&#8230;he hecho una consulta y hay un consenso: se bajar\u00e1n los sueldos de los\naltos funcionarios y se eliminar\u00e1n los aguinaldos desde el cargo de\nsubdirectores, hasta el presidente de la Rep\u00fablica&#8230;\u00bb<\/p>\n\n\n\n<p class=\"wp-block-paragraph\">Es sin duda una declaraci\u00f3n sorprendente porque\ntanto los salarios y aguinaldos de los servidores p\u00fablicos, de cualquier\nnaturaleza, tienen el car\u00e1cter de irrenunciables. Ninguna consulta o consenso\nas\u00ed sea firmado y juramentado por los servidores p\u00fablicos ante una autoridad\njudicial, un notario o ante el mismo presidente de la Rep\u00fablica tendr\u00e1n validez\nalguna. La norma constitucional est\u00e1 por encima de cualquier voluntad.<\/p>\n\n\n\n<p class=\"wp-block-paragraph\">El car\u00e1cter de irrenunciable de los sueldos y\naguinaldos de los servidores p\u00fablicos se insert\u00f3 en el art\u00edculo 127 de la\nConstituci\u00f3n Pol\u00edtica de los Estados Unidos Mexicanos precisamente para evitar\nque decisiones personales, no importando el rango de quien las determinara, pudieran\nanular o eliminar estos derechos elementales. <\/p>\n\n\n\n<p class=\"wp-block-paragraph\">El art\u00edculo en menci\u00f3n se\u00f1ala que los servidores\np\u00fablicos: \u00ab&#8230;recibir\u00e1n una remuneraci\u00f3n adecuada e irrenunciable por el\ndesempe\u00f1o de su funci\u00f3n, empleo, cargo o comisi\u00f3n, que deber\u00e1 ser proporcional\na sus responsabilidades.\u00bb<\/p>\n\n\n\n<p class=\"wp-block-paragraph\">Esa misma disposici\u00f3n constitucional se\u00f1ala que:\n\u00abI. Se considera remuneraci\u00f3n o retribuci\u00f3n toda percepci\u00f3n en efectivo o\nen especie, incluyendo dietas, aguinaldos, gratificaciones&#8230;\u00bb<\/p>\n\n\n\n<p class=\"wp-block-paragraph\">Esta garant\u00eda de protecci\u00f3n se otorga a los servidores\np\u00fablicos de cualquier rango, no importa que sean de car\u00e1cter federal, estatal\n(incluyendo a la Ciudad de M\u00e9xico), municipal, Alcald\u00edas, empresas\nparaestatales, organismos descentralizados, fideicomisos p\u00fablicos (los que\nsubsistan), instituciones y organismos aut\u00f3nomos.<\/p>\n\n\n\n<p class=\"wp-block-paragraph\">La medida anunciada y la forma como se pretende\nllevar a cabo es preocupante porque tanto los salarios como los aguinaldos no\nson privilegios o canonj\u00edas, se trata de derechos que forman parte de la\nesencia de una retribuci\u00f3n en el trabajo. El aguinaldo incluso forma parte del\nsalario por lo que no se puede \u00abeliminar\u00bb de forma alguna.<\/p>\n\n\n\n<p class=\"wp-block-paragraph\">Es un precedente negativo que est\u00e1 enviando al resto\nde los empleadores y otros gobernantes que los salarios se pueden bajar y los\naguinaldos se pueden eliminar a contentillo de \u00e9stos.<\/p>\n\n\n\n<p class=\"wp-block-paragraph\">Los empleados de confianza carecen de toda garant\u00eda\nde estabilidad en el empleo y estos pueden ser separados cuando as\u00ed convenga a\nsus superiores otorg\u00e1ndoles \u00fanicamente, de acuerdo con la fracci\u00f3n XIV apartado\nB del art\u00edculo 123 Constitucional de \u00ab&#8230;medidas de protecci\u00f3n al salario\ny (&#8230;) beneficios de la seguridad social\u00bb. Esta disposici\u00f3n se replica en\ntodas las normatividades estatales para proteger al menos estos dos tipos de\nderechos.<\/p>\n\n\n\n<p class=\"wp-block-paragraph\">Estos servidores p\u00fablicos a los que se les pretende\naplicar esta medida unilateral carecen de un horario de trabajo con un m\u00e1ximo\nde ocho horas diarias, generalmente llegan a laborar de doce a catorce horas al\nd\u00eda sin pago alguno adicional. Se pueden ir hasta que su jefe se va o tienen\nque hacer guardia en ausencia de \u00e9l.<\/p>\n\n\n\n<p class=\"wp-block-paragraph\">Esta determinaci\u00f3n afectar\u00eda a m\u00e1s de 9 mil 862\nservidores p\u00fablicos, de acuerdo con datos de la p\u00e1gina oficial de la Secretar\u00eda\nde Hacienda y Cr\u00e9dito P\u00fablico, sin contar a jefes de departamento, a organismos\ndescentralizados y aut\u00f3nomos, ni integrantes de la Marina y del Ej\u00e9rcito, \u00e9stos\n\u00faltimos que no se sabe si estar\u00e1n exentos de esta medida.<\/p>\n\n\n\n<p class=\"wp-block-paragraph\">El n\u00famero de afectados podr\u00eda crecer al tener un\nefecto de \u00abr\u00e9plica\u00bb en varias entidades de la Rep\u00fablica, incluyendo a\nla Ciudad de M\u00e9xico.<\/p>\n\n\n\n<p class=\"wp-block-paragraph\">La medida que pretende llevar a cabo el presidente\nde la Rep\u00fablica se entiende, pero no se comprende porque debe ante todo\nrespetar los derechos laborales de los trabajadores por su protecci\u00f3n\nconstitucional, no importando el rango que tengan.<\/p>\n\n\n\n<p class=\"wp-block-paragraph\">Ninguna autoridad puede eliminar, a\u00fan bajo la\naceptaci\u00f3n expresa del afectado, los aguinaldos o bajar salarios de los\nservidores p\u00fablicos nada m\u00e1s as\u00ed porque s\u00ed. Ellos deben recibir sus\npercepciones en su cuenta bancaria o en cheque y entonces ellos, ya en posesi\u00f3n\nde sus recursos, disponer voluntariamente si deciden donar la totalidad de su\naguinaldo o parte de \u00e9l o devolver parte de su salario. La negativa de ellos no\npuede ser motivo de represalia.<\/p>\n\n\n\n<p class=\"wp-block-paragraph\">Ejemplo de ello fue lo dispuesto por Claudia\nSheinbaum que como Jefa de Gobierno de la Ciudad de M\u00e9xico anunci\u00f3 su voluntad\nde ceder dos meses de su salario ante la situaci\u00f3n de emergencia que se vive en\nel pa\u00eds por el incremento de las necesidades m\u00e9dicas que se requieren para\nhacer frente a la pandemia; otros funcionarios de su gabinete han empezado a\nseguir su ejemplo. Esta manera de hacerlo no violenta ninguna disposici\u00f3n\nconstitucional y por el contrario es una muestra de su nobleza como\nfuncionaria.<\/p>\n\n\n\n<p class=\"wp-block-paragraph\">Es posible que el titular del ejecutivo no haya\nconsultado a su equipo jur\u00eddico al redactar esta medida que atenta contra los\nderechos laborales de los servidores p\u00fablicos y deber\u00e1 rectificar. Una acci\u00f3n\nllevada as\u00ed se convierte en un mal ejemplo al violentar el principio de\nprogresividad, que ya en los hechos aplican miles de patrones de manera\narbitraria y que tienen ahora en sus manos la justificaci\u00f3n a sus acciones\nmalintencionadas.<\/p>\n\n\n\n<p class=\"wp-block-paragraph\">En estos tiempos de crisis pand\u00e9mica y econ\u00f3mica,\nlos derechos laborales de los trabajadores est\u00e1n en vilo, no permitamos ni\naceptemos se reduzcan o desaparezcan, a pesar de que se anuncien desde un\nestrado presidencial.<\/p>\n","protected":false},"excerpt":{"rendered":"<p> Ninguna autoridad puede eliminar los aguinaldos o bajar salarios de los servidores p\u00fablicos nada m\u00e1s as\u00ed porque s\u00ed<\/p>\n","protected":false},"author":3,"featured_media":19090,"comment_status":"open","ping_status":"open","sticky":false,"template":"","format":"standard","meta":{"_monsterinsights_skip_tracking":false,"footnotes":""},"categories":[691,82,110],"tags":[],"class_list":["post-19089","post","type-post","status-publish","format-standard","has-post-thumbnail","category-691","category-la-opinion","category-la-opinion-columnas"],"_links":{"self":[{"href":"https:\/\/redsemlac.com\/semmexico\/wp-json\/wp\/v2\/posts\/19089","targetHints":{"allow":["GET"]}}],"collection":[{"href":"https:\/\/redsemlac.com\/semmexico\/wp-json\/wp\/v2\/posts"}],"about":[{"href":"https:\/\/redsemlac.com\/semmexico\/wp-json\/wp\/v2\/types\/post"}],"author":[{"embeddable":true,"href":"https:\/\/redsemlac.com\/semmexico\/wp-json\/wp\/v2\/users\/3"}],"replies":[{"embeddable":true,"href":"https:\/\/redsemlac.com\/semmexico\/wp-json\/wp\/v2\/comments?post=19089"}],"version-history":[{"count":0,"href":"https:\/\/redsemlac.com\/semmexico\/wp-json\/wp\/v2\/posts\/19089\/revisions"}],"wp:featuredmedia":[{"embeddable":true,"href":"https:\/\/redsemlac.com\/semmexico\/wp-json\/wp\/v2\/media\/19090"}],"wp:attachment":[{"href":"https:\/\/redsemlac.com\/semmexico\/wp-json\/wp\/v2\/media?parent=19089"}],"wp:term":[{"taxonomy":"category","embeddable":true,"href":"https:\/\/redsemlac.com\/semmexico\/wp-json\/wp\/v2\/categories?post=19089"},{"taxonomy":"post_tag","embeddable":true,"href":"https:\/\/redsemlac.com\/semmexico\/wp-json\/wp\/v2\/tags?post=19089"}],"curies":[{"name":"wp","href":"https:\/\/api.w.org\/{rel}","templated":true}]}}