{"id":19041,"date":"2020-04-04T00:14:19","date_gmt":"2020-04-04T00:14:19","guid":{"rendered":"https:\/\/redsemlac.com\/semmexico\/?p=19041"},"modified":"2023-07-21T15:23:52","modified_gmt":"2023-07-21T20:23:52","slug":"mujeres-en-america-latina-requieren-apoyo-robusto-e-inmediato-ante-el-covid-19-cim-oea-y-mesecvi","status":"publish","type":"post","link":"https:\/\/redsemlac.com\/semmexico\/mujeres-en-america-latina-requieren-apoyo-robusto-e-inmediato-ante-el-covid-19-cim-oea-y-mesecvi\/","title":{"rendered":"Mujeres en Am\u00e9rica Latina requieren apoyo robusto e inmediato ante el COVID-19: CIM\/OEA y MESECVI"},"content":{"rendered":"\n<p class=\"wp-block-paragraph\"><strong>Elda Montiel\u00a0<\/strong><\/p>\n\n\n\n<p class=\"wp-block-paragraph\">SemM\u00e9xico. Washington DC, 3 de abril de 2020.\u2013\u00a0La situaci\u00f3n de las mujeres en\u00a0Am\u00e9rica Latina y el Caribe\u00a0requieren de acciones afirmativas capaces de garantizar sus derechos humanos en tiempos\u00a0de COVID\u00a0-19\u00a0acordaron las\u00a0Ministras de la Mujer y Altas Autoridades de G\u00e9nero, reunidas virtualmente.<\/p>\n\n\n\n<p class=\"wp-block-paragraph\">Asimismo, se acord\u00f3 identificar acciones y demandas concretas de\u00a0los Mecanismos para el Adelanto de las Mujeres (MAMS)\u00a0para prevenir y atender el potencial incremento en el n\u00famero de casos y la frecuencia e intensidad de la violencia contra la mujer en Am\u00e9rica Latina y el Caribe en el contexto del COVID-19.\u00a0<\/p>\n\n\n\n<p class=\"wp-block-paragraph\">Convocadas por la&nbsp;Comisi\u00f3n Interamericana de Mujeres (CIM) de la Organizaci\u00f3n de Estados Americanos (OEA) y el Banco Interamericano de Desarrollo (BID), las ministras intercambiaron las experiencias y los&nbsp;desaf\u00edos&nbsp;generados por la crisis sanitaria como son&nbsp;el aumento y el riesgo de violencia contras las mujeres debido al confinamiento; la importancia del dise\u00f1o de medidas de mitigaci\u00f3n con enfoque de g\u00e9nero; y la necesidad del reparto equitativo de las responsabilidades en el hogar.&nbsp;<\/p>\n\n\n\n<p class=\"wp-block-paragraph\">La CIM y el&nbsp;Mecanismo de Seguimiento de la Convenci\u00f3n de Bel\u00e9m do Par\u00e1 (MESECVI)&nbsp;para atender la violencia contra las mujeres&nbsp;elaborar\u00e1n l\u00edneas estrat\u00e9gicas para coadyuvar a minimizar el impacto diferenciado que viven las mujeres y disminuir los efectos del COVID-19, adem\u00e1s de establecer principios generales para la garant\u00eda de los derechos humanos de las mujeres y las ni\u00f1as en el marco de las medidas sanitarias.<\/p>\n\n\n\n<p class=\"wp-block-paragraph\">Adem\u00e1s de elaborar un repositorio de buenas pr\u00e1cticas, continuar el di\u00e1logo pol\u00edtico para fortalecer el rol de las Ministras y promover el dise\u00f1o de pol\u00edticas p\u00fablicas con enfoque de g\u00e9nero.&nbsp;<\/p>\n\n\n\n<p class=\"wp-block-paragraph\">En este contexto el BID ofreci\u00f3 asistencia t\u00e9cnica, difusi\u00f3n de material comunicacional para enfrentar la violencia contra las mujeres y asesor\u00eda estrat\u00e9gica para dar visibilidad a las necesidades de las mujeres y las ni\u00f1as ante las autoridades.<\/p>\n\n\n\n<p class=\"wp-block-paragraph\">La&nbsp;Presidenta de la CIM\/OEA y Ministra de la Mujer de la Rep\u00fablica Dominicana, Janet Camilo&nbsp;manifest\u00f3 que unen esfuerzos colectivos para ofrecer un apoyo robusto e inmediato para enfrentar las necesidades diferenciadas de las mujeres en tiempos del COVID 19.<\/p>\n\n\n\n<p class=\"wp-block-paragraph\">Mientras que&nbsp;Alejandra Mora&nbsp;Mora, Secretaria Ejecutiva de la CIM\/OEA,&nbsp;destac\u00f3&nbsp;que es indispensable atender con pol\u00edticas p\u00fablicas que apunten a promover la&nbsp;corresponsabilidad del cuidado, la salud integral de las mujeres y garantizar su derecho a vivir libres de violencia\u201d.<\/p>\n\n\n\n<p class=\"wp-block-paragraph\">Mar\u00eda&nbsp;Caridad Araujo, Jefa de la Divisi\u00f3n de G\u00e9nero y Diversidad del BID afirm\u00f3 que&nbsp;no se debe&nbsp;perder de vista que los efectos de esta crisis van a distribuirse de manera desigual en nuestras comunidades y afectar\u00e1n de manera desproporcionada a las mujeres.&nbsp;<\/p>\n\n\n\n<p class=\"wp-block-paragraph\">En el evento virtual\u00a0se\u00a0cont\u00f3 tambi\u00e9n con la participaci\u00f3n de Luis Almagro, Secretario General de la OEA, qui\u00e9n destac\u00f3 la importancia del multilateralismo y el trabajo colectivo para facilitar y coadyuvar con los Estados Miembros del sistema interamericano en un tema tan relevante.<\/p>\n\n\n\n<p class=\"wp-block-paragraph\">Participaron tambi\u00e9n&nbsp;Marcelo&nbsp;Cabrol, Gerente del Sector Social del BID; representantes de los Estados Miembros de la OEA;&nbsp;y&nbsp;equipos t\u00e9cnicos de los Ministerios, entre otros.&nbsp;<\/p>\n\n\n\n<p class=\"wp-block-paragraph\">Cabe se\u00f1alar que<em>&nbsp;<\/em>la Comisi\u00f3n Interamericana de Mujeres de la OEA, creado&nbsp;<em>en&nbsp;<\/em>1928, es<em>&nbsp;el<\/em>&nbsp;principal foro pol\u00edtico de la regi\u00f3n para el reconocimiento de los derechos humanos de las mujeres y la igualdad de g\u00e9nero.&nbsp;<\/p>\n\n\n\n<p class=\"wp-block-paragraph\">Mientras que el BID, fundado en 1959&nbsp;es una de las principales fuentes de financiamiento a largo plazo para el desarrollo econ\u00f3mico, social e institucional de Am\u00e9rica Latina y el Caribe.&nbsp;Adem\u00e1s,&nbsp;realiza proyectos de investigaci\u00f3n de vanguardia y ofrece asesor\u00eda sobre pol\u00edticas, asistencia t\u00e9cnica y capacitaci\u00f3n a clientes p\u00fablicos y privados en toda la regi\u00f3n.<\/p>\n","protected":false},"excerpt":{"rendered":"<p>Se acord\u00f3 identificar acciones y demandas concretas de los Mecanismos para el Adelanto de las Mujeres (MAMS) para prevenir y atender el potencial incremento en el n\u00famero de casos y la frecuencia e intensidad de la violencia contra la mujer en Am\u00e9rica Latina y el Caribe en el contexto del COVID-19. <\/p>\n","protected":false},"author":3,"featured_media":19042,"comment_status":"open","ping_status":"open","sticky":false,"template":"","format":"standard","meta":{"_monsterinsights_skip_tracking":false,"footnotes":""},"categories":[691,135],"tags":[],"class_list":["post-19041","post","type-post","status-publish","format-standard","has-post-thumbnail","category-691","category-emergencia-sanitaria-covid-19"],"_links":{"self":[{"href":"https:\/\/redsemlac.com\/semmexico\/wp-json\/wp\/v2\/posts\/19041","targetHints":{"allow":["GET"]}}],"collection":[{"href":"https:\/\/redsemlac.com\/semmexico\/wp-json\/wp\/v2\/posts"}],"about":[{"href":"https:\/\/redsemlac.com\/semmexico\/wp-json\/wp\/v2\/types\/post"}],"author":[{"embeddable":true,"href":"https:\/\/redsemlac.com\/semmexico\/wp-json\/wp\/v2\/users\/3"}],"replies":[{"embeddable":true,"href":"https:\/\/redsemlac.com\/semmexico\/wp-json\/wp\/v2\/comments?post=19041"}],"version-history":[{"count":0,"href":"https:\/\/redsemlac.com\/semmexico\/wp-json\/wp\/v2\/posts\/19041\/revisions"}],"wp:featuredmedia":[{"embeddable":true,"href":"https:\/\/redsemlac.com\/semmexico\/wp-json\/wp\/v2\/media\/19042"}],"wp:attachment":[{"href":"https:\/\/redsemlac.com\/semmexico\/wp-json\/wp\/v2\/media?parent=19041"}],"wp:term":[{"taxonomy":"category","embeddable":true,"href":"https:\/\/redsemlac.com\/semmexico\/wp-json\/wp\/v2\/categories?post=19041"},{"taxonomy":"post_tag","embeddable":true,"href":"https:\/\/redsemlac.com\/semmexico\/wp-json\/wp\/v2\/tags?post=19041"}],"curies":[{"name":"wp","href":"https:\/\/api.w.org\/{rel}","templated":true}]}}