{"id":19029,"date":"2020-04-03T18:49:12","date_gmt":"2020-04-03T18:49:12","guid":{"rendered":"https:\/\/redsemlac.com\/semmexico\/?p=19029"},"modified":"2023-07-21T15:23:52","modified_gmt":"2023-07-21T20:23:52","slug":"las-clinicas-de-interrupcion-voluntaria-del-embarazo-siguen-funcionando","status":"publish","type":"post","link":"https:\/\/redsemlac.com\/semmexico\/las-clinicas-de-interrupcion-voluntaria-del-embarazo-siguen-funcionando\/","title":{"rendered":"Las cl\u00ednicas de interrupci\u00f3n voluntaria del embarazo siguen funcionando"},"content":{"rendered":"\n<p class=\"wp-block-paragraph\"><strong>Por Luc\u00eda Cort\u00e9s<\/strong><\/p>\n\n\n\n<p class=\"wp-block-paragraph\">SemM\u00e9xico\/AmecoPress. Madrid, 03 abril 2020. \u2013 Mientras dure la situaci\u00f3n de confinamiento derivada de la crisis sanitaria, las cl\u00ednicas de interrupci\u00f3n voluntaria del embarazo (IVE) siguen manteniendo su actividad al ser consideradas una prestaci\u00f3n esencial.<\/p>\n\n\n\n<p class=\"wp-block-paragraph\">As\u00ed lo reconoce la Organizaci\u00f3n Mundial de la Salud y por lo tanto no se les aplican las restricciones del Estado de Alarma que s\u00ed mantiene cerrados otros centros. Este recurso sigue garantizado a d\u00eda de hoy tanto desde la derivaci\u00f3n p\u00fablica como desde los centros acreditados. Esto se debe a que el aborto es una prestaci\u00f3n sanitaria p\u00fablica de urgencia que no puede posponerse.<\/p>\n\n\n\n<p class=\"wp-block-paragraph\">La Asociaci\u00f3n de Cl\u00ednicas Acreditadas para la Interrupci\u00f3n del Embarazo (ACAI) ha informado a trav\u00e9s de un comunicado de que las plantillas de los centros acreditados siguen trabajando siguiendo todas las recomendaciones y protocolos de seguridad establecidos por el Ministerio de Sanidad. Utilizan equipos de protecci\u00f3n individual, se est\u00e1n espaciando las citas para reducir la presencia simult\u00e1nea en los mismos espacios y se reduce la presencia de acompa\u00f1antes. Al mismo tiempo, y para facilitar la movilidad de las mujeres y el personal m\u00e9dico y sanitario, se han elaborado documentos v\u00e1lidos jur\u00eddicamente que justifican sus desplazamientos.<\/p>\n\n\n\n<p class=\"wp-block-paragraph\">En relaci\u00f3n al n\u00famero de abortos provocados realizados desde la declaraci\u00f3n del Estado de Alarma, se\u00f1alan que se mantiene estable comparado con la primera quincena de marzo. Aunque s\u00ed han observado una ligera disminuci\u00f3n en la asistencia a las cl\u00ednicas que se encuentran en la Comunidad de Madrid, entre un 15 y un 20%. Esto puede ser debido al desconocimiento de que siguen en funcionamiento o a dificultades familiares por la situaci\u00f3n de confinamiento que merma la intimidad de las mujeres.<\/p>\n\n\n\n<p class=\"wp-block-paragraph\">Eva Rodr\u00edguez, vicepresidenta de ACAI, en declaraciones a AmecoPress ha se\u00f1alado que \u201cestamos intentado que el Gobierno o a las comunidades aut\u00f3nomas decreten como una excepci\u00f3n temporal en la que esta consulta pueda hacerse de forma telem\u00e1tica como se est\u00e1 haciendo con otras cosas, ya sea por correo electr\u00f3nico, por tel\u00e9fono, por videoconferencia\u2026\u201d<\/p>\n","protected":false},"excerpt":{"rendered":"<p>La Asociaci\u00f3n de Cl\u00ednicas Acreditadas para la Interrupci\u00f3n del Embarazo (ACAI) ha informado a trav\u00e9s de un comunicado de que las plantillas de los centros acreditados siguen trabajando siguiendo todas las recomendaciones y protocolos <\/p>\n","protected":false},"author":3,"featured_media":19030,"comment_status":"open","ping_status":"open","sticky":false,"template":"","format":"standard","meta":{"_monsterinsights_skip_tracking":false,"footnotes":""},"categories":[691,53],"tags":[],"class_list":["post-19029","post","type-post","status-publish","format-standard","has-post-thumbnail","category-691","category-internacional"],"_links":{"self":[{"href":"https:\/\/redsemlac.com\/semmexico\/wp-json\/wp\/v2\/posts\/19029","targetHints":{"allow":["GET"]}}],"collection":[{"href":"https:\/\/redsemlac.com\/semmexico\/wp-json\/wp\/v2\/posts"}],"about":[{"href":"https:\/\/redsemlac.com\/semmexico\/wp-json\/wp\/v2\/types\/post"}],"author":[{"embeddable":true,"href":"https:\/\/redsemlac.com\/semmexico\/wp-json\/wp\/v2\/users\/3"}],"replies":[{"embeddable":true,"href":"https:\/\/redsemlac.com\/semmexico\/wp-json\/wp\/v2\/comments?post=19029"}],"version-history":[{"count":0,"href":"https:\/\/redsemlac.com\/semmexico\/wp-json\/wp\/v2\/posts\/19029\/revisions"}],"wp:featuredmedia":[{"embeddable":true,"href":"https:\/\/redsemlac.com\/semmexico\/wp-json\/wp\/v2\/media\/19030"}],"wp:attachment":[{"href":"https:\/\/redsemlac.com\/semmexico\/wp-json\/wp\/v2\/media?parent=19029"}],"wp:term":[{"taxonomy":"category","embeddable":true,"href":"https:\/\/redsemlac.com\/semmexico\/wp-json\/wp\/v2\/categories?post=19029"},{"taxonomy":"post_tag","embeddable":true,"href":"https:\/\/redsemlac.com\/semmexico\/wp-json\/wp\/v2\/tags?post=19029"}],"curies":[{"name":"wp","href":"https:\/\/api.w.org\/{rel}","templated":true}]}}