{"id":18964,"date":"2020-04-01T22:26:28","date_gmt":"2020-04-01T22:26:28","guid":{"rendered":"https:\/\/redsemlac.com\/semmexico\/?p=18964"},"modified":"2023-07-21T15:23:24","modified_gmt":"2023-07-21T20:23:24","slug":"patricia-mercado-propone-medidas-para-contener-desempleo-falta-de-salario-y-situacion-de-violencia-a-causa-del-covid-19","status":"publish","type":"post","link":"https:\/\/redsemlac.com\/semmexico\/patricia-mercado-propone-medidas-para-contener-desempleo-falta-de-salario-y-situacion-de-violencia-a-causa-del-covid-19\/","title":{"rendered":"Patricia Mercado propone medidas para contener desempleo, falta de salario y situaci\u00f3n de violencia a causa del COVID-19"},"content":{"rendered":"\n<ul class=\"wp-block-list\"><li><strong>Que se ejecuten en el Gobierno Federal pol\u00edticas p\u00fablicas con perspectiva de g\u00e9nero, abrir albergues y refugios para mujeres, ni\u00f1as, ni\u00f1os y adolescentes en situaci\u00f3n de violencia.<\/strong><\/li><\/ul>\n\n\n\n<ul class=\"wp-block-list\"><li>\u00a0<strong>Es un Punto de Acuerdo que busca salvaguardar los derechos laborales de las personas trabajadoras del hogar y quienes est\u00e1n en la econom\u00eda informal.<\/strong><\/li><\/ul>\n\n\n\n<p class=\"wp-block-paragraph\">\u00a0<strong>Redacci\u00f3n<\/strong><\/p>\n\n\n\n<p class=\"wp-block-paragraph\">SemM\u00e9xico. Ciudad de M\u00e9xico. 01 de abril 2020.- Ante las consecuencias inesperadas que ha tra\u00eddo consigo la pandemia del COVID-19, la senadora Patricia Mercado propuso un Punto de Acuerdo para dar seguimiento a la emergencia sanitaria y exhortar a las Secretar\u00edas de Trabajo y Previsi\u00f3n Social; de Econom\u00eda y de Hacienda y Cr\u00e9dito P\u00fablico, as\u00ed como al Gobierno Federal y al Consejo de Salubridad General, para ejecutar medidas de protecci\u00f3n en materia de conservaci\u00f3n del empleo, pago puntual de salarios y servicios de asistencia.\u00a0<\/p>\n\n\n\n<p class=\"wp-block-paragraph\">El Punto de Acuerdo, turnado al grupo de trabajo para dar seguimiento a la emergencia por el Covid-19 del Senado de la Rep\u00fablica, se\u00f1ala la necesidad de adoptar pol\u00edticas integrales y articuladas, pues las medidas de distanciamiento social, aislamiento y limitaci\u00f3n de la movilidad tienen severas implicaciones laborales. Asimismo, la incertidumbre sobre la gravedad y la duraci\u00f3n de la contingencia pueden ocasionar p\u00e9rdidas de inversiones e inestabilidad en el empleo.<\/p>\n\n\n\n<p class=\"wp-block-paragraph\">La senadora ciudadana propone, fundamentalmente:<\/p>\n\n\n\n<ul class=\"wp-block-list\"><li>Que el Senado de la Rep\u00fablica exhorte a la Secretar\u00eda del Trabajo y Previsi\u00f3n Social, as\u00ed como a sus equivalentes en las 32 entidades federativas, a salvaguardar derechos laborales de todas las personas trabajadoras, principalmente para mujeres que realizan labores de cuidado y dom\u00e9sticas, as\u00ed como el no despido y el pago oportuno de salarios.<\/li><\/ul>\n\n\n\n<ul class=\"wp-block-list\"><li>Que el Gobierno Federal y gobiernos estatales implementen pol\u00edticas p\u00fablicas con perspectiva de g\u00e9nero que salvaguarden los derechos de ni\u00f1as, ni\u00f1os, adolescentes y mujeres en situaci\u00f3n de violencia, consistentes en el establecimiento de albergues y refugios dignos, as\u00ed como garantizarles el acceso a servicios de salud, sin importar situaci\u00f3n laboral, ni derechohabiencia.<\/li><\/ul>\n\n\n\n<ul class=\"wp-block-list\"><li>Que se emita una Declaraci\u00f3n de Contingencia (necesaria para aplicar la Ley Federal del Trabajo en casos de suspensi\u00f3n de actividades), de la misma forma conmina al sector privado a no hacer despidos masivos.<\/li><\/ul>\n\n\n\n<ul class=\"wp-block-list\"><li>Que las Secretar\u00edas de Trabajo y Previsi\u00f3n Social, de Econom\u00eda y de Hacienda y Cr\u00e9dito P\u00fablico, dise\u00f1en e implementen un plan emergente que consista en el establecimiento de un fondo que garantice, cuando menos, el pago de un salario m\u00ednimo diario a aquellas personas que se encuentran bajo esquemas laborales precarios, tal es el caso de las personas trabajadoras del hogar y quienes est\u00e1n en la econom\u00eda informal.<\/li><\/ul>\n","protected":false},"excerpt":{"rendered":"<p>Que se ejecuten en el Gobierno Federal pol\u00edticas p\u00fablicas con perspectiva de g\u00e9nero, abrir albergues y refugios para mujeres, ni\u00f1as, ni\u00f1os y adolescentes en situaci\u00f3n de violencia.<\/p>\n","protected":false},"author":3,"featured_media":18965,"comment_status":"open","ping_status":"open","sticky":false,"template":"","format":"standard","meta":{"_monsterinsights_skip_tracking":false,"footnotes":""},"categories":[691,50],"tags":[],"class_list":["post-18964","post","type-post","status-publish","format-standard","has-post-thumbnail","category-691","category-congreso"],"_links":{"self":[{"href":"https:\/\/redsemlac.com\/semmexico\/wp-json\/wp\/v2\/posts\/18964","targetHints":{"allow":["GET"]}}],"collection":[{"href":"https:\/\/redsemlac.com\/semmexico\/wp-json\/wp\/v2\/posts"}],"about":[{"href":"https:\/\/redsemlac.com\/semmexico\/wp-json\/wp\/v2\/types\/post"}],"author":[{"embeddable":true,"href":"https:\/\/redsemlac.com\/semmexico\/wp-json\/wp\/v2\/users\/3"}],"replies":[{"embeddable":true,"href":"https:\/\/redsemlac.com\/semmexico\/wp-json\/wp\/v2\/comments?post=18964"}],"version-history":[{"count":0,"href":"https:\/\/redsemlac.com\/semmexico\/wp-json\/wp\/v2\/posts\/18964\/revisions"}],"wp:featuredmedia":[{"embeddable":true,"href":"https:\/\/redsemlac.com\/semmexico\/wp-json\/wp\/v2\/media\/18965"}],"wp:attachment":[{"href":"https:\/\/redsemlac.com\/semmexico\/wp-json\/wp\/v2\/media?parent=18964"}],"wp:term":[{"taxonomy":"category","embeddable":true,"href":"https:\/\/redsemlac.com\/semmexico\/wp-json\/wp\/v2\/categories?post=18964"},{"taxonomy":"post_tag","embeddable":true,"href":"https:\/\/redsemlac.com\/semmexico\/wp-json\/wp\/v2\/tags?post=18964"}],"curies":[{"name":"wp","href":"https:\/\/api.w.org\/{rel}","templated":true}]}}